{"id":26286,"date":"2010-10-08T16:42:14","date_gmt":"2010-10-08T13:42:14","guid":{"rendered":"http:\/\/www.korhanyilmaz.com\/?p=26286"},"modified":"2010-10-08T16:42:14","modified_gmt":"2010-10-08T13:42:14","slug":"cihaner-erbile-sorusturma-acti","status":"publish","type":"post","link":"http:\/\/www.korhanyilmaz.com\/?p=26286","title":{"rendered":"Cihaner, Erbil&#8217;e soru\u015fturma a\u00e7t\u0131"},"content":{"rendered":"<p style=\"text-align: center;\"><a href=\"http:\/\/www.korhanyilmaz.com\/wp-content\/uploads\/2010\/10\/067.jpeg\"  class=\"lightview\"><img loading=\"lazy\" decoding=\"async\" class=\"aligncenter size-full wp-image-26287\" src=\"http:\/\/www.korhanyilmaz.com\/wp-content\/uploads\/2010\/10\/067.jpeg\" alt=\"\" width=\"360\" height=\"239\" \/><\/a><\/p>\n<p style=\"text-align: justify;\">\u00c7ark\u0131felek program\u0131nda 6 Ekim ak\u015fam\u0131 Erzincan&#8217;dan ger\u00e7ekle\u015ftirilen canl\u0131 yay\u0131n s\u0131ras\u0131nda &#8220;Onlar mum s\u00f6nd\u00fc m\u00fc oynuyorlar, ne yap\u0131yorlar?&#8221; diyen Mehmet Ali Erbil, hakk\u0131nda Erzincan Cumhuriyet Ba\u015fsavc\u0131s\u0131 \u0130lhan Cihaner, soru\u015fturma a\u00e7t\u0131. <!--more--><\/p>\n<p style=\"text-align: justify;\">ERZ\u0130NCAN\/\u0130ZM\u0130R &#8211; 6 Ekim gecesi Erzincan&#8217;a canl\u0131 olarak ba\u011flan\u0131ld\u0131\u011f\u0131 s\u0131rada Mehmet Ali Erbil, Onlar mum s\u00f6nd\u00fc m\u00fc oynuyorlar, ne yap\u0131yorlar?&#8221; demi\u015fti. Star TV&#8217;nin bunun \u00fczerine yay\u0131ndan kald\u0131rd\u0131\u011f\u0131 \u00c7ark\u0131felek program\u0131n\u0131n sunucusu Mehmet Ali Erbil hakk\u0131nda Cumhuriyet Ba\u015fsavc\u0131s\u0131 \u0130lhan Cihaner, soru\u015fturma ba\u015flatt\u0131. TCK&#8217;n\u0131n 216 \/ 2&#8217;nci maddesi gere\u011fince halk\u0131n bir kesimini sosyal s\u0131n\u0131f, \u0131rk, din, mezhep, cinsiyet ve b\u00f6lge farkl\u0131l\u0131\u011f\u0131na dayanarak alelen a\u015fa\u011f\u0131lama su\u00e7undan resen soru\u015fturma a\u00e7t\u0131\u011f\u0131n\u0131 ifade eden Ba\u015fsavc\u0131 Cihaner, Mehmet Ali Erbil hakk\u0131nda 6 aydan 1 y\u0131la kadar hapis cezas\u0131 istenece\u011fini bildirdi.<\/p>\n<p style=\"text-align: justify;\"><strong>SU\u00c7 DUYURUSU<\/strong><\/p>\n<p style=\"text-align: justify;\">\u0130zmir&#8217;in Alia\u011fa il\u00e7esinde bir grup vatanda\u015f, Mehmet Ali Erbil hakk\u0131nda su\u00e7 duyurusunda bulundu. Alia\u011fa Adliyesi \u00f6n\u00fcnde toplanan ve aralar\u0131nda Alevi dernekleri temsilcilerinin de bulundu\u011fu 30 ki\u015filik grup, bas\u0131n a\u00e7\u0131klamas\u0131 yaparak, Erbil&#8217;i protesto etti.<\/p>\n<p style=\"text-align: justify;\">A\u00e7\u0131klamada Erbil&#8217;in bir televizyon program\u0131nda, bir inan\u00e7 kesimine y\u00f6nelik sarf etti\u011fi s\u00f6zlerin derin \u00fcz\u00fcnt\u00fc yaratt\u0131\u011f\u0131, sunucunun daha \u00f6nce de Alevi inanc\u0131na y\u00f6nelik olumsuz s\u00f6yleminin bulundu\u011fu savunularak, \u015fu ifadelere yer verildi: &#8216;Bu nedenle bu \u015fahs\u0131n \u00f6zr\u00fcn\u00fc hi\u00e7bir \u015fekilde samimi bulmad\u0131\u011f\u0131m\u0131z\u0131n t\u00fcm kamuoyu taraf\u0131ndan bilinmesini isteriz. Biz Mehmet Ali Erbil tarz\u0131 zihniyetlerin televizyon programlar\u0131nda inan\u00e7lar\u0131m\u0131z\u0131 a\u015fa\u011f\u0131lay\u0131c\u0131 s\u00f6ylemlerde bulunup sonras\u0131nda \u015fovmence \u00f6z\u00fcr dilemelerine al\u0131\u015fk\u0131n\u0131z. \u015eahs\u0131n bu s\u00f6ylemi su\u00e7 olu\u015fturmakta olup, adli makamlarca gerekli soru\u015fturmalar\u0131n ba\u015flat\u0131lmas\u0131 i\u00e7in bug\u00fcn buradan su\u00e7 duyurusunda bulunuyoruz.&#8217;<\/p>\n<p style=\"text-align: justify;\">A\u00e7\u0131klamada su\u00e7 duyurusunun &#8216;yetkililerin dikkatini bu soruna \u00e7ekmek i\u00e7in yap\u0131ld\u0131\u011f\u0131&#8217; da ifade edildi. Yap\u0131lan a\u00e7\u0131klaman\u0131n ard\u0131ndan Ba\u011fc\u0131lar Cumhuriyet Ba\u015fsavc\u0131l\u0131\u011f\u0131na g\u00f6nderilmek \u00fczere Alia\u011fa Cumhuriyet Ba\u015fsavc\u0131l\u0131\u011f\u0131na su\u00e7 duyurusu dilek\u00e7eleri verildi.<\/p>\n<p style=\"text-align: justify;\"><a href=\"http:\/\/www.radikal.com.tr\/Radikal.aspx?aType=RadikalDetay&amp;ArticleID=1022753&amp;Date=08.10.2010&amp;CategoryID=77\" target=\"_blank\"><span style=\"color: #888888;\">Kaynak : Radikal<\/span><\/a><\/p>\n","protected":false},"excerpt":{"rendered":"<p style=\"text-align: center;\">\n<p style=\"text-align: justify;\">\u00c7ark\u0131felek program\u0131nda 6 Ekim ak\u015fam\u0131 Erzincan&#8217;dan ger\u00e7ekle\u015ftirilen canl\u0131 yay\u0131n s\u0131ras\u0131nda &#8220;Onlar mum s\u00f6nd\u00fc m\u00fc oynuyorlar, ne yap\u0131yorlar?&#8221; diyen Mehmet Ali Erbil, hakk\u0131nda Erzincan Cumhuriyet Ba\u015fsavc\u0131s\u0131 \u0130lhan Cihaner, soru\u015fturma a\u00e7t\u0131. <\/p>\n","protected":false},"author":1,"featured_media":0,"comment_status":"open","ping_status":"closed","sticky":false,"template":"","format":"standard","meta":{"footnotes":""},"categories":[105],"tags":[],"class_list":["post-26286","post","type-post","status-publish","format-standard","hentry","category-gundem","odd"],"_links":{"self":[{"href":"http:\/\/www.korhanyilmaz.com\/index.php?rest_route=\/wp\/v2\/posts\/26286","targetHints":{"allow":["GET"]}}],"collection":[{"href":"http:\/\/www.korhanyilmaz.com\/index.php?rest_route=\/wp\/v2\/posts"}],"about":[{"href":"http:\/\/www.korhanyilmaz.com\/index.php?rest_route=\/wp\/v2\/types\/post"}],"author":[{"embeddable":true,"href":"http:\/\/www.korhanyilmaz.com\/index.php?rest_route=\/wp\/v2\/users\/1"}],"replies":[{"embeddable":true,"href":"http:\/\/www.korhanyilmaz.com\/index.php?rest_route=%2Fwp%2Fv2%2Fcomments&post=26286"}],"version-history":[{"count":0,"href":"http:\/\/www.korhanyilmaz.com\/index.php?rest_route=\/wp\/v2\/posts\/26286\/revisions"}],"wp:attachment":[{"href":"http:\/\/www.korhanyilmaz.com\/index.php?rest_route=%2Fwp%2Fv2%2Fmedia&parent=26286"}],"wp:term":[{"taxonomy":"category","embeddable":true,"href":"http:\/\/www.korhanyilmaz.com\/index.php?rest_route=%2Fwp%2Fv2%2Fcategories&post=26286"},{"taxonomy":"post_tag","embeddable":true,"href":"http:\/\/www.korhanyilmaz.com\/index.php?rest_route=%2Fwp%2Fv2%2Ftags&post=26286"}],"curies":[{"name":"wp","href":"https:\/\/api.w.org\/{rel}","templated":true}]}}