{"id":26282,"date":"2010-10-08T12:39:36","date_gmt":"2010-10-08T09:39:36","guid":{"rendered":"http:\/\/www.korhanyilmaz.com\/?p=26282"},"modified":"2010-10-08T12:39:36","modified_gmt":"2010-10-08T09:39:36","slug":"arinctan-ozbeke-kabadayilik-yapmasin","status":"publish","type":"post","link":"http:\/\/www.korhanyilmaz.com\/?p=26282","title":{"rendered":"Ar\u0131n\u00e7&#8217;tan \u00d6zbek&#8217;e: Kabaday\u0131l\u0131k yapmas\u0131n"},"content":{"rendered":"<p style=\"text-align: center;\"><a href=\"http:\/\/www.korhanyilmaz.com\/wp-content\/uploads\/2010\/10\/066.jpeg\"  class=\"lightview\"><img loading=\"lazy\" decoding=\"async\" class=\"aligncenter size-full wp-image-26283\" src=\"http:\/\/www.korhanyilmaz.com\/wp-content\/uploads\/2010\/10\/066.jpeg\" alt=\"\" width=\"333\" height=\"222\" \/><\/a><\/p>\n<p style=\"text-align: justify;\">Ba\u015fbakan Yard\u0131mc\u0131s\u0131 B\u00fclent Ar\u0131n\u00e7, Ergenekon&#8217;da tahliye edilen eski T\u00fcrk Metal Sendikas\u0131 Ba\u015fkan\u0131 Mustafa \u00d6zbek&#8217;in \u201c22 ay savunma yapmadan \u00e7\u0131kt\u0131m, 3 saat \u00f6nce ter\u00f6risttim, \u015fimdi ne de\u011fi\u015fti?\u201d s\u00f6zlerini de\u011ferlendirdi. <!--more--><\/p>\n<p style=\"text-align: justify;\">Ar\u0131n\u00e7, \u201cBence bu i\u015fin keyfini ya\u015fas\u0131n, i\u00e7erideki arkada\u015flar\u0131 i\u00e7in de dua etsin, onlar da bir an evvel \u00f6zg\u00fcrl\u00fcklerine kavu\u015fsunlar. Ama kabaday\u0131l\u0131k olmaz. \u00c7\u00fcnk\u00fc \u00f6yle kabaday\u0131lar vard\u0131. Tahliye edip \u00e7\u0131kt\u0131\u011f\u0131nda 1 bu\u00e7uk saat kadar televizyon \u00f6n\u00fcnde konu\u015fan, sonra tekrar &#8216;\u0130\u00e7eri buyrun&#8217; dendi\u011fi zaman da sesi \u00e7\u0131kmayan insanlar var. Tahliye edenler sevinsin, in\u015fallah beraat edenler olacakt\u0131r, onlar da mutlu olsunlar. \u0130yi bir yarg\u0131lama, g\u00fczel bir adalet hepimiz i\u00e7in gerekli\u201d diye konu\u015ftu.<\/p>\n<p style=\"text-align: justify;\">ANKARA &#8211; Devlet Bakan\u0131 ve Ba\u015fbakan Yard\u0131mc\u0131s\u0131 B\u00fclent Ar\u0131n\u00e7, CHP\u2019nin \u00fcniversitelerde t\u00fcrban yasa\u011f\u0131 konusunda \u201cT\u00fcrban kamuda hizmet verenlere ve \u00fcniversite \u00f6ncesine serbest olmamal\u0131\u201d \u015feklinde a\u00e7\u0131klad\u0131\u011f\u0131 k\u0131rm\u0131z\u0131 \u00e7izgilerinin \u201cTopu taca atmak\u201d oldu\u011funu s\u00f6yledi. Ar\u0131n\u00e7, \u201cKonu\u015ftu\u011fumuz konu, tart\u0131\u015ft\u0131\u011f\u0131m\u0131z konu \u00fcniversitelerdeki \u00f6\u011frencilerin, re\u015fit olmu\u015f, 18 ya\u015f\u0131n\u0131 ge\u00e7mi\u015f, art\u0131k kendi iradesiyle \u00fcniversite e\u011fitimi al\u0131rken k\u0131yafetini de belirleyecek olan k\u0131zlar\u0131m\u0131z\u0131n \u00fcniversitelerdeki yasaklardan kurtulmas\u0131d\u0131r. Topu taca atmayal\u0131m. Bunun \u00fczerinde konu\u015fuyorlard\u0131. \u015eimdi ipe un sermek i\u00e7in k\u0131rm\u0131z\u0131 \u00e7izgiler, mavi \u00e7izgiler, ye\u015fil hatlar, kurtar\u0131lm\u0131\u015f b\u00f6lgeler, bunlarla ortaya \u00e7\u0131k\u0131yorlar\u201d dedi.<\/p>\n<p style=\"text-align: justify;\">Ar\u0131n\u00e7, kat\u0131ld\u0131\u011f\u0131 canl\u0131 yay\u0131nda NTV Ankara Temsilcisi Murat Akg\u00fcn\u2019\u00fcn sorular\u0131n\u0131 yan\u0131tlad\u0131. T\u00fcrban konusunun y\u0131llardan beri konu\u015fuldu\u011funu ancak 2007\u2019de Anayasa\u2019n\u0131n 10. ve 42. maddelerinde yap\u0131lan de\u011fi\u015fikli\u011fin Anayasa Mahkemesi taraf\u0131ndan iptal edilmesinin ard\u0131ndan konunun g\u00fcndemden d\u00fc\u015ft\u00fc\u011f\u00fcn\u00fc an\u0131msatan Ar\u0131n\u00e7, CHP Genel Ba\u015fkan\u0131 Kemal K\u0131l\u0131\u00e7daro\u011flu\u2019nun referandum \u00f6ncesindeki konu\u015fmalar\u0131nda t\u00fcrban\u0131n g\u00fcndeme geldi\u011fine dikkat \u00e7ekti.<\/p>\n<p style=\"text-align: justify;\"><strong>-KILI\u00c7DARO\u011eLU G\u00dcNDEME GET\u0130RD\u0130\u201d-<\/strong><\/p>\n<p style=\"text-align: justify;\">Ar\u0131n\u00e7, \u015f\u00f6yle konu\u015ftu: \u201cDo\u011frusu biz o g\u00fcnlerde b\u00f6yle bir \u015feyi konu\u015fmuyorduk. \u00c7\u00fcnk\u00fc 10 ve 42. maddeler 411 oyla kabul edilmesine ra\u011fmen Anayasa Mahkemesi i\u015fin esas\u0131na girip bizce de \u00e7ok yanl\u0131\u015f bir karar vererek bunu iptal etmesiyle biz art\u0131k susmu\u015ftuk. Yani sorunun zaman i\u00e7erisinde bir \u015fekilde \u00e7\u00f6z\u00fclmesini bekliyorduk ama bu konuda \u00f6nc\u00fc olmay\u0131, bu konuda bir giri\u015fimde bulunmay\u0131 da mevcut Anayasa Mahkemesi karar\u0131 kar\u015f\u0131s\u0131nda \u00e7ok olanakl\u0131 bulmuyorduk. Fakat Say\u0131n K\u0131l\u0131\u00e7daro\u011flu belki inanarak, belki referandum \u00f6ncesinde kendi liderli\u011fini kan\u0131tlamak i\u00e7in toplumda kronik hale gelmi\u015f baz\u0131 sorunlar\u0131n \u00e7\u00f6z\u00fcm\u00fc konusunda \u00fcmit veren ifadelerde bulundu.\u201d<\/p>\n<p style=\"text-align: justify;\"><strong>-\u201cCHP\u2019N\u0130N KAFASI KARI\u015eIK\u201d-<\/strong><\/p>\n<p style=\"text-align: justify;\">K\u0131l\u0131\u00e7daro\u011flu\u2019nun t\u00fcrban sorunun \u00e7\u00f6z\u00fcm\u00fc konusunda \u201cBizi iktidara getirin, nas\u0131l \u00e7\u00f6zece\u011fimizi g\u00f6r\u00fcr\u00fcz\u201d y\u00f6n\u00fcndeki ifadelerini \u201ctalihsizlik\u201d olarak de\u011ferlendiren Ar\u0131n\u00e7, CHP\u2019nin bu konudaki \u00e7\u00f6z\u00fcm \u00f6nerisini a\u00e7\u0131klamas\u0131 gerekti\u011fini ifade etti. Ar\u0131n\u00e7, CHP\u2019nin t\u00fcrban konusunda kafas\u0131n\u0131n kar\u0131\u015f\u0131k oldu\u011funu, t\u00fcrban yasa\u011f\u0131n\u0131n savunuculu\u011funu yapm\u0131\u015f simge isimlerin halen CHP\u2019de milletvekilli\u011fi yapt\u0131\u011f\u0131n\u0131 s\u00f6yledi.<\/p>\n<p style=\"text-align: justify;\"><strong>-\u201c28 \u015eUBATTA T\u00dcRBAN YASA\u011eI \u0130\u00c7\u0130N BASKI YAPILDI\u201d-<\/strong><\/p>\n<p style=\"text-align: justify;\">28 \u015eubat s\u00fcrecinde Anayasa\u2019da ve yasalarda bu y\u00f6nde bir hukuk normu olmamas\u0131na kar\u015f\u0131n \u00fcniversitelerde t\u00fcrbanl\u0131 \u00f6\u011frencilerin artmas\u0131n\u0131 \u201cirticai eylem, rejime ba\u015fkald\u0131r\u0131\u201d olarak g\u00f6renlerin yaz\u0131l\u0131 emirle \u00fcniversitelerde t\u00fcrban\u0131 yasaklad\u0131klar\u0131n\u0131, bu yasa\u011f\u0131 uygulamak istemeyen rekt\u00f6rlerin g\u00f6revden al\u0131nd\u0131\u011f\u0131n\u0131 dile getiren Ar\u0131n\u00e7, \u201cBug\u00fcn nas\u0131l T\u00fcrkiye\u2019de baz\u0131 \u015feyler y\u0131llar sonra konu\u015fulabiliyor, hatta \u00e7ok korkun\u00e7 iddialar bile g\u00fcndeme geliyorsa emin olun baz\u0131 rekt\u00f6rler de konu\u015fmaya ba\u015flarsa ge\u00e7mi\u015fte Y\u00d6K Ba\u015fkanl\u0131\u011f\u0131 yapanlar\u0131n, hatta Y\u00d6K Ba\u015fkan\u0131\u2019n\u0131n imzas\u0131na gerek olmadan Genelkurmay \u0130kinci Ba\u015fkanl\u0131\u011f\u0131 yapanlar\u0131n yazd\u0131\u011f\u0131 yaz\u0131larla \u00e7a\u011f\u0131rarak, telefon ederek, bizzat nas\u0131l bask\u0131larda bulundu\u011funu umar\u0131m s\u00f6yleyeceklerdir\u201d diye konu\u015ftu.<\/p>\n<p style=\"text-align: justify;\"><strong>-\u201cCHP GE\u00c7M\u0130\u015eTE KAR\u015eI \u00c7IKMASAYDI\u201d-<\/strong><\/p>\n<p style=\"text-align: justify;\">T\u00fcrban konusunun, bir kad\u0131n\u0131n kendi k\u0131yafetini belirleme \u00f6zg\u00fcrl\u00fc\u011f\u00fcyle ilgili bir konu oldu\u011funu kaydeden Ar\u0131n\u00e7, \u201cTemel haklar noktas\u0131ndan bakt\u0131\u011f\u0131m\u0131z zaman bir insan\u0131n kendi kimli\u011fini ortaya koymas\u0131, ifade etmesine bence bir \u00f6zg\u00fcrl\u00fck olarak bakmak laz\u0131m\u201d dedi. Anayasa\u2019da ve kanunlarda t\u00fcrban konusunda bir s\u0131n\u0131rlama olmad\u0131\u011f\u0131na dikkat \u00e7eken Ar\u0131n\u00e7, \u201cAnayasa Mahkemesi\u2019nin \u015fu veya bu karar\u0131ndan bahsedebilirsiniz, Anayasa Mahkemesi kararlar\u0131n\u0131n do\u011fru oldu\u011funu, hepsinin yasal dayana\u011f\u0131n\u0131n bulundu\u011funu s\u00f6yleyemeyiz\u201d dedi.<\/p>\n<p style=\"text-align: justify;\">CHP\u2019lilerin ge\u00e7mi\u015fte t\u00fcrban yasa\u011f\u0131n\u0131 savundu\u011funu an\u0131msatan Ar\u0131n\u00e7, \u201cB\u00fct\u00fcn bunlar\u0131 s\u00f6yleyenlerin ge\u00e7mi\u015fine bakt\u0131\u011f\u0131m\u0131z zaman, bug\u00fcn ayn\u0131 a\u011f\u0131zlar \u2018Art\u0131k bu sorun \u00e7\u00f6z\u00fclmeli, \u00fcniversitelerde \u00f6\u011frenciler hi\u00e7bir engelle kar\u015f\u0131la\u015fmamal\u0131. Ba\u015f\u00f6rt\u00fcs\u00fc m\u00fcd\u00fcr t\u00fcrban m\u0131d\u0131r bir yasaklama olmamal\u0131\u2019 diyorsa bence Anayasa Mahkemesi\u2019nin ge\u00e7mi\u015f kararlar\u0131ndan \u00e7ok buna bakmak laz\u0131m. \u00c7\u00fcnk\u00fc T\u00fcrkiye\u2019deki baz\u0131 yasaklar kendili\u011finden, spontane, belli g\u00fc\u00e7lerin kendi g\u00fc\u00e7lerini ortaya koyarak koydu\u011fu s\u0131n\u0131rlamalard\u0131r. CHP bug\u00fcne kadar bu noktada yap\u0131lan d\u00fczenlemelere ge\u00e7mi\u015fte SHP olarak, d\u00fcne kadar da CHP olarak kar\u015f\u0131 \u00e7\u0131kmam\u0131\u015f olsayd\u0131 fevkalade himayeye mazhar bir parti oldu\u011fu i\u00e7in onun s\u00f6ylediklerini Anayasa Mahkemesi de kabul edilecek, hatta oraya gidilmedi\u011fi i\u00e7in belki bu konuda bir yasaklama karar\u0131 bile verilmeyecekti\u201d diye konu\u015ftu.<\/p>\n<p style=\"text-align: justify;\"><strong>-\u201cTOPU TACA ATMAYALIM\u201d-<\/strong><\/p>\n<p style=\"text-align: justify;\">K\u0131l\u0131\u00e7daro\u011flu\u2019nun t\u00fcrban konusundaki a\u00e7\u0131klamalar\u0131n\u0131 olumlu bulduklar\u0131n\u0131 ancak CHP\u2019ye kar\u015f\u0131 bu konuda bir g\u00fcven bunal\u0131m\u0131n\u0131n oldu\u011funu ifade eden Ar\u0131n\u00e7, CHP ile masaya oturman\u0131n yolunun, K\u0131l\u0131\u00e7daro\u011flu\u2019nun t\u00fcrban konusundaki \u00e7\u00f6z\u00fcm \u00f6nerisini a\u00e7mas\u0131na ba\u011fl\u0131 oldu\u011funu belirtti.<\/p>\n<p style=\"text-align: justify;\">CHP\u2019nin \u201cT\u00fcrban kamuda hizmet verenlere ve \u00fcniversite \u00f6ncesine serbest olmamal\u0131\u201d \u00e7ekincelerini de de\u011ferlendiren Ar\u0131n\u00e7, K\u0131l\u0131\u00e7daro\u011flu\u2019nun \u201cT\u00fcrban\u0131 \u00e7\u00f6zelim\u201d a\u00e7\u0131klamas\u0131ndan sonra baz\u0131 CHP\u2019lilerin \u201cHay\u0131r onu s\u00f6ylemek istemedi, bir s\u00fcr\u00fc \u015fey s\u00f6yledi de onlar\u0131n i\u00e7inde t\u00fcrban da var\u201d y\u00f6n\u00fcnde a\u00e7\u0131klamalar yapt\u0131\u011f\u0131n\u0131 an\u0131msatarak \u015f\u00f6yle konu\u015ftu:<\/p>\n<p style=\"text-align: justify;\">\u201cMa\u015fallah \u00e7ok iyi taktik hocalar\u0131 var. Bunlar topu taca atmakt\u0131r. Konu\u015ftu\u011fumuz konu, tart\u0131\u015ft\u0131\u011f\u0131m\u0131z konu \u00fcniversitelerdeki \u00f6\u011frencilerin, re\u015fit olmu\u015f, 18 ya\u015f\u0131n\u0131 ge\u00e7mi\u015f, art\u0131k kendi iradesiyle \u00fcniversite e\u011fitimi al\u0131rken k\u0131yafetini de belirleyecek olan k\u0131zlar\u0131m\u0131z\u0131n \u00fcniversitelerdeki yasaklardan kurtulmas\u0131d\u0131r. Topu taca atmayal\u0131m. Bunun \u00fczerinde konu\u015fuyorlard\u0131. \u015eimdi ipe un sermek i\u00e7in k\u0131rm\u0131z\u0131 \u00e7izgiler, mavi \u00e7izgiler, ye\u015fil hatlar, kurtar\u0131lm\u0131\u015f b\u00f6lgeler, bunlarla ortaya \u00e7\u0131k\u0131yorlar.\u201d<\/p>\n<p style=\"text-align: justify;\">Dini a\u00e7\u0131dan gereklilik konusunda bu konunun Diyanet\u2019e dan\u0131\u015f\u0131labilece\u011fini dile getiren Ar\u0131n\u00e7, \u201cAma bu, piyasada ekran ekran dola\u015fan, din konusunda otorite oldu\u011funu zannetti\u011fimiz, asl\u0131nda hi\u00e7 de \u00f6yle olmayan bir tak\u0131m insanlara sorularak \u00e7\u00f6z\u00fclecek bir \u015fey de\u011fil\u201d dedi.<\/p>\n<p style=\"text-align: justify;\">Ar\u0131n\u00e7, konunun dini gereklili\u011finin \u00f6tesinde k\u0131yafet \u00f6zg\u00fcrl\u00fc\u011f\u00fc oldu\u011funu, kad\u0131nlar\u0131n k\u0131yafet tercihi \u00fczerine bir \u015fey s\u00f6ylenmemesi gerekti\u011fini belirtirken \u015fu anda t\u00fcrban\u0131n \u00fcniversitede serbest olmas\u0131n\u0131n tart\u0131\u015f\u0131ld\u0131\u011f\u0131na i\u015faret ederek \u201c\u00dcniversite d\u0131\u015f\u0131ndaki b\u00fct\u00fcn konu\u015fmalar, o k\u0131rm\u0131z\u0131 \u00e7izgiler filan bir yerden ge\u00e7erken \u0131sl\u0131k \u00e7almaya benziyor. Biz \u00fcniversiteyi konu\u015fuyoruz. Onun d\u0131\u015f\u0131nda hi\u00e7bir \u015fey \u015fu a\u015famada konu\u015fulacak bir konu de\u011fil. O korkular\u0131 vererek asl\u0131nda bu s\u00f6zlerden vazge\u00e7meye \u00e7al\u0131\u015f\u0131yorlar\u201d diye konu\u015ftu.<\/p>\n<p style=\"text-align: justify;\"><strong>-\u201c\u00dcM\u0130T HANIM B\u00dcT\u00dcN \u00dcM\u0130TLER\u0130M\u0130Z\u0130 BO\u015eA \u00c7IKARDI\u201d-<\/strong><\/p>\n<p style=\"text-align: justify;\">T\u00dcS\u0130AD Ba\u015fkan\u0131 \u00dcmit Boyner\u2019in Cumhuriyet gazetesine verdi\u011fi r\u00f6portajda yapt\u0131\u011f\u0131 \u201cT\u00fcrban\u0131n kamuya gelmemesi m\u00fcmk\u00fcn de\u011fil\u201d a\u00e7\u0131klamas\u0131na tepki g\u00f6steren Ar\u0131n\u00e7, \u201cKendisi hakk\u0131ndaki \u00fcmitlerimizin tamam\u0131n\u0131 bo\u015fa \u00e7\u0131karan ismi \u00dcmit Han\u0131mefendi, ama b\u00fct\u00fcn \u00fcmitlerimizi bo\u015fa \u00e7\u0131karan, \u00f6zg\u00fcrl\u00fck\u00e7\u00fc g\u00f6r\u00fcnen ama arkadan korkularla, vehimlerle, endi\u015felerle bu t\u00fcr s\u00f6zlerle bendeki kredisini tamamen t\u00fcketmi\u015f durumda\u201d dedi. Boyner\u2019in Anayasa referandumu s\u00fcrecindeki tavr\u0131 ve d\u00fcnk\u00fc m\u00fclakat\u0131 kar\u015f\u0131s\u0131nda \u201ct\u00fcylerinin diken diken oldu\u011funu\u201d s\u00f6yleyen Ar\u0131n\u00e7, \u201cYanl\u0131\u015f d\u00fc\u015f\u00fcnceler, bunlara kat\u0131lm\u0131yorum\u201d dedi.<\/p>\n<p style=\"text-align: justify;\"><strong>-\u201cPAKET OLMAZ, SADECE T\u00dcRBAN OLUR\u201d-<\/strong><\/p>\n<p style=\"text-align: justify;\">Ar\u0131n\u00e7, CHP\u2019nin t\u00fcrban raporu tasla\u011f\u0131nda yer alan Y\u00d6K\u2019\u00fcn kald\u0131r\u0131lmas\u0131, \u00fcniversitelerin \u00f6zerkle\u015ftirilmesi, zorunlu din derslerinin kald\u0131r\u0131lmas\u0131 gibi konular\u0131n t\u00fcrban konusuyla birlikte bir paket halinde gelmesi durumunda buna destek vermeyeceklerini ifade ederken \u201c\u0130\u015f suland\u0131r\u0131l\u0131rsa, geni\u015fletilirse, i\u015f ba\u015fka mecralara d\u00f6k\u00fclmek istenirse bizde eskiden beri g\u00fczel bir tabir vard\u0131r, i\u015fi uyutmak istiyorsan\u0131z komisyona havale edeceksiniz\u201d dedi. Ar\u0131n\u00e7, \u201cBunlar g\u00fczel \u015feyler. Ama arkada\u015f, topu taca atma. Senin a\u011fz\u0131ndan \u00e7\u0131kan s\u00f6z referandum \u00f6ncesi t\u00fcrbana \u00f6zg\u00fcrl\u00fc\u011f\u00fc getirece\u011fiz s\u00f6z\u00fcd\u00fcr. Bunun yan\u0131na ba\u015fka \u015feyler ilave etme\u201d diye konu\u015ftu. T\u00fcrban\u0131 \u00e7\u00f6zmenin, CHP\u2019nin g\u00f6revi oldu\u011funu dile getiren Ar\u0131n\u00e7, CHP\u2019nin \u00f6nerdi\u011fi di\u011fer konular\u0131n daha sonra g\u00fcndeme gelebilece\u011fini belirtti.<\/p>\n<p style=\"text-align: justify;\"><strong>-\u201cASKERL\u0130KTE E\u015e\u0130TL\u0130\u011e\u0130 KONU\u015eALIM\u201d-<\/strong><\/p>\n<p style=\"text-align: justify;\">Ar\u0131n\u00e7, tek tip askerlik konusundaki \u00e7al\u0131\u015fman\u0131n hen\u00fcz H\u00fck\u00fcmet\u2019e gelmedi\u011fini, s\u00fcrenin uzay\u0131p k\u0131salaca\u011f\u0131, bedelli askerli\u011fin de yasan\u0131n i\u00e7inde olaca\u011f\u0131 konular\u0131n\u0131n netlik kazanmad\u0131\u011f\u0131n\u0131 belirtti. Askerlik s\u00fcresinin bu kadar uzun olmas\u0131na kar\u015f\u0131 oldu\u011funu, askerlik s\u00fcresi konusunda uzunda de\u011fil, k\u0131sada e\u015fitli\u011fin konu\u015fulmas\u0131 gerekti\u011fini vurgulayan Ar\u0131n\u00e7, konunun se\u00e7im \u00f6ncesinde mutlaka netle\u015fece\u011fini ifade ederek \u201cBu kadar konu\u015fulduktan sonra mutlaka bir \u015fey olmas\u0131 gerekir, ortada b\u0131rak\u0131lamaz\u201d dedi.<\/p>\n<p style=\"text-align: justify;\"><strong>-\u201cTAHL\u0130YE ED\u0130LENLER KABADAYILIK YAPMASIN\u201d-<\/strong><\/p>\n<p style=\"text-align: justify;\">Ergenekon davas\u0131 kapsam\u0131nda uzun s\u00fcren tutukluluk s\u00fcrelerinin TBMM \u0130nsan Haklar\u0131 Komisyonu\u2019nun g\u00fcndemine de geldi\u011fini kaydeden Ar\u0131n\u00e7, bunu sadece Ergenekon\u2019la s\u0131n\u0131rl\u0131 d\u00fc\u015f\u00fcnmedi\u011fini, konunun genel bir sorun oldu\u011funu ifade etti.<\/p>\n<p style=\"text-align: justify;\">Ergenekon soru\u015fturmas\u0131 kapsam\u0131nda tahliye edilen eski T\u00fcrk Metal Sendikas\u0131 Ba\u015fkan\u0131 Mustafa \u00d6zbek\u2019in tahliyesini ve \u201c22 ay savunma yapmadan \u00e7\u0131kt\u0131m, 3 saat \u00f6nce ter\u00f6risttim, \u015fimdi ne de\u011fi\u015fti\u201d s\u00f6zlerini de\u011ferlendiren Ar\u0131n\u00e7, \u201cBence bu i\u015fin keyfini ya\u015fas\u0131n, i\u00e7erideki arkada\u015flar\u0131 i\u00e7in de dua etsin, onlar da bir an evvel \u00f6zg\u00fcrl\u00fcklerine kavu\u015fsunlar. Ama kabaday\u0131l\u0131k olmaz. \u00c7\u00fcnk\u00fc \u00f6yle kabaday\u0131lar vard\u0131. Tahliye edip \u00e7\u0131kt\u0131\u011f\u0131nda 1 bu\u00e7uk saat kadar televizyon \u00f6n\u00fcnde konu\u015fan, sonra tekrar \u2018\u0130\u00e7eri buyrun\u2019 dendi\u011fi zaman da sesi \u00e7\u0131kmayan insanlar var. Tahliye edenler sevinsin, in\u015fallah beraat edenler olacakt\u0131r, onlar da mutlu olsunlar. \u0130yi bir yarg\u0131lama, g\u00fczel bir adalet hepimiz i\u00e7in gerekli\u201d dedi.<\/p>\n<p style=\"text-align: justify;\"><strong>-\u201cCHP YARGIYI ETK\u0130LEMEYE TE\u015eEBB\u00dcS ED\u0130YOR\u201d-<\/strong><\/p>\n<p style=\"text-align: justify;\">Ar\u0131n\u00e7, youtube yasa\u011f\u0131n\u0131n i\u00e7ine sinmedi\u011fini, bu konuda bir hukuki d\u00fczenlemeye ihtiya\u00e7 oldu\u011funu ifade etti. CHP\u2019li milletvekillerinin Hanefi Avc\u0131 ile yapt\u0131klar\u0131 g\u00f6r\u00fc\u015fmeyi de\u011ferlendiren Ar\u0131n\u00e7, CHP\u2019li milletvekillerinin baz\u0131 davalarla \u201cavukat gibi ilgilenmesinin\u201d yanl\u0131\u015f oldu\u011funu d\u00fc\u015f\u00fcnd\u00fc\u011f\u00fcn\u00fc kaydederken yarg\u0131 s\u00fcrecinin devam etti\u011fi s\u0131rada yap\u0131lan g\u00f6r\u00fc\u015fmelerin d\u0131\u015far\u0131ya aktar\u0131lmas\u0131n\u0131n \u201cyarg\u0131y\u0131 etkilemeye te\u015febb\u00fcs\u201d oldu\u011funu savundu.<\/p>\n<p style=\"text-align: justify;\">Abdullah \u00d6calan\u2019la yap\u0131lan g\u00f6r\u00fc\u015fmelerle ilgili Taraf gazetesinin haberlerinde bahsedilen \u201cbal\u0131k\u00e7\u0131\u201d hakk\u0131nda bir bilgisi bulunmad\u0131\u011f\u0131n\u0131 belirten Ar\u0131n\u00e7, \u00d6calan\u2019la temaslar konusunda \u00f6n\u00fcm\u00fczdeki hafta Kuzey Irak\u2019la ilgili teskerenin TBMM Genel Kurulu\u2019ndaki g\u00f6r\u00fc\u015fmeleri s\u0131ras\u0131nda bilgi verilece\u011fini a\u00e7\u0131klad\u0131.<\/p>\n<p style=\"text-align: justify;\"><strong>-\u201c\u0130DD\u0130ALAR G\u00dcL\u00dcN\u00c7 DE OLSA ARA\u015eTIRILMALI\u201d-<\/strong><\/p>\n<p style=\"text-align: justify;\">Ar\u0131n\u00e7, 8. Cumhurba\u015fkan\u0131 Turgut \u00d6zal ile eski Jandarma Genel Komutan\u0131 E\u015fref Bitlis\u2019in \u00f6l\u00fcmleri hakk\u0131ndaki suikast iddialar\u0131na ili\u015fkin ise \u015funlar\u0131 s\u00f6yledi: \u201cKe\u015fke b\u00fct\u00fcn bu olaylar\u0131n ger\u00e7ek y\u00f6nleri ortaya \u00e7\u0131kar\u0131labilse. T\u00fcrkiye\u2019de ya\u015fad\u0131\u011f\u0131m\u0131z i\u00e7in ve ge\u00e7mi\u015fte ya\u015fanan baz\u0131 olumsuzluklar\u0131 da birebir ya\u015fad\u0131\u011f\u0131m\u0131z i\u00e7in bu olaylardaki b\u00fct\u00fcn endi\u015feleri, senaryolar\u0131, konu\u015fulanlar\u0131 mutlaka ara\u015ft\u0131rmak gerekir diye d\u00fc\u015f\u00fcn\u00fcyorum. E\u011fer ge\u00e7mi\u015fte ya\u015fanan, konu\u015fulan baz\u0131 olaylar T\u00fcrkiye\u2019nin y\u00fcz\u00fcn\u00fc kara \u00e7\u0131kartmaya y\u00f6nelik baz\u0131 tezgahlar, provokasyonlar\u0131 g\u00f6rmemi\u015f, duymam\u0131\u015f, ya\u015famam\u0131\u015f olsayd\u0131k \u2018Bu bir trafik kazas\u0131d\u0131r, bu bir \u015fudur, budur\u2019 diyebilirdik. Gene belki \u00f6yledir. Ama bunlar\u0131n \u00fczerine gidilmeli, ara\u015ft\u0131r\u0131lmal\u0131 ve tan\u0131klar\u0131yla mutlaka g\u00fcn y\u00fcz\u00fcne \u00e7\u0131kar\u0131lmal\u0131d\u0131r.\u201d<\/p>\n<p style=\"text-align: justify;\">Ar\u0131n\u00e7, adli yarg\u0131n\u0131n iddialar ne kadar basit, g\u00fcl\u00fcmsetecek nitelikte olursa olsun bu iddialar\u0131 ciddi kabul ederek ara\u015ft\u0131rmas\u0131nda fayda oldu\u011funu s\u00f6yledi.(ANKA)<\/p>\n<p style=\"text-align: justify;\"><a href=\"http:\/\/www.radikal.com.tr\/Radikal.aspx?aType=RadikalDetay&amp;ArticleID=1022741&amp;Date=08.10.2010&amp;CategoryID=78\" target=\"_blank\"><span style=\"color: #888888;\">Kaynak : Radikal<\/span><\/a><\/p>\n","protected":false},"excerpt":{"rendered":"<p style=\"text-align: center;\">\n<p style=\"text-align: justify;\">Ba\u015fbakan Yard\u0131mc\u0131s\u0131 B\u00fclent Ar\u0131n\u00e7, Ergenekon&#8217;da tahliye edilen eski T\u00fcrk Metal Sendikas\u0131 Ba\u015fkan\u0131 Mustafa \u00d6zbek&#8217;in \u201c22 ay savunma yapmadan \u00e7\u0131kt\u0131m, 3 saat \u00f6nce ter\u00f6risttim, \u015fimdi ne de\u011fi\u015fti?\u201d s\u00f6zlerini de\u011ferlendirdi. <\/p>\n","protected":false},"author":1,"featured_media":0,"comment_status":"open","ping_status":"closed","sticky":false,"template":"","format":"standard","meta":{"footnotes":""},"categories":[105],"tags":[],"class_list":["post-26282","post","type-post","status-publish","format-standard","hentry","category-gundem","odd"],"_links":{"self":[{"href":"http:\/\/www.korhanyilmaz.com\/index.php?rest_route=\/wp\/v2\/posts\/26282","targetHints":{"allow":["GET"]}}],"collection":[{"href":"http:\/\/www.korhanyilmaz.com\/index.php?rest_route=\/wp\/v2\/posts"}],"about":[{"href":"http:\/\/www.korhanyilmaz.com\/index.php?rest_route=\/wp\/v2\/types\/post"}],"author":[{"embeddable":true,"href":"http:\/\/www.korhanyilmaz.com\/index.php?rest_route=\/wp\/v2\/users\/1"}],"replies":[{"embeddable":true,"href":"http:\/\/www.korhanyilmaz.com\/index.php?rest_route=%2Fwp%2Fv2%2Fcomments&post=26282"}],"version-history":[{"count":0,"href":"http:\/\/www.korhanyilmaz.com\/index.php?rest_route=\/wp\/v2\/posts\/26282\/revisions"}],"wp:attachment":[{"href":"http:\/\/www.korhanyilmaz.com\/index.php?rest_route=%2Fwp%2Fv2%2Fmedia&parent=26282"}],"wp:term":[{"taxonomy":"category","embeddable":true,"href":"http:\/\/www.korhanyilmaz.com\/index.php?rest_route=%2Fwp%2Fv2%2Fcategories&post=26282"},{"taxonomy":"post_tag","embeddable":true,"href":"http:\/\/www.korhanyilmaz.com\/index.php?rest_route=%2Fwp%2Fv2%2Ftags&post=26282"}],"curies":[{"name":"wp","href":"https:\/\/api.w.org\/{rel}","templated":true}]}}