{"id":26278,"date":"2010-10-08T17:42:23","date_gmt":"2010-10-08T14:42:23","guid":{"rendered":"http:\/\/www.korhanyilmaz.com\/?p=26278"},"modified":"2010-10-08T17:42:23","modified_gmt":"2010-10-08T14:42:23","slug":"arinc-adi-umit-ama-umitlerimizi-bosa-cikardi","status":"publish","type":"post","link":"http:\/\/www.korhanyilmaz.com\/?p=26278","title":{"rendered":"Ar\u0131n\u00e7: &#8220;Ad\u0131 \u00dcmit ama \u00fcmitlerimizi bo\u015fa \u00e7\u0131kard\u0131&#8221;"},"content":{"rendered":"<p style=\"text-align: center;\"><a href=\"http:\/\/www.korhanyilmaz.com\/wp-content\/uploads\/2010\/10\/065.jpg\"  class=\"lightview\"><img loading=\"lazy\" decoding=\"async\" class=\"aligncenter size-full wp-image-26279\" src=\"http:\/\/www.korhanyilmaz.com\/wp-content\/uploads\/2010\/10\/065.jpg\" alt=\"\" width=\"307\" height=\"236\" \/><\/a><\/p>\n<p style=\"text-align: justify;\">T\u00fcrban  bir kez daha polemik konusu. Polemi\u011fin taraflar\u0131 bu kez Ba\u015fbakan Yard\u0131mc\u0131s\u0131 B\u00fclent Ar\u0131n\u00e7 ve T\u00dcS\u0130AD Ba\u015fkan\u0131 \u00dcmit Boyner&#8230; &#8220;Ad\u0131 \u00dcmit ama t\u00fcm \u00fcmitlerimizi bo\u015fa \u00e7\u0131kard\u0131&#8221; diyen Ar\u0131n\u00e7&#8217;a yan\u0131t veren Boyner, &#8220;S\u00f6zlerimde \u00f6zg\u00fcrl\u00fck\u00e7\u00fc bulmad\u0131\u011f\u0131 konu nedir, a\u00e7\u0131klarsa sevinirim&#8221; dedi.<!--more--><\/p>\n<p style=\"text-align: justify;\">Boyner, &#8220;Say\u0131n Bakan&#8217;\u0131n \u00f6zg\u00fcrl\u00fck\u00e7\u00fc bulmad\u0131\u011f\u0131 konu nedir, ben bilmiyorum&#8221; dedi.<\/p>\n<p style=\"text-align: justify;\">O bakan B\u00fclent Ar\u0131n\u00e7&#8230; \u00d6zg\u00fcrl\u00fck\u00e7\u00fc bulmad\u0131\u011f\u0131 konu ise t\u00fcrban&#8230;<\/p>\n<p style=\"text-align: justify;\">T\u00fcrban polemi\u011finin taraflar\u0131 bu kez Ba\u015fbakan Yard\u0131mc\u0131s\u0131 B\u00fclent Ar\u0131n\u00e7 ile T\u00dcS\u0130AD Ba\u015fkan\u0131 \u00dcmit Boyner.<\/p>\n<p style=\"text-align: justify;\">Bu tart\u0131\u015fma T\u00dcS\u0130AD Ba\u015fkan\u0131 \u00dcmit Boyner&#8217;in bir gazeteye yapt\u0131\u011f\u0131 &#8221;T\u00fcrban\u0131n kamuya gelmemesi m\u00fcmk\u00fcn de\u011fil&#8221; a\u00e7\u0131klamas\u0131yla ba\u015flad\u0131.<\/p>\n<p style=\"text-align: justify;\">Bu a\u00e7\u0131klamaya ele\u015ftiri ise B\u00fclent Ar\u0131n\u00e7&#8217;tan geldi. Ar\u0131n\u00e7, Boyner&#8217;in t\u00fcrban konusundaki a\u00e7\u0131klamalar\u0131n\u0131 sert bir dille ele\u015ftirdi.<\/p>\n<p style=\"text-align: justify;\">Devlet Bakan\u0131 ve Ba\u015fbakan Yard\u0131mc\u0131s\u0131 Ar\u0131n\u00e7,  &#8220;Han\u0131mefendi isabet buyurmu\u015f. Ad\u0131 \u00dcmit ama t\u00fcm \u00fcmitlerimizi bo\u015fa \u00e7\u0131kard\u0131. Bendeki kredisini tamamen t\u00fcketmi\u015f durumda. D\u00fcnk\u00fc m\u00fclakat\u0131n\u0131 okuyunca t\u00fcylerim diken diken oldu. Yanl\u0131\u015f d\u00fc\u015f\u00fcnceler, bunlara kat\u0131lm\u0131yorum&#8221; dedi.<\/p>\n<p style=\"text-align: justify;\">Ar\u0131n\u00e7&#8217;\u0131n bu s\u00f6z\u00fcne yan\u0131t gecikmedi.<\/p>\n<p style=\"text-align: justify;\">Boyner kat\u0131ld\u0131\u011f\u0131 bir toplant\u0131da Ar\u0131n\u00e7&#8217;\u0131n sert \u00e7\u0131k\u0131\u015f\u0131n\u0131 de\u011ferlendirdi. Boyner, &#8220;S\u00f6zlerimde \u00f6zg\u00fcrl\u00fck\u00e7\u00fc bulmad\u0131\u011f\u0131 konu nedir, a\u00e7\u0131klarsa sevinirim&#8221; diye konu\u015ftu.<\/p>\n<p style=\"text-align: justify;\">Ar\u0131n\u00e7 bu soruya yan\u0131t verecek mi, verecekse ne s\u00f6yleyecek? \u00d6n\u00fcm\u00fczdeki g\u00fcnlerde g\u00f6r\u00fcce\u011fiz. Ancak bu tart\u0131\u015fman\u0131n bir s\u00fcre daha T\u00fcrkiye g\u00fcndemini me\u015fgul edece\u011fi kesin gibi.<\/p>\n<p style=\"text-align: justify;\"><a href=\"http:\/\/www.cnnturk.com\/2010\/turkiye\/10\/08\/arinc.adi.umit.ama.umitlerimizi.bosa.cikardi\/592351.0\/index.html\" target=\"_blank\"><span style=\"color: #888888;\">CNN T\u00dcRK<\/span><\/a><\/p>\n","protected":false},"excerpt":{"rendered":"<p style=\"text-align: center;\">\n<p style=\"text-align: justify;\">T\u00fcrban bir kez daha polemik konusu. Polemi\u011fin taraflar\u0131 bu kez Ba\u015fbakan Yard\u0131mc\u0131s\u0131 B\u00fclent Ar\u0131n\u00e7 ve T\u00dcS\u0130AD Ba\u015fkan\u0131 \u00dcmit Boyner&#8230; &#8220;Ad\u0131 \u00dcmit ama t\u00fcm \u00fcmitlerimizi bo\u015fa \u00e7\u0131kard\u0131&#8221; diyen Ar\u0131n\u00e7&#8217;a yan\u0131t veren Boyner, &#8220;S\u00f6zlerimde \u00f6zg\u00fcrl\u00fck\u00e7\u00fc bulmad\u0131\u011f\u0131 konu nedir, a\u00e7\u0131klarsa sevinirim&#8221; dedi.<\/p>\n","protected":false},"author":1,"featured_media":0,"comment_status":"open","ping_status":"closed","sticky":false,"template":"","format":"standard","meta":{"footnotes":""},"categories":[105],"tags":[],"class_list":["post-26278","post","type-post","status-publish","format-standard","hentry","category-gundem","odd"],"_links":{"self":[{"href":"http:\/\/www.korhanyilmaz.com\/index.php?rest_route=\/wp\/v2\/posts\/26278","targetHints":{"allow":["GET"]}}],"collection":[{"href":"http:\/\/www.korhanyilmaz.com\/index.php?rest_route=\/wp\/v2\/posts"}],"about":[{"href":"http:\/\/www.korhanyilmaz.com\/index.php?rest_route=\/wp\/v2\/types\/post"}],"author":[{"embeddable":true,"href":"http:\/\/www.korhanyilmaz.com\/index.php?rest_route=\/wp\/v2\/users\/1"}],"replies":[{"embeddable":true,"href":"http:\/\/www.korhanyilmaz.com\/index.php?rest_route=%2Fwp%2Fv2%2Fcomments&post=26278"}],"version-history":[{"count":0,"href":"http:\/\/www.korhanyilmaz.com\/index.php?rest_route=\/wp\/v2\/posts\/26278\/revisions"}],"wp:attachment":[{"href":"http:\/\/www.korhanyilmaz.com\/index.php?rest_route=%2Fwp%2Fv2%2Fmedia&parent=26278"}],"wp:term":[{"taxonomy":"category","embeddable":true,"href":"http:\/\/www.korhanyilmaz.com\/index.php?rest_route=%2Fwp%2Fv2%2Fcategories&post=26278"},{"taxonomy":"post_tag","embeddable":true,"href":"http:\/\/www.korhanyilmaz.com\/index.php?rest_route=%2Fwp%2Fv2%2Ftags&post=26278"}],"curies":[{"name":"wp","href":"https:\/\/api.w.org\/{rel}","templated":true}]}}