{"id":26273,"date":"2010-10-08T13:15:33","date_gmt":"2010-10-08T10:15:33","guid":{"rendered":"http:\/\/www.korhanyilmaz.com\/?p=26273"},"modified":"2010-10-08T13:15:33","modified_gmt":"2010-10-08T10:15:33","slug":"yarsav-ongorulerinin-gerceklesmesinden-mutsuz","status":"publish","type":"post","link":"http:\/\/www.korhanyilmaz.com\/?p=26273","title":{"rendered":"YARSAV \u00f6ng\u00f6r\u00fclerinin ger\u00e7ekle\u015fmesinden mutsuz"},"content":{"rendered":"<p style=\"text-align: justify;\"><a href=\"http:\/\/www.korhanyilmaz.com\/wp-content\/uploads\/2010\/10\/064.jpg\"  class=\"lightview\"><img loading=\"lazy\" decoding=\"async\" class=\"aligncenter size-full wp-image-26274\" src=\"http:\/\/www.korhanyilmaz.com\/wp-content\/uploads\/2010\/10\/064.jpg\" alt=\"\" width=\"292\" height=\"194\" \/><\/a><\/p>\n<p style=\"text-align: justify;\">Yarg\u0131\u00e7lar ve Savc\u0131lar Birli\u011fi (YARSAV) Ba\u015fkan\u0131 Emine \u00dclker Tarhan, referandum s\u00fcrecinde dile getirdikleri g\u00f6r\u00fc\u015flerin ve \u00f6ng\u00f6r\u00fclerin ger\u00e7ekle\u015fmesinden memnuniyet duymad\u0131klar\u0131n\u0131 belirtti.<!--more--><\/p>\n<p style=\"text-align: justify;\">Tarhan, YARSAV Genel Merkezi&#8217;nde d\u00fczenledi\u011fi bas\u0131n toplant\u0131s\u0131nda, 12 Eyl\u00fcl Referandumu sonucunda Anayasa de\u011fi\u015fikliklerinin y\u00fcr\u00fcrl\u00fc\u011fe girdi\u011fini, Hakimler ve Savc\u0131lar Y\u00fcksek Kurulunun (HSYK) yap\u0131s\u0131n\u0131n tamamen de\u011fi\u015ftirildi\u011fini belirtti.<\/p>\n<p style=\"text-align: justify;\">Kurul \u00fcyeli\u011fi i\u00e7in se\u00e7im s\u00fcrecine girildi\u011fini an\u0131msatan Tarhan, &#8220;YARSAV olarak biz de bu s\u00fcrece dahil oldu\u011fumuzu d\u00fc\u015f\u00fcn\u00fcyoruz&#8221; dedi.<\/p>\n<p style=\"text-align: justify;\">Bu ba\u011flamda Anayasa de\u011fi\u015fikli\u011fine ili\u015fkin yasalar\u0131n bir an \u00f6nce \u00e7\u0131kar\u0131lmas\u0131 ve haz\u0131rl\u0131klar\u0131n kamuoyu ile payla\u015f\u0131lmas\u0131 talebinde bulunduklar\u0131n\u0131 ifade eden Tarhan, Adalet Bakanl\u0131\u011f\u0131n\u0131n bu konuda YARSAV&#8217;dan &#8220;herhangi bir g\u00f6r\u00fc\u015f isteminde bulunmamas\u0131n\u0131&#8221; ele\u015ftirdi.<\/p>\n<p style=\"text-align: justify;\">\u00c7al\u0131\u015fmalar\u0131 medya arac\u0131l\u0131\u011f\u0131yla \u00f6\u011frendiklerini belirten Tarhan, \u015funlar\u0131 s\u00f6yledi:<\/p>\n<p style=\"text-align: justify;\">&#8220;Taslak \u00fczerinde yapt\u0131\u011f\u0131m\u0131z inceleme sonucunda haz\u0131rlad\u0131\u011f\u0131m\u0131z g\u00f6r\u00fc\u015f ve \u00f6nerileri siz bas\u0131n mensuplar\u0131na iletece\u011fiz, ilgili kurumlara da g\u00f6nderece\u011fiz. Ancak burada \u00f6zellikle vurgulanmas\u0131 gerekir ki referandum s\u00fcrecinde dile getirdi\u011fimiz g\u00f6r\u00fc\u015flerin ve \u00f6ng\u00f6r\u00fclerimizin ger\u00e7ekle\u015fmesinden memnuniyet duymamaktay\u0131z.<\/p>\n<p style=\"text-align: justify;\">\u00c7\u00fcnk\u00fc yarg\u0131\u00e7lar ve savc\u0131lar \u00fczerindeki Adalet Bakanl\u0131\u011f\u0131 etkisinin \u00e7ok daha a\u011f\u0131r bir boyuta ula\u015ft\u0131\u011f\u0131n\u0131 haz\u0131rlanan taslakta izlemekteyiz.&#8221;<\/p>\n<p style=\"text-align: justify;\">T\u00fcrkiye&#8217;de yarg\u0131\u00e7 ve savc\u0131lar\u0131n i\u015f y\u00fck\u00fc alt\u0131nda ezildi\u011fini de anlatan Tarhan, &#8220;Yarg\u0131\u00e7 ve savc\u0131lar y\u0131pranmakta \u00e7ocuklar\u0131 ile bir ortak haf\u0131za dahi yaratamadan gece, g\u00fcnd\u00fcz hafta sonu, bayram demeden \u00e7al\u0131\u015fmaktad\u0131rlar. Y\u00fczde 90&#8217;a yak\u0131n\u0131 evine i\u015fini ta\u015f\u0131maktad\u0131r. Meslekta\u015flar\u0131m\u0131z\u0131n hastal\u0131klar\u0131n\u0131n tedavisini bile i\u015flerini aksatmamak ad\u0131na adli tatile erteledikleri bir ger\u00e7ektir. Yarg\u0131 sorunlar\u0131 \u00e7\u00f6z\u00fclmedi\u011fi i\u00e7in, siyasi irade buna yana\u015fmad\u0131\u011f\u0131 i\u00e7in g\u00fcn g\u00fcn y\u0131pranmaktad\u0131r, ama y\u0131pranan sadece yarg\u0131 de\u011fil toplumdur&#8221; diye konu\u015ftu.<\/p>\n<p style=\"text-align: justify;\"><a href=\"http:\/\/www.cnnturk.com\/2010\/turkiye\/10\/08\/yarsav.ongorulerinin.gerceklesmesinden.mutsuz\/592328.0\/index.html\" target=\"_blank\"><span style=\"color: #888888;\">CNN T\u00dcRK<\/span><\/a><\/p>\n","protected":false},"excerpt":{"rendered":"<p style=\"text-align: justify;\">\n<p style=\"text-align: justify;\">Yarg\u0131\u00e7lar ve Savc\u0131lar Birli\u011fi (YARSAV) Ba\u015fkan\u0131 Emine \u00dclker Tarhan, referandum s\u00fcrecinde dile getirdikleri g\u00f6r\u00fc\u015flerin ve \u00f6ng\u00f6r\u00fclerin ger\u00e7ekle\u015fmesinden memnuniyet duymad\u0131klar\u0131n\u0131 belirtti.<\/p>\n","protected":false},"author":1,"featured_media":0,"comment_status":"open","ping_status":"closed","sticky":false,"template":"","format":"standard","meta":{"footnotes":""},"categories":[105],"tags":[],"class_list":["post-26273","post","type-post","status-publish","format-standard","hentry","category-gundem","odd"],"_links":{"self":[{"href":"http:\/\/www.korhanyilmaz.com\/index.php?rest_route=\/wp\/v2\/posts\/26273","targetHints":{"allow":["GET"]}}],"collection":[{"href":"http:\/\/www.korhanyilmaz.com\/index.php?rest_route=\/wp\/v2\/posts"}],"about":[{"href":"http:\/\/www.korhanyilmaz.com\/index.php?rest_route=\/wp\/v2\/types\/post"}],"author":[{"embeddable":true,"href":"http:\/\/www.korhanyilmaz.com\/index.php?rest_route=\/wp\/v2\/users\/1"}],"replies":[{"embeddable":true,"href":"http:\/\/www.korhanyilmaz.com\/index.php?rest_route=%2Fwp%2Fv2%2Fcomments&post=26273"}],"version-history":[{"count":0,"href":"http:\/\/www.korhanyilmaz.com\/index.php?rest_route=\/wp\/v2\/posts\/26273\/revisions"}],"wp:attachment":[{"href":"http:\/\/www.korhanyilmaz.com\/index.php?rest_route=%2Fwp%2Fv2%2Fmedia&parent=26273"}],"wp:term":[{"taxonomy":"category","embeddable":true,"href":"http:\/\/www.korhanyilmaz.com\/index.php?rest_route=%2Fwp%2Fv2%2Fcategories&post=26273"},{"taxonomy":"post_tag","embeddable":true,"href":"http:\/\/www.korhanyilmaz.com\/index.php?rest_route=%2Fwp%2Fv2%2Ftags&post=26273"}],"curies":[{"name":"wp","href":"https:\/\/api.w.org\/{rel}","templated":true}]}}