{"id":26262,"date":"2010-10-07T16:16:19","date_gmt":"2010-10-07T13:16:19","guid":{"rendered":"http:\/\/www.korhanyilmaz.com\/?p=26262"},"modified":"2010-10-07T16:16:19","modified_gmt":"2010-10-07T13:16:19","slug":"mhpden-yuksek-yargi-icin-korsan-oylama-iddiasi","status":"publish","type":"post","link":"http:\/\/www.korhanyilmaz.com\/?p=26262","title":{"rendered":"MHP&#8217;den y\u00fcksek yarg\u0131 i\u00e7in &#8216;korsan oylama&#8217; iddias\u0131"},"content":{"rendered":"<p style=\"text-align: justify;\"><a href=\"http:\/\/www.korhanyilmaz.com\/wp-content\/uploads\/2010\/10\/062.jpg\"  class=\"lightview\"><img loading=\"lazy\" decoding=\"async\" class=\"aligncenter size-full wp-image-26263\" src=\"http:\/\/www.korhanyilmaz.com\/wp-content\/uploads\/2010\/10\/062.jpg\" alt=\"\" width=\"330\" height=\"211\" \/><\/a><\/p>\n<p style=\"text-align: justify;\">MHP Grup Ba\u015fkanvekili Oktay Vural, Genel Kurul&#8217;da d\u00fcn yap\u0131lan Anayasa Mahkemesi&#8217;ne \u00fcye se\u00e7imini, &#8220;Tayyip Erdo\u011fan ya da Bakanlar\u0131 yarg\u0131layacak bir Anayasa Mahkemesi \u00fcyesi do\u011frudan do\u011fruya Ba\u015fbakan&#8217;\u0131n talimat\u0131yla atanm\u0131\u015f bulunmaktad\u0131r&#8221; diye de\u011ferlendirdi. <!--more--><\/p>\n<p style=\"text-align: justify;\">Vural, d\u00fczenledi\u011fi bas\u0131n toplant\u0131s\u0131nda, d\u00fcn Anayasa Mahkemesine \u00fcye se\u00e7iminin yap\u0131ld\u0131\u011f\u0131n\u0131 an\u0131msatarak, &#8220;Milletvekilleri se\u00e7im yap\u0131l\u0131rken neye bakarak oyunu verdi? Bilgiler yok, \u00f6zge\u00e7mi\u015f yok, neye g\u00f6re se\u00e7tiniz, ismi mi ho\u015funa gitti? B\u0131y\u0131klar\u0131na m\u0131 bakt\u0131n\u0131z? B\u0131y\u0131klar\u0131na baksak hepsi b\u0131y\u0131kl\u0131, neye g\u00f6re, hangi tercihe g\u00f6re se\u00e7im yap\u0131ld\u0131?&#8221; sorular\u0131n\u0131 y\u00f6neltti.<\/p>\n<p style=\"text-align: justify;\">&#8220;Bu se\u00e7im, do\u011frudan do\u011fruya AKP i\u00e7 mutfa\u011f\u0131ndan talimatla g\u00f6nderilen bir ismin milletvekilleri iradesiyle me\u015frula\u015ft\u0131r\u0131lmas\u0131d\u0131r&#8221; diyen Vural, se\u00e7ilen ki\u015finin Say\u0131\u015ftay se\u00e7imlerinde en az oyu ald\u0131\u011f\u0131n\u0131 ifade etti.<\/p>\n<p style=\"text-align: justify;\">Vural, &#8220;D\u00fcn burada yap\u0131lan bir se\u00e7im de\u011fil atamad\u0131r. Ba\u015fbakan taraf\u0131ndan Anayasa Mahkemesi \u00fcyeli\u011fine bir atama yap\u0131ld\u0131\u011f\u0131 a\u00e7\u0131kt\u0131r. Bu bir rezalettir&#8221; dedi.<\/p>\n<p style=\"text-align: justify;\">Ba\u015fbakan&#8217;\u0131n se\u00e7ilen ki\u015fiyle g\u00f6r\u00fc\u015f\u00fcp g\u00f6r\u00fc\u015fmedi\u011fini soran Vural, &#8220;Maalesef bir parti devleti olu\u015fmas\u0131 i\u00e7in milletvekili iradesi bir k\u0131l\u0131f olarak kullan\u0131lm\u0131\u015ft\u0131r&#8221; diye konu\u015ftu.<\/p>\n<p style=\"text-align: justify;\">D\u00fcn yap\u0131lan oylamada parlamentoda bulunduklar\u0131n\u0131 ancak bir tercihte bulunmad\u0131klar\u0131n\u0131 s\u00f6yleyen Vural, &#8220;D\u0131\u015far\u0131dan gelen birisini &#8216;se\u00e7ti\u011finiz \u00fcye budur&#8217; diye g\u00f6nderseydik herkes tebrik edecekti, \u00e7\u00fcnk\u00fc bilmiyorlar. Milletvekillerine tercih yapabilmeleri i\u00e7in f\u0131rsat bile sunulmam\u0131\u015ft\u0131r. Bu ne bi\u00e7im ileri demokrasi?&#8221; diye sordu. Vural, s\u00f6zlerini \u015f\u00f6yle s\u00fcrd\u00fcrd\u00fc:<\/p>\n<p style=\"text-align: justify;\">&#8220;\u00dc\u00e7\u00fcnc\u00fc oylama hukuk d\u0131\u015f\u0131 oylamad\u0131r. Anayasa&#8217;da yer almayan korsan oylama yapt\u0131lar. Peki bu oylamada bir adaya 276 oy \u00e7\u0131ksayd\u0131 ne olacakt\u0131? B\u00f6yle bir garabet olabilir mi? \u00dc\u00e7\u00fcnc\u00fc oylamaya ge\u00e7iyor, hemen pusulalar\u0131 da\u011f\u0131t\u0131yorlar. Nereden biliyorsunuz bu isimlerin kalaca\u011f\u0131n\u0131? Me\u011fer \u00f6nceden haz\u0131rlanm\u0131\u015f. Oyun oynuyorsunuz. Demek ki bu adaylarla ilgili \u00f6nceden siyasi iradeyle Meclis Ba\u015fkanl\u0131\u011f\u0131n\u0131n bir g\u00f6r\u00fc\u015fmesi olmu\u015f. Oy pusulalar\u0131 bile \u00f6nceden haz\u0131rlanm\u0131\u015f. S\u0131n\u0131f ba\u015fkan\u0131 se\u00e7erken bile insan kendisini tan\u0131t\u0131yor. Burada milli irade oyunu oynuyoruz. Nerede demokrasi? Parlamentoda bile zorbal\u0131k.&#8221;<\/p>\n<p style=\"text-align: justify;\">Se\u00e7ilen \u00fcyenin \u00f6zge\u00e7mi\u015fini okuyan Vural, &#8220;Lisans\u00fcst\u00fc \u00e7al\u0131\u015fmalar\u0131 bo\u015f. Yabanc\u0131 dil \u0130ngilizce, derecesinin dayana\u011f\u0131 bo\u015f. Yurtd\u0131\u015f\u0131 g\u00f6revleri ve s\u00fcresi bo\u015f. Nas\u0131l bir \u00fcye se\u00e7tik? \u0130\u015fte yarg\u0131 siyasala\u015ft\u0131r\u0131l\u0131yor. \u015eimdi Tayyip Erdo\u011fan ya da Bakanlar\u0131 yarg\u0131layacak bir Anayasa Mahkemesi \u00fcyesi do\u011frudan do\u011fruya Ba\u015fbakan&#8217;\u0131n talimat\u0131yla atanm\u0131\u015f bulunmaktad\u0131r&#8221; diye konu\u015ftu.<\/p>\n<p style=\"text-align: justify;\">&#8220;Parti disiplin kuruluna adam atar gibi \u00fcye atad\u0131lar&#8221; diyen Vural, Hakim ve Savc\u0131lar Y\u00fcksek Kurulu (HSYK) i\u00e7in yap\u0131lan se\u00e7imlerin de &#8220;Adalet Bakanl\u0131\u011f\u0131n\u0131n g\u00fcd\u00fcm\u00fcnde, dayatmayla yap\u0131ld\u0131\u011f\u0131n\u0131&#8221; savundu.<\/p>\n<p style=\"text-align: justify;\"><strong>Sorular <\/strong><\/p>\n<p style=\"text-align: justify;\">Bir gazetecinin, d\u00fcn oturumu y\u00f6neten TBMM Ba\u015fkanvekili Meral Ak\u015fener&#8217;in k\u00fcrs\u00fcy\u00fc terk etmesinin do\u011fru olup olmad\u0131\u011f\u0131n\u0131 sormas\u0131 \u00fczerine Vural, &#8220;\u00d6z ge\u00e7mi\u015fi bile milletvekillerine da\u011f\u0131t\u0131lmam\u0131\u015f bir kimsenin oylanmas\u0131ndan kendisi rahats\u0131zl\u0131k duymu\u015ftur. \u00d6yle bir s\u00fcreci nihayetlendirmek istememesini tabii g\u00f6rmek laz\u0131m&#8221; dedi.<\/p>\n<p style=\"text-align: justify;\">Nevzat Pakdil&#8217;e &#8220;Ni\u00e7in oturdunuz, sizi kim g\u00f6revlendirdi?&#8221; diye sormak gerekti\u011fini belirten Vural, oylamayla ilgili teredd\u00fct oldu\u011funda Meclis Ba\u015fkanl\u0131\u011f\u0131n\u0131n iradesinin bu \u015fekilde ortaya \u00e7\u0131kt\u0131\u011f\u0131n\u0131 kaydetti.<\/p>\n<p style=\"text-align: justify;\">Samsunspor-Adanaspor ma\u00e7\u0131n\u0131n TRT \u015ee\u015f&#8217;ten yay\u0131nlanmas\u0131n\u0131n iptal edilmesiyle ilgili bir soru \u00fczerine Vural, \u015funlar\u0131 ifade etti:<\/p>\n<p style=\"text-align: justify;\">&#8220;TRT, hangi yay\u0131n\u0131 nerede yapaca\u011f\u0131n\u0131 bilmiyor mu? Bu kadar \u015fa\u015fk\u0131n m\u0131? Bunlar\u0131n \u00f6nceden belli olmas\u0131 laz\u0131m. Ma\u00e7lar nerede yay\u0131nlan\u0131yorsa oradan yay\u0131nlans\u0131n. Herkesin ula\u015fabilece\u011fi yerden yay\u0131n yapmas\u0131 daha do\u011fru. Etnik kimliklere g\u00f6re yap\u0131lan kamu tercihlerinin nas\u0131l yanl\u0131\u015f sonu\u00e7lar do\u011furabilece\u011fi a\u00e7\u0131s\u0131ndan bu \u00f6nemlidir. Herkese hitap etmesi, yay\u0131n dilinin T\u00fcrk\u00e7e olmas\u0131 gerekti\u011fine ili\u015fkin tespitimizin hakl\u0131 oldu\u011funu g\u00f6steriyor.&#8221;<\/p>\n<p style=\"text-align: justify;\">Bir gazetecinin, &#8220;Ge\u00e7mi\u015fte ya\u015fanan baz\u0131 olaylara ili\u015fkin ara\u015ft\u0131rma \u00f6nergesini AK Parti&#8217;nin harekete ge\u00e7irece\u011fi belirtiliyor. Sizin tavr\u0131n\u0131z ne olacak?&#8221; sorusu \u00fczerine Vural, &#8220;Ge\u00e7sinler. Biri lokomotif oluyor, biri vagon oluyor, sonra &#8216;sen lokomotif ol, sonra vagon ol&#8230;&#8217; Daha tren y\u00fcr\u00fcm\u00fcyor. Bu tercihleri g\u00f6relim bakal\u0131m. Kim hangi konuda ne ad\u0131m atacak?&#8221; diye konu\u015ftu.<\/p>\n<p style=\"text-align: justify;\">Vural, hi\u00e7 bir konuda faili me\u00e7hul kalmamas\u0131, her olay\u0131n sorumlusunun tespit edilmesi gerekti\u011fini d\u00fc\u015f\u00fcnd\u00fcklerini kaydetti.<\/p>\n<p style=\"text-align: justify;\">&#8220;Ba\u015f\u00f6rt\u00fcs\u00fc&#8221; konusunda da ad\u0131m att\u0131klar\u0131n\u0131 belirten Vural, &#8220;AKP bizi yar\u0131 yolda b\u0131rakt\u0131. \u015eimdi orta\u011f\u0131 olan parti o zaman Anayasa Mahkemesine gitti.<\/p>\n<p style=\"text-align: justify;\">\u015eimdi aralar\u0131nda bir tak\u0131m pazarl\u0131klar var. Dolay\u0131s\u0131yla bekliyoruz pazarl\u0131klar\u0131&#8221; dedi.<\/p>\n<p style=\"text-align: justify;\">Vural, bir soru \u00fczerine, MHP ve AKP&#8217;nin ge\u00e7mi\u015fte 411 milletvekiliyle att\u0131\u011f\u0131 ad\u0131m\u0131n amac\u0131n\u0131n y\u00fcksek \u00f6\u011fretime y\u00f6nelik oldu\u011funu an\u0131msatarak, &#8220;Biz sorunu ve \u00e7\u00f6z\u00fcm\u00fc b\u00f6yle ortaya koyduk. Ba\u015fka yere \u00e7ekmeye gerek yok. Gelin MHP&#8217;nin \u00e7\u00f6z\u00fcm \u00f6nerisine yakla\u015f\u0131n, yakla\u015f\u0131yorlar. Bakal\u0131m CHP ile AKP aras\u0131ndaki pazarl\u0131klar nereye varacak? Top gibi oynan\u0131yor. S\u00fcrekli pas at\u0131yorlar. Bunu dipsiz kuyu haline d\u00f6n\u00fc\u015ft\u00fcrmesinler, millet su i\u00e7sin&#8221; dedi.<\/p>\n<p style=\"text-align: justify;\">Vural, Anayasa de\u011fi\u015fikliklerinin bir sorun \u00e7\u00f6zmesi gerekirken, AK Parti&#8217;nin yapt\u0131\u011f\u0131 Anayasa de\u011fi\u015fikliklerinin &#8220;sorun \u00e7\u0131kard\u0131\u011f\u0131n\u0131&#8221; ileri s\u00fcrd\u00fc.<\/p>\n<p style=\"text-align: justify;\"><a href=\"http:\/\/www.cnnturk.com\/2010\/turkiye\/10\/07\/mhpden.yuksek.yargi.icin.korsan.oylama.iddiasi\/592234.0\/index.html\" target=\"_blank\"><span style=\"color: #888888;\">CNN T\u00dcRK<\/span><\/a><\/p>\n","protected":false},"excerpt":{"rendered":"<p style=\"text-align: justify;\">\n<p style=\"text-align: justify;\">MHP Grup Ba\u015fkanvekili Oktay Vural, Genel Kurul&#8217;da d\u00fcn yap\u0131lan Anayasa Mahkemesi&#8217;ne \u00fcye se\u00e7imini, &#8220;Tayyip Erdo\u011fan ya da Bakanlar\u0131 yarg\u0131layacak bir Anayasa Mahkemesi \u00fcyesi do\u011frudan do\u011fruya Ba\u015fbakan&#8217;\u0131n talimat\u0131yla atanm\u0131\u015f bulunmaktad\u0131r&#8221; diye de\u011ferlendirdi. <\/p>\n","protected":false},"author":1,"featured_media":0,"comment_status":"open","ping_status":"closed","sticky":false,"template":"","format":"standard","meta":{"footnotes":""},"categories":[105],"tags":[],"class_list":["post-26262","post","type-post","status-publish","format-standard","hentry","category-gundem","odd"],"_links":{"self":[{"href":"http:\/\/www.korhanyilmaz.com\/index.php?rest_route=\/wp\/v2\/posts\/26262","targetHints":{"allow":["GET"]}}],"collection":[{"href":"http:\/\/www.korhanyilmaz.com\/index.php?rest_route=\/wp\/v2\/posts"}],"about":[{"href":"http:\/\/www.korhanyilmaz.com\/index.php?rest_route=\/wp\/v2\/types\/post"}],"author":[{"embeddable":true,"href":"http:\/\/www.korhanyilmaz.com\/index.php?rest_route=\/wp\/v2\/users\/1"}],"replies":[{"embeddable":true,"href":"http:\/\/www.korhanyilmaz.com\/index.php?rest_route=%2Fwp%2Fv2%2Fcomments&post=26262"}],"version-history":[{"count":0,"href":"http:\/\/www.korhanyilmaz.com\/index.php?rest_route=\/wp\/v2\/posts\/26262\/revisions"}],"wp:attachment":[{"href":"http:\/\/www.korhanyilmaz.com\/index.php?rest_route=%2Fwp%2Fv2%2Fmedia&parent=26262"}],"wp:term":[{"taxonomy":"category","embeddable":true,"href":"http:\/\/www.korhanyilmaz.com\/index.php?rest_route=%2Fwp%2Fv2%2Fcategories&post=26262"},{"taxonomy":"post_tag","embeddable":true,"href":"http:\/\/www.korhanyilmaz.com\/index.php?rest_route=%2Fwp%2Fv2%2Ftags&post=26262"}],"curies":[{"name":"wp","href":"https:\/\/api.w.org\/{rel}","templated":true}]}}