{"id":26258,"date":"2010-10-07T15:39:00","date_gmt":"2010-10-07T12:39:00","guid":{"rendered":"http:\/\/www.korhanyilmaz.com\/?p=26258"},"modified":"2010-10-07T15:39:00","modified_gmt":"2010-10-07T12:39:00","slug":"chpden-adalet-bakanina-sen-kimsin","status":"publish","type":"post","link":"http:\/\/www.korhanyilmaz.com\/?p=26258","title":{"rendered":"CHP&#8217;den Adalet Bakan\u0131&#8217;na: &#8220;Sen kimsin&#8221;"},"content":{"rendered":"<p><a href=\"http:\/\/www.korhanyilmaz.com\/wp-content\/uploads\/2010\/10\/060.jpg\"  class=\"lightview\"><img loading=\"lazy\" decoding=\"async\" class=\"aligncenter size-full wp-image-26259\" src=\"http:\/\/www.korhanyilmaz.com\/wp-content\/uploads\/2010\/10\/060.jpg\" alt=\"\" width=\"292\" height=\"219\" \/><\/a><\/p>\n<p style=\"text-align: justify;\">CHP&#8217;den Adalet Bakan\u0131&#8217;na sert tepki. CHP&#8217;li Ahmet Ersin, Silivri Cezaevi ziyaretlerini ele\u015ftiren Adalet Bakan\u0131 Sadullah Ergin&#8217;e, &#8220;Sen kimsin, kendini AKP \u0130l Ba\u015fkan\u0131, bizi de delegen mi san\u0131yorsun&#8221; dedi. <!--more--><\/p>\n<p style=\"text-align: justify;\">Ahmet Ersin, Adalet Bakan\u0131 Ergin&#8217;in, &#8220;Milletvekillerinin ziyaretlerine izin vermeyece\u011fim&#8221; a\u00e7\u0131klamas\u0131na tepki g\u00f6sterdi.<\/p>\n<p style=\"text-align: justify;\">Ersin konuyu yarg\u0131ya ta\u015f\u0131yacaklar\u0131n\u0131 belirtti, &#8220;Benim \u0130nsan Haklar\u0131 Komisyonu \u00fcyesi olarak g\u00f6revim ihlalleri incelemek. Sen kim oluyorsun?&#8221; diye konu\u015ftu.<\/p>\n<p style=\"text-align: justify;\">Ahmet Ersin, tart\u0131\u015fma yaratan &#8220;D\u00fcn Devlet Bug\u00fcn Cemaat&#8221; adl\u0131 kitab\u0131n yazar\u0131 Hanefi Avc\u0131 ile yapt\u0131klar\u0131 g\u00f6r\u00fc\u015fmeye de de\u011findi.<\/p>\n<p style=\"text-align: justify;\">O g\u00f6r\u00fc\u015fmede avc\u0131 CHP&#8217;li vekillere 11 maddelik not verdi. Notta dinleme iddialar\u0131 ve ya\u015fad\u0131\u011f\u0131 s\u00fcre\u00e7 ile ilgili g\u00f6r\u00fc\u015flerine yer veren Hanefi Avc\u0131 \u00f6zel yetkili mahkemelerin de ciddi sorun olu\u015fturdu\u011funu belirtti.<\/p>\n<p style=\"text-align: justify;\"><a href=\"http:\/\/www.cnnturk.com\/2010\/turkiye\/10\/07\/chpden.adalet.bakanina.sen.kimsin\/592227.0\/index.html\" target=\"_blank\"><span style=\"color: #888888;\">CNN T\u00dcRK<\/span><\/a><\/p>\n","protected":false},"excerpt":{"rendered":"<\/p>\n<p style=\"text-align: justify;\">CHP&#8217;den Adalet Bakan\u0131&#8217;na sert tepki. CHP&#8217;li Ahmet Ersin, Silivri Cezaevi ziyaretlerini ele\u015ftiren Adalet Bakan\u0131 Sadullah Ergin&#8217;e, &#8220;Sen kimsin, kendini AKP \u0130l Ba\u015fkan\u0131, bizi de delegen mi san\u0131yorsun&#8221; dedi. <\/p>\n","protected":false},"author":1,"featured_media":0,"comment_status":"open","ping_status":"closed","sticky":false,"template":"","format":"standard","meta":{"footnotes":""},"categories":[105],"tags":[],"class_list":["post-26258","post","type-post","status-publish","format-standard","hentry","category-gundem","odd"],"_links":{"self":[{"href":"http:\/\/www.korhanyilmaz.com\/index.php?rest_route=\/wp\/v2\/posts\/26258","targetHints":{"allow":["GET"]}}],"collection":[{"href":"http:\/\/www.korhanyilmaz.com\/index.php?rest_route=\/wp\/v2\/posts"}],"about":[{"href":"http:\/\/www.korhanyilmaz.com\/index.php?rest_route=\/wp\/v2\/types\/post"}],"author":[{"embeddable":true,"href":"http:\/\/www.korhanyilmaz.com\/index.php?rest_route=\/wp\/v2\/users\/1"}],"replies":[{"embeddable":true,"href":"http:\/\/www.korhanyilmaz.com\/index.php?rest_route=%2Fwp%2Fv2%2Fcomments&post=26258"}],"version-history":[{"count":0,"href":"http:\/\/www.korhanyilmaz.com\/index.php?rest_route=\/wp\/v2\/posts\/26258\/revisions"}],"wp:attachment":[{"href":"http:\/\/www.korhanyilmaz.com\/index.php?rest_route=%2Fwp%2Fv2%2Fmedia&parent=26258"}],"wp:term":[{"taxonomy":"category","embeddable":true,"href":"http:\/\/www.korhanyilmaz.com\/index.php?rest_route=%2Fwp%2Fv2%2Fcategories&post=26258"},{"taxonomy":"post_tag","embeddable":true,"href":"http:\/\/www.korhanyilmaz.com\/index.php?rest_route=%2Fwp%2Fv2%2Ftags&post=26258"}],"curies":[{"name":"wp","href":"https:\/\/api.w.org\/{rel}","templated":true}]}}