{"id":26249,"date":"2010-10-07T13:51:40","date_gmt":"2010-10-07T10:51:40","guid":{"rendered":"http:\/\/www.korhanyilmaz.com\/?p=26249"},"modified":"2010-10-07T13:51:40","modified_gmt":"2010-10-07T10:51:40","slug":"carkifelek-yayindan-kaldirildi","status":"publish","type":"post","link":"http:\/\/www.korhanyilmaz.com\/?p=26249","title":{"rendered":"\u00c7ark\u0131felek yay\u0131ndan kald\u0131r\u0131ld\u0131"},"content":{"rendered":"<p style=\"text-align: justify;\"><a href=\"http:\/\/www.korhanyilmaz.com\/wp-content\/uploads\/2010\/10\/0571.jpg\"  class=\"lightview\"><img loading=\"lazy\" decoding=\"async\" class=\"aligncenter size-full wp-image-26267\" src=\"http:\/\/www.korhanyilmaz.com\/wp-content\/uploads\/2010\/10\/0571.jpg\" alt=\"\" width=\"410\" height=\"215\" \/><\/a><\/p>\n<p style=\"text-align: justify;\">Mehmet Ali Erbil, \u00c7ark\u0131felek program\u0131nda bir gafa daha imza att\u0131 ve kulland\u0131\u011f\u0131 ifade ile Alevileri k\u0131zd\u0131rd\u0131. Bunun \u00fczerine Star TV, program\u0131n yay\u0131ndan kald\u0131r\u0131ld\u0131\u011f\u0131n\u0131 duyurdu. Erbil ise \u00f6nce d\u00fcn kat\u0131ld\u0131\u011f\u0131 bir canl\u0131 yay\u0131nda, ard\u0131ndan da bug\u00fcn yaz\u0131l\u0131 bir a\u00e7\u0131klama yaparak \u00f6z\u00fcr diledi.<\/p>\n<p style=\"text-align: justify;\"><!--more--><\/p>\n<p style=\"text-align: justify;\">\u0130STANBUL &#8211; D\u00fcn ak\u015fam canl\u0131 olarak yay\u0131nlanan \u00c7ark\u0131felek program\u0131nda Erzincan&#8217;a ba\u011flanan Mehmet Ali Erbil&#8217;in a\u011fz\u0131ndan yanl\u0131\u015fl\u0131kla &#8220;mums\u00f6nd\u00fc&#8221; laf\u0131 \u00e7\u0131km\u0131\u015f, ancak programda gaf yapt\u0131\u011f\u0131n\u0131 anlayan Erbil durumu d\u00fczeltmeye \u00e7al\u0131\u015fm\u0131\u015ft\u0131. Bu geli\u015fmelerin ard\u0131ndan Star Televizyonu bir a\u00e7\u0131klama yaparak program\u0131n yay\u0131ndan kald\u0131r\u0131ld\u0131\u011f\u0131n\u0131 bildirdi.<\/p>\n<p style=\"text-align: justify;\">Bu geli\u015fmenin ard\u0131ndan vatanda\u015flar taraf\u0131ndan tepki g\u00f6ren Mehmet Ali Erbil, d\u00fcn ak\u015fam &#8220;Tarafs\u0131z B\u00f6lge&#8221; program\u0131na telefonla canl\u0131 yay\u0131na ba\u011fland\u0131.<\/p>\n<p style=\"text-align: justify;\">Mehmet Ali Erbil, telefonda \u015funlar\u0131 s\u00f6yledi; &#8220;Benim Alevi kesimden binlerce arkada\u015f\u0131m var. Onlar\u0131 rencide edici bir \u015fekilde bu laf\u0131 kullanabilece\u011fim nas\u0131l d\u00fc\u015f\u00fcn\u00fclebilir. Tabii \u00f6z\u00fcr dilerim. Onlar benim can\u0131m. Nas\u0131l \u00f6z\u00fcr dilemem. A\u011fz\u0131mdan onlar\u0131 incitecek laf \u00e7\u0131kt\u0131ysa elbette \u00f6z\u00fcr diliyorum. E\u011fer b\u00f6yle bir d\u00fc\u015f\u00fcnce varsa, ya\u015fam\u0131 haram ederim kendime.&#8221;<\/p>\n<p style=\"text-align: justify;\">Bunun \u00fczerine Alevi \u00f6rg\u00fctleri protesto eylemleri yapt\u0131. Ankara\u2019da Pir Sultan Abdal K\u00fclt\u00fcr Derne\u011fi Ba\u015fkan\u0131 Fevzi G\u00fcm\u00fc\u015f, Hac\u0131 Bekta\u015fi Veli Anadolu K\u00fclt\u00fcr Vakf\u0131 Ba\u015fkan\u0131 Ercan \u0130\u00e7mez\u2019in de kat\u0131ld\u0131\u011f\u0131 eylemde konu\u015fan Alevi Bekta\u015fi Federasyonu Ba\u015fkan\u0131 Ali Balk\u0131z, Erbil\u2019i k\u0131nayarak, \u201cGitsin K\u0131br\u0131s kumarhanelerinde kumar oynas\u0131n. Erbil\u2019in bu s\u00f6zlerini, Ba\u015fbakan Erdo\u011fan\u2019\u0131n referandum mitinglerinde Alevilere y\u00f6nelik rencide edici s\u00f6zlerinin yenilenmesi olarak g\u00f6r\u00fcyoruz\u201d diye konu\u015ftu. A\u00e7\u0131klamalar\u0131n ard\u0131ndan grup sessizce da\u011f\u0131ld\u0131.<\/p>\n<p style=\"text-align: justify;\">Ya\u015fanan kriz daha sonra, zorunlu din derslerini konu alan CNN T\u00fcrk\u2019teki \u2018Tarafs\u0131z B\u00f6lge\u2019 program\u0131na da ta\u015f\u0131nd\u0131. Programa kat\u0131lan, Fevzi G\u00fcm\u00fc\u015f ve Alevilik Ara\u015ft\u0131rma Merkezi\u2019nden hukuk\u00e7u Ali Y\u0131ld\u0131r\u0131m, Erbil\u2019i k\u0131nad\u0131klar\u0131n\u0131 dile getirdi. Bu s\u0131rada Mehmet Ali Erbil canl\u0131 yay\u0131na ba\u011flanarak, kulland\u0131\u011f\u0131 ifadenin anlam\u0131n\u0131 bilmedi\u011fini, bu s\u00f6z\u00fcn Alevileri rencide etti\u011fi konusunda bir bilgisi olmad\u0131\u011f\u0131n\u0131 belirterek \u015f\u00f6yle konu\u015ftu: \u201cBenim amac\u0131m \u015fov yapmak, e\u011flence program\u0131 yapmak. Bu laf, hayat\u0131m\u0131zda \u00e7ocuklu\u011fumuzda kullan\u0131lm\u0131\u015f bir laf belki. Ben Alevi kesimle can ci\u011fer olmu\u015f biriyim. Alevi kesimde binlerce dostum var. Bir yanl\u0131\u015f anla\u015f\u0131lma olduysa \u00f6z\u00fcr diliyorum. Onlar\u0131n en az\u0131ndan iyi niyetime g\u00fcvenip, onlar\u0131 incitecek, rencide edecek bir laf \u00e7\u0131kt\u0131ysa a\u011fz\u0131mdan \u00f6z\u00fcr diliyorum.\u201d Erbil\u2019in a\u00e7\u0131klamalar\u0131 \u00fczerine, Ali Y\u0131ld\u0131r\u0131m, \u201c\u00d6z\u00fcr diledi\u011fine g\u00f6re en az\u0131ndan bu konu bu ak\u015faml\u0131k kapanm\u0131\u015f oldu\u201d dedi.<\/p>\n<p style=\"text-align: justify;\"><strong>\u00c7ARKIFELEK YAYINDAN KALKTI<\/strong><\/p>\n<p style=\"text-align: justify;\">Bu geli\u015fmelerin ard\u0131ndan Star Televizyonu bir a\u00e7\u0131klama yaparak program\u0131n yay\u0131ndan kald\u0131r\u0131ld\u0131\u011f\u0131n\u0131 bildirdi. \u0130\u015fte o a\u00e7\u0131klama:<\/p>\n<p style=\"text-align: justify;\">D\u00fcn ak\u015fam STAR Televizyonu\u2019nda yay\u0131nlanan bir programda, vatanda\u015flar\u0131m\u0131z\u0131  rencide eden bir ifade kullan\u0131ld\u0131\u011f\u0131 g\u00f6r\u00fclm\u00fc\u015ft\u00fcr. Bu ifadeyi kullanan sanat\u00e7\u0131n\u0131n herhangi bir k\u00f6t\u00fc niyetinin ve kas\u0131tl\u0131 bir davran\u0131\u015f\u0131n\u0131n olmad\u0131\u011f\u0131n\u0131 d\u00fc\u015f\u00fcn\u00fcyoruz.<\/p>\n<p style=\"text-align: justify;\">Nitekim kendisi de derhal bu ifadesinden dolay\u0131 kat\u0131ld\u0131\u011f\u0131 bir ba\u015fka TV program\u0131nda \u00f6z\u00fcr dilemi\u015f bulunmaktad\u0131r.<\/p>\n<p style=\"text-align: justify;\">Buna ra\u011fmen, kas\u0131tl\u0131 ya da kas\u0131ts\u0131z vatanda\u015flar\u0131m\u0131z\u0131 rencide eden hi\u00e7bir ifadeyi m\u00fcsamaha ile kar\u015f\u0131lamam\u0131z m\u00fcmk\u00fcn de\u011fildir.<\/p>\n<p style=\"text-align: justify;\">Bu anlay\u0131\u015ftan hareket eden STAR TV Y\u00f6netimi an\u0131lan program\u0131n kald\u0131r\u0131lmas\u0131na karar vermi\u015ftir.<\/p>\n<p style=\"text-align: justify;\">Kamuoyumuzun bilgisine sayg\u0131 ile sunar\u0131z.<\/p>\n<p style=\"text-align: justify;\"><strong>TEPK\u0130LER \u00dcZER\u0130NE B\u0130R A\u00c7IKLAMA DAHA<\/strong><\/p>\n<p style=\"text-align: justify;\">D\u00fcnk\u00fc gaftan sonra program\u0131 yay\u0131ndan kald\u0131r\u0131lan Mehmet Ali Erbil, Medyatava&#8217;ya \u015fu a\u00e7\u0131klamay\u0131 g\u00f6nderdi.<\/p>\n<p style=\"text-align: justify;\">\u00c7ar\u015famba g\u00fcn\u00fc Star Televizyonu&#8217;nda yay\u0131nlanan ve sunuculu\u011funu yapt\u0131\u011f\u0131m \u201c\u00c7ark\u0131 Felek\u201d program\u0131nda canl\u0131 yay\u0131n esnas\u0131nda \u00fclkemde ya\u015fayan bir \u00e7ok insan\u0131 \u00fczecek maksad\u0131n\u0131 a\u015fan bir c\u00fcmleyi a\u011fz\u0131mdan ka\u00e7\u0131rd\u0131m ve bu sebeple derin \u00fcz\u00fcnt\u00fc i\u00e7ersindeyim\u2026<\/p>\n<p style=\"text-align: justify;\">T\u00fcrk halk\u0131n\u0131n yakinen bildi\u011fi \u00fczere y\u0131llard\u0131r bu t\u00fcr canl\u0131 yay\u0131n e\u011flence programlar\u0131n\u0131 sunmaktay\u0131m. Ve i\u015fimi yaparken tek amac\u0131m; seyreden insanlar\u0131 biraz olsun g\u00fcnl\u00fck streslerinden uzak tutabilmek i\u00e7in g\u00fcld\u00fcrmek suretiyle e\u011flenmelerini ve ne\u015felenmelerini sa\u011flamakt\u0131r. Ayr\u0131ca, yine T\u00fcrk halk\u0131n\u0131n malumu oldu\u011fu \u00fczere kendi enerjimi ve heyecan\u0131m\u0131 her g\u00fcn ilk yay\u0131n\u0131ma \u00e7\u0131karm\u0131\u015f\u00e7as\u0131na yans\u0131t\u0131r ve programlar\u0131n do\u011fal atmosferine kendimi kapt\u0131r\u0131r adeta her seyirci gibi ben de program\u0131 ya\u015far\u0131m.<\/p>\n<p style=\"text-align: justify;\">Takdir edilmelidir ki i\u00e7imde herhangi bir kimseyi \u00fczmek \u00fczere tasarlanm\u0131\u015f hi\u00e7bir art niyet olmadan i\u015fimi yaparken zaman zaman benim de hatalar\u0131m oluyor. \u0130\u015fime ve T\u00fcrk halk\u0131na olan sayg\u0131m nedeni ile azami dikkat g\u00f6stermeme kar\u015f\u0131n bazen maksad\u0131m \u00e7ok masumane de olsa s\u0131n\u0131rlar a\u015f\u0131labiliyor.<\/p>\n<p style=\"text-align: justify;\">Ancak, y\u0131llard\u0131r ekranlardan T\u00fcrk halk\u0131 ile neredeyse b\u00fct\u00fcnle\u015ferek yapt\u0131\u011f\u0131m t\u00fcm programlarda, tiyatro oyunlar\u0131mda, dizilerde ve sinema filmlerimde keza kendi \u00f6zel hayat\u0131mda genel prensibim olarak bir gruba, inanca, mezhebe, etnik k\u00f6ken yahut k\u00fclt\u00fcre asla ve kat\u2019a sayg\u0131s\u0131zl\u0131\u011f\u0131m olmam\u0131\u015ft\u0131r. Her kesimden insan\u0131 e\u011flendiren bir komedyen olarak t\u00fcm bu hassasiyetlerim izleyenler taraf\u0131ndan y\u00fcrekten anla\u015f\u0131ld\u0131\u011f\u0131 i\u00e7in belki de tarihte \u00e7ok az ki\u015fiye nasip olacak bir \u015fekilde T\u00fcrk halk\u0131n\u0131n tevecc\u00fch\u00fcne nail oldum. Bu tevecc\u00fch\u00fcn onurunu \u00fczerinde ta\u015f\u0131yan bir ki\u015fi olarak ad\u0131  ge\u00e7en yay\u0131nda, memleketimdeki bir insan\u0131 dahi \u00fczd\u00fcysem, i\u00e7imde hi\u00e7 bir art niyetin bulunmad\u0131\u011f\u0131n\u0131 ve canl\u0131 yay\u0131n heyecan\u0131 ile istemeden maksad\u0131 a\u015ft\u0131\u011f\u0131n\u0131 bilmelerini isterim. Bu vesile ile t\u00fcm T\u00fcrk halk\u0131ndan \u00f6z\u00fcr dileyerek sayg\u0131lar\u0131m\u0131 sunar\u0131m.<\/p>\n<p style=\"text-align: justify;\"><span style=\"color: #888888;\">Kaynak : <a href=\"http:\/\/www.gazeteport.com.tr\/GUNCEL\/NEWS\/GP_777200\" target=\"_blank\">GAZETEPORT<\/a><\/span><\/p>\n","protected":false},"excerpt":{"rendered":"<p style=\"text-align: justify;\">\n<p style=\"text-align: justify;\">Mehmet Ali Erbil, \u00c7ark\u0131felek program\u0131nda bir gafa daha imza att\u0131 ve kulland\u0131\u011f\u0131 ifade ile Alevileri k\u0131zd\u0131rd\u0131. Bunun \u00fczerine Star TV, program\u0131n yay\u0131ndan kald\u0131r\u0131ld\u0131\u011f\u0131n\u0131 duyurdu. Erbil ise \u00f6nce d\u00fcn kat\u0131ld\u0131\u011f\u0131 bir canl\u0131 yay\u0131nda, ard\u0131ndan da bug\u00fcn yaz\u0131l\u0131 bir a\u00e7\u0131klama yaparak \u00f6z\u00fcr diledi.<\/p>\n<p style=\"text-align: justify;\">\n","protected":false},"author":1,"featured_media":0,"comment_status":"open","ping_status":"closed","sticky":false,"template":"","format":"standard","meta":{"footnotes":""},"categories":[105],"tags":[],"class_list":["post-26249","post","type-post","status-publish","format-standard","hentry","category-gundem","odd"],"_links":{"self":[{"href":"http:\/\/www.korhanyilmaz.com\/index.php?rest_route=\/wp\/v2\/posts\/26249","targetHints":{"allow":["GET"]}}],"collection":[{"href":"http:\/\/www.korhanyilmaz.com\/index.php?rest_route=\/wp\/v2\/posts"}],"about":[{"href":"http:\/\/www.korhanyilmaz.com\/index.php?rest_route=\/wp\/v2\/types\/post"}],"author":[{"embeddable":true,"href":"http:\/\/www.korhanyilmaz.com\/index.php?rest_route=\/wp\/v2\/users\/1"}],"replies":[{"embeddable":true,"href":"http:\/\/www.korhanyilmaz.com\/index.php?rest_route=%2Fwp%2Fv2%2Fcomments&post=26249"}],"version-history":[{"count":0,"href":"http:\/\/www.korhanyilmaz.com\/index.php?rest_route=\/wp\/v2\/posts\/26249\/revisions"}],"wp:attachment":[{"href":"http:\/\/www.korhanyilmaz.com\/index.php?rest_route=%2Fwp%2Fv2%2Fmedia&parent=26249"}],"wp:term":[{"taxonomy":"category","embeddable":true,"href":"http:\/\/www.korhanyilmaz.com\/index.php?rest_route=%2Fwp%2Fv2%2Fcategories&post=26249"},{"taxonomy":"post_tag","embeddable":true,"href":"http:\/\/www.korhanyilmaz.com\/index.php?rest_route=%2Fwp%2Fv2%2Ftags&post=26249"}],"curies":[{"name":"wp","href":"https:\/\/api.w.org\/{rel}","templated":true}]}}