{"id":26233,"date":"2010-10-07T07:34:28","date_gmt":"2010-10-07T04:34:28","guid":{"rendered":"http:\/\/www.korhanyilmaz.com\/?p=26233"},"modified":"2010-10-07T07:34:28","modified_gmt":"2010-10-07T04:34:28","slug":"mehmet-baransudan-hanefi-avciya-kumpas","status":"publish","type":"post","link":"http:\/\/www.korhanyilmaz.com\/?p=26233","title":{"rendered":"Mehmet Baransu&#8217;dan Hanefi Avc\u0131&#8217;ya Kumpas"},"content":{"rendered":"<p style=\"text-align: justify;\"><a href=\"http:\/\/www.korhanyilmaz.com\/wp-content\/uploads\/2010\/10\/052.jpg\"  class=\"lightview\"><img loading=\"lazy\" decoding=\"async\" class=\"aligncenter size-full wp-image-26234\" src=\"http:\/\/www.korhanyilmaz.com\/wp-content\/uploads\/2010\/10\/052.jpg\" alt=\"\" width=\"320\" height=\"224\" \/><\/a><\/p>\n<p style=\"text-align: justify;\">T\u00fcrkiye, 20 A\u011fustos g\u00fcn\u00fc Eski\u015fehir Emniyet M\u00fcd\u00fcr\u00fc Hanefi Avc\u0131\u2019n\u0131n \u201cHali\u00e7\u2019te Ya\u015fayan Simonlar \/ D\u00fcn Devlet Bug\u00fcn Cemaat\u201d adl\u0131 kitab\u0131yla sars\u0131ld\u0131.<\/p>\n<p style=\"text-align: justify;\">Avc\u0131\u2019n\u0131n cemaatin devlet i\u00e7inde \u00f6rg\u00fctlenmesiyle ilgili iddialar\u0131, bir milat niteli\u011findeydi.<!--more--><\/p>\n<p style=\"text-align: justify;\">Cemaatin yay\u0131n organlar\u0131n\u0131n bu kitap ve Hanefi Avc\u0131 hakk\u0131nda yapt\u0131klar\u0131n\u0131 haftalard\u0131r izliyoruz. Ancak bir gazeteci i\u00e7in bu kitap ayr\u0131 bir \u00f6nem arz ediyordu.<\/p>\n<p style=\"text-align: justify;\">O gazeteci; Taraf muhabiri Mehmet Baransu\u2019ydu.<\/p>\n<p style=\"text-align: justify;\"><strong>BARANSU\u2019NUN \u0130LK TEPK\u0130S\u0130 <\/strong><\/p>\n<p style=\"text-align: justify;\">Mehmet Baransu, kitab\u0131n g\u00fcndeme gelmesinden bir g\u00fcn sonra Taraf\u2019ta bir yaz\u0131 kaleme ald\u0131. \u201c<strong>Bir efsanenin sonu mu?<\/strong>\u201d ba\u015fl\u0131kl\u0131 yaz\u0131da; kitap ve Avc\u0131 hakk\u0131ndaki \u201c<strong>d\u00fc\u015f\u00fcncelerini<\/strong>\u201d dile getirdi. \u0130\u015fte bu yaz\u0131 ve sonras\u0131nda ya\u015fananlar\u0131, medya hakk\u0131yla irdelemedi, g\u00f6rmezden geldi.<\/p>\n<p style=\"text-align: justify;\">Baransu\u2019nun 21 A\u011fustos tarihli Taraf\u2019ta \u00e7\u0131kan yaz\u0131s\u0131n\u0131n sat\u0131r aralar\u0131nda \u00e7ok \u00e7arp\u0131c\u0131 ifadeler yer al\u0131yordu:<\/p>\n<p style=\"text-align: justify;\">\u201c(\u2026)2003-2005 y\u0131llar\u0131 aral\u0131\u011f\u0131nda T\u00fcrkiye\u2019nin ge\u00e7ti\u011fi s\u00fcreci, Kararg\u00e2h ve 1. Ordu\u2019da yap\u0131lan planlar\u0131 g\u00fcn g\u00fcn bilen isimlerden biriydi Avc\u0131. (\u2026)\u201d<\/p>\n<p style=\"text-align: justify;\">\u201c(\u2026) Bug\u00fcn ink\u00e2r etti\u011fi Balyoz\u2019u, \u2018Sar\u0131k\u0131z\u2019\u0131, \u2018Ay\u0131\u015f\u0131\u011f\u0131\u2019n\u0131, \u2018Eldiven\u2019i, Ergenekon\u2019u kamuoyundan y\u0131llar \u00f6nce biliyordu. Ba\u015fbakan Recep Tayyip Erdo\u011fan\u2019\u0131 2003\u2019te uyaran isimdi kendisi. Gazetecilere, Ergenekon yap\u0131lanmas\u0131n\u0131, Balyoz\u2019u, darbe planlar\u0131n\u0131 Sabri Uzun\u2019la birlikte nas\u0131l \u00f6nledi\u011fini y\u0131llar \u00f6nce y\u00fczlerce kez anlatm\u0131\u015ft\u0131. Hatta H\u00fcrriyet gazetesinden bir isme baz\u0131 belgeleri veren de kendisiydi. (\u2026)\u201d<\/p>\n<p style=\"text-align: justify;\">\u201c(\u2026) Avc\u0131 bug\u00fcn s\u00f6ylediklerinin tam tersini ge\u00e7mi\u015fte dile getirmi\u015f, \u00fcstelik Erdo\u011fan\u2019a bu olaylarla ilgili belgeler sunmu\u015ftu. Bununla da yetinmemi\u015f, siyaset\u00e7iler, b\u00fcrokratlar ve \u00f6zellikle de gazetecilerle y\u00fczlerce toplant\u0131 yapm\u0131\u015f, belge bilgi payla\u015fm\u0131\u015ft\u0131. Bug\u00fcn i\u00e7i bo\u015f dedi\u011fi Ergenekon soru\u015fturmas\u0131ndaki Kararg\u00e2h Evleri soru\u015fturmas\u0131n\u0131 ilk kez g\u00fcndeme getiren ki\u015fi kendisi de\u011fil miydi? Trakya M\u0130T B\u00f6lge Ba\u015fkanl\u0131\u011f\u0131\u2019n\u0131n istihbarat raporunu dikkate al\u0131p, Trakya\u2019da soru\u015fturma yapm\u0131\u015ft\u0131. Ergenekon savc\u0131lar\u0131na soru\u015fturmalarla ilgili tan\u0131k olarak bilgileri kim vermi\u015fti acaba? \u201cCami bombalama timleri gibi sa\u00e7ma sapan iddialar\u201d ifadesini kitab\u0131nda kullanmas\u0131na ra\u011fmen, Fatih-\u00c7ar\u015famba\u2019y\u0131 askerlerin havaya u\u00e7uraca\u011f\u0131 bilgisini ge\u00e7mi\u015f y\u0131llarda nas\u0131l elde etmi\u015fti? Bu bilgiyi \u00f6\u011frenmek i\u00e7in kulland\u0131\u011f\u0131 istihbarat tekni\u011fi neydi? Kimlerle bunlar\u0131 payla\u015fm\u0131\u015ft\u0131? (\u2026)\u201d<\/p>\n<p style=\"text-align: justify;\"><strong>TEYP KIRDIRTAN S\u00d6YLE\u015e\u0130 <\/strong><\/p>\n<p style=\"text-align: justify;\">Evet, Mehmet Baransu\u2019nun yaz\u0131s\u0131ndan en \u00e7arp\u0131c\u0131 b\u00f6l\u00fcmler bunlard\u0131.<\/p>\n<p style=\"text-align: justify;\">Yani, ne demek istiyordu Baransu?<\/p>\n<p style=\"text-align: justify;\">T\u00fcrkiye\u2019nin son y\u0131llarda konu\u015ftu\u011fu darbe planlar\u0131 iddialar\u0131n\u0131 ilk bilen isimmi\u015f Hanefi Avc\u0131!<\/p>\n<p style=\"text-align: justify;\">T\u00fcm bu belge ve bilgileri \u201c<strong>bir \u015fekilde<\/strong>\u201d, hatta istihbarat teknikleri kullanarak elde etmi\u015f.<\/p>\n<p style=\"text-align: justify;\">Avc\u0131 durmam\u0131\u015f, bu bilgi ve belgeleri Ba\u015fbakan\u2019dan tutun da savc\u0131lar ve gazetecilerle de payla\u015fm\u0131\u015f.<\/p>\n<p style=\"text-align: justify;\">Burada bir virg\u00fcl koyup, 1 Eyl\u00fcl tarihine gelelim.<\/p>\n<p style=\"text-align: justify;\">O g\u00fcn Taraf gazetesinde \u201c<strong>Mehmet Baransu\u2019nun Hanefi Avc\u0131 ile teyp k\u0131rd\u0131rtan s\u00f6yle\u015fisi<\/strong>\u201d yay\u0131nland\u0131.<\/p>\n<p style=\"text-align: justify;\">Avc\u0131 o s\u00f6yle\u015fiyle ilgili Odatv\u2019ye \u015fu a\u00e7\u0131klamalarda bulunmu\u015ftu:<\/p>\n<p style=\"text-align: justify;\">\u201cNiyetim yaz\u0131s\u0131ndaki iddialara tek tek cevap vermekti, onun i\u00e7in r\u00f6portaj yapmay\u0131 kabul ettim. Yaz\u0131s\u0131ndaki iddialar\u0131n\u0131 tekrarlad\u0131. Ben de hem cevapland\u0131rd\u0131m, hem yanl\u0131\u015flar\u0131n\u0131 ve yanl\u0131\u015f kaynaklardan bilgi ald\u0131\u011f\u0131n\u0131 anlatmaya \u00e7al\u0131\u015ft\u0131m. Kaynaklar\u0131n\u0131 getirip, y\u00fczle\u015ftirmesini dahi istedim. Yanl\u0131, tarafl\u0131 oldu\u011fu o kadar belliydi ki\u2026 \u00c7ok acayipti. Sanki birileri i\u00e7in \u00f6zel \u00e7aba g\u00f6steriyordu. Bas\u0131n de\u011fil de davac\u0131 gibiydi.\u201d<\/p>\n<p style=\"text-align: justify;\"><strong>BARANSU S\u00d6YLE\u015e\u0130S\u0130 SORU\u015eTURMAYA G\u0130RD\u0130 <\/strong><\/p>\n<p style=\"text-align: justify;\">Aradan 2 hafta ge\u00e7ti.<\/p>\n<p style=\"text-align: justify;\">\u0130\u00e7i\u015fleri Bakan\u0131 Be\u015fir Atalay\u2019\u0131n talimat\u0131yla g\u00f6revlendirilen bir heyet, g\u00fcya Hanefi Avc\u0131\u2019n\u0131n iddialar\u0131 ve belgeleriyle ilgili bir soru\u015fturma y\u00fcr\u00fctecekti.<\/p>\n<p style=\"text-align: justify;\">Soru\u015fturma yap\u0131ld\u0131. Ancak soru\u015fturman\u0131n i\u00e7eri\u011fi san\u0131ld\u0131\u011f\u0131 gibi cemaatle ilgili iddialar de\u011fil, Avc\u0131\u2019n\u0131n bu kitab\u0131 yazarak devlet kurumlar\u0131n\u0131 \u201c<strong>a\u015fa\u011f\u0131lamas\u0131yd\u0131.<\/strong>\u201d Avc\u0131&#8217;n\u0131n Baransu&#8217;ya verdi\u011fi r\u00f6portaj da soru\u015fturma konusu oldu.<\/p>\n<p style=\"text-align: justify;\">O soru\u015fturman\u0131n 15 Eyl\u00fcl 2010 tarihli 17.80.55.184\/26-15 say\u0131l\u0131 belgeye yans\u0131yan k\u0131sm\u0131nda; Hanefi Avc\u0131\u2019n\u0131n Mehmet Baransu\u2019ya yapt\u0131\u011f\u0131 a\u00e7\u0131klamalar soruldu. M\u00fcfetti\u015fler Avc\u0131\u2019n\u0131n Baransu\u2019ya verdi\u011fi demeci kastederek dedi ki:<\/p>\n<p style=\"text-align: justify;\">\u201cBu demecinizde, Emniyet te\u015fkilat\u0131n\u0131 a\u015fa\u011f\u0131lad\u0131\u011f\u0131n\u0131z, mesle\u011fin onur ve sayg\u0131nl\u0131\u011f\u0131n\u0131 zedeledi\u011finiz iddia ediliyor.\u201d<\/p>\n<p style=\"text-align: justify;\">Emniyet m\u00fcd\u00fcr\u00fc Avc\u0131\u2019dan yaz\u0131l\u0131 ifadesi istendi.<\/p>\n<p style=\"text-align: justify;\">Hanefi Avc\u0131, bir hafta sonra (22 Eyl\u00fcl) bu konudaki ifadesini yaz\u0131l\u0131 olarak 4 ba\u015fm\u00fcfetti\u015fe sundu.<\/p>\n<p style=\"text-align: justify;\">Peki, ne dedi Hanefi Avc\u0131?<\/p>\n<p style=\"text-align: justify;\"><strong>HANEF\u0130 AVCI\u2019NIN \u00c7ARPICI \u0130FADES\u0130 <\/strong><\/p>\n<p style=\"text-align: justify;\">\u015eimdi okuyaca\u011f\u0131n\u0131z a\u00e7\u0131klamalar, Hanefi Avc\u0131\u2019n\u0131n Mehmet Baransu\u2019yla ve yapt\u0131\u011f\u0131 s\u00f6yle\u015fiyle ilgili verdi\u011fi ifadesinden al\u0131nd\u0131. Bak\u0131n, kal\u0131n harflerle yer verdi\u011fimiz o a\u00e7\u0131klamalarda nas\u0131l \u00e7arp\u0131c\u0131 detaylar sakl\u0131:<\/p>\n<p style=\"text-align: justify;\">\u201c(\u2026) Ekte bir suretini sundu\u011fum Mehmet Baransu\u2019nun 22 A\u011fustos 2010 Tarihli taraf gazetesinde yay\u0131nlanan haberinde hakk\u0131mda inan\u0131lmas\u0131 m\u00fcmk\u00fcn olmayan konularda isnatlarda bulunulmu\u015ftur. \u00d6zetle son zamanda bas\u0131nda yer alan askeri belge ve evraklar ile Fatih camii bombalanmas\u0131 dahil bir \u00e7ok olay\u0131 \u00f6nlemek ad\u0131na g\u00f6rev b\u00f6lgem d\u0131\u015f\u0131nda \u00e7al\u0131\u015fmalar yapt\u0131\u011f\u0131m, bir \u00e7ok yere bu bilgileri servis etti\u011fim, bas\u0131n mensuplar\u0131na verdi\u011fim\u2026 konular\u0131n\u0131 yazm\u0131\u015f, benim yapt\u0131\u011f\u0131m\u0131 iddia etti\u011fi hi\u00e7 haberim olmayan olaylar sanki g\u00f6rm\u00fc\u015f\u00e7esine yazmas\u0131 \u00fczerine neden yazd\u0131\u011f\u0131n\u0131, neden bu kanaate vard\u0131\u011f\u0131n\u0131 \u00f6\u011frenmek amac\u0131yla g\u00f6r\u00fc\u015ft\u00fcm.\u201d<\/p>\n<p style=\"text-align: justify;\">Avc\u0131, Baransu\u2019nun \u201cBir efsanenin sonu mu?\u201d ba\u015fl\u0131kl\u0131 yaz\u0131s\u0131ndaki iddialar\u0131 kesin bir dille reddediyordu. Deneyimli emniyet m\u00fcd\u00fcr\u00fc ifadesinin devam\u0131nda, \u201cAskeri bilgi ve belgeleri kendisinin temin etti\u011fi, bunlar\u0131 Ba\u015fbakan\u2019a, savc\u0131lara, gazetecilere servis etti\u011fi\u201d iddialar\u0131n\u0131 da yalanl\u0131yordu. Ve bak\u0131n; buna kar\u015f\u0131l\u0131k Mehmet Baransu\u2019nun kendisine ne dedi\u011fini, nas\u0131l a\u00e7\u0131kl\u0131yordu:<\/p>\n<p style=\"text-align: justify;\">\u201c(\u2026) Kendisine haberinde yazd\u0131\u011f\u0131 benim hi\u00e7 kat\u0131lmad\u0131\u011f\u0131m gibi bas\u0131n\u0131n yazmas\u0131 haricinde bilgim olmayan konular\u0131 bana izafe ederek nas\u0131l yazd\u0131\u011f\u0131n\u0131, hi\u00e7bir askeri belge ve evrak\u0131 temin edip kimseye vermedi\u011fim, Balyoz, ay \u0131\u015f\u0131\u011f\u0131 vs adlarla yay\u0131nlanan konular\u0131 herkes gibi bende bas\u0131nda \u00f6\u011frendim, Fatih camii bombalanmas\u0131 timi vs konular\u0131nda hi\u00e7bir bilgim olmad\u0131\u011f\u0131 halde neden b\u00f6yle yazd\u0131\u011f\u0131n\u0131 sordum. O \u0131srarla \u2018ben eminim kaynaklar\u0131mdan bilgi ald\u0131m t\u00fcm bu askeri belgeleri siz al\u0131p ilgili makamlara aktard\u0131n\u0131z\u2026 vs\u2019 dedi, bu konu\u015fmalar\u0131n bir \u00e7ok k\u0131sm\u0131 gazetecinin ses alma cihaz\u0131nda kay\u0131tl\u0131d\u0131r ama \u00f6nemli k\u0131s\u0131mlar\u0131 daha sonra haberinde yay\u0131nlamam\u0131\u015ft\u0131r. (\u2026)\u201d<\/p>\n<p style=\"text-align: justify;\">Tekrar edelim\u2026 Evet, Baransu \u201ct\u00fcm bu askeri \u2018belgeleri\u2019 (Balyoz, Ay\u0131\u015f\u0131\u011f\u0131, Eldiven vs) ilk Hanefi Avc\u0131\u2019n\u0131n ele ge\u00e7irdi\u011fini ve bunlar\u0131 \u2018ilgili makamlara\u2019 Avc\u0131\u2019n\u0131n verdi\u011fini\u201d s\u00f6yl\u00fcyordu. Dahas\u0131, Baransu bu \u201cbilgisini\u201d \u201chaber kaynaklar\u0131na\u201d dayand\u0131r\u0131yordu. Bu kritik s\u00f6z\u00fc analiz etmek i\u00e7in, Hanefi Avc\u0131\u2019n\u0131n m\u00fcfetti\u015flere s\u00f6ylediklerini okumaya devam edelim. Bak\u0131n, Avc\u0131 olay yaratacak nas\u0131l bir a\u00e7\u0131klamada bulunuyor:<\/p>\n<p style=\"text-align: justify;\">\u201c(\u2026) Bu g\u00f6r\u00fc\u015fmede Baransu\u2019nun yazd\u0131\u011f\u0131 hakk\u0131mda bu kadar yanl\u0131\u015f yalan bilgilerin kayna\u011f\u0131n\u0131 \u00f6\u011frenmek amac\u0131yla g\u00f6r\u00fc\u015fme yapt\u0131m ve g\u00f6r\u00fc\u015fmede de \u00f6\u011frendi\u011fim kadar\u0131 ile Mehmet Baransu\u2019ya baz\u0131 askeri belgeleri veren cemaat mensubu oldu\u011fu kanaatine vard\u0131\u011f\u0131m ki\u015filerin inand\u0131r\u0131c\u0131 olmas\u0131 ve kendilerini ald\u0131\u011f\u0131 as\u0131l kaynaklar\u0131 gizlemek i\u00e7in benden ald\u0131klar\u0131 havas\u0131n\u0131 verdiklerini anlad\u0131m. (\u2026)\u201d<\/p>\n<p style=\"text-align: justify;\"><strong>BARANSU CEMAAT\u0130 NASIL SAKLIYOR <\/strong><\/p>\n<p style=\"text-align: justify;\">Yanl\u0131\u015f okumad\u0131n\u0131z.<\/p>\n<p style=\"text-align: justify;\">Avc\u0131, \u00e7ok tart\u0131\u015f\u0131lacak s\u00f6zler s\u00f6yl\u00fcyordu.<\/p>\n<p style=\"text-align: justify;\">Buna g\u00f6re; Mehmet Baransu\u2019nun Taraf\u2019ta yay\u0131nlad\u0131\u011f\u0131 \u201cdarbe planlar\u0131\u201d, askeri belgeler cemaat taraf\u0131ndan veriliyor ancak, Baransu bu \u201cbelgelerin\u201d inand\u0131r\u0131c\u0131 olmas\u0131 ve belgeleri ald\u0131\u011f\u0131 ki\u015fileri saklamak i\u00e7in, t\u00fcm bunlar\u0131 Hanefi Avc\u0131\u2019ya y\u0131kmak istiyordu.<\/p>\n<p style=\"text-align: justify;\">Yani\u2026<\/p>\n<p style=\"text-align: justify;\">Yanisi \u015fu; Taraf muhabiri Baransu, kendisine s\u0131zd\u0131r\u0131lan o \u201cbelgelerin\u201d as\u0131l kayna\u011f\u0131n\u0131n Hanefi Avc\u0131 oldu\u011funu, Avc\u0131\u2019n\u0131n temin etti\u011fi \u201cbelgelelerin\u201d \u201cyetkili makamlar\u201d taraf\u0131ndan kendisine verildi\u011fini ima ediyordu.<\/p>\n<p style=\"text-align: justify;\">****<\/p>\n<p style=\"text-align: justify;\">Mehmet Baransu, kurdu\u011fu ve Hanefi Avc\u0131\u2019n\u0131n ortaya \u00e7\u0131kard\u0131\u011f\u0131 \u201cplan\u0131\u201d ge\u00e7ti\u011fimiz g\u00fcnlerde G\u00fcrkan Hac\u0131r\u2019\u0131n program\u0131nda da devam ettirdi. Baransu, Hanefi Avc\u0131\u2019n\u0131n k\u00f6stebek oldu\u011funu iddia ederek \u015funlar\u0131 s\u00f6yledi:<\/p>\n<p style=\"text-align: justify;\">&#8220;Hanefi Avc\u0131 Genelkurmay\u2019daki bir toplant\u0131y\u0131 dinlemesi i\u00e7in bir gazeteciyi g\u00f6revlendirdi. \u00dczerine \u00f6zel dinleme cihazlar\u0131 yerle\u015ftirdi ve karargaha yollad\u0131. Daha sonra yine ayn\u0131 gazeteciyle bu kez g\u00f6r\u00fcnt\u00fcl\u00fc servis yap\u0131ld\u0131&#8221;<\/p>\n<p style=\"text-align: justify;\">Baransu&#8217;nun bu s\u00f6zlerinin Hanefi Avc\u0131&#8217;ya bir tehdit mi oldu\u011fu ayr\u0131 bir tart\u0131\u015fma konusu&#8230;<\/p>\n<p style=\"text-align: justify;\">T\u00fcm bu belgelere ve a\u00e7\u0131klamalara bakarak, en benim diyen senaristlerin bile hayal edemeyece\u011fi bir \u201coyun i\u00e7inde oyunun\u201d oldu\u011funu \u00e7ok net bir bi\u00e7imde g\u00f6r\u00fcyoruz.<\/p>\n<p style=\"text-align: justify;\">\u0130\u015fte Hanefi Avc\u0131\u2019ya yap\u0131lan soru\u015fturman\u0131n ve Avc\u0131\u2019n\u0131n ifadelerinin belgeleri :<\/p>\n<p style=\"text-align: center;\"><a href=\"http:\/\/www.odatv.com\/images\/belge1(1).jpg\"><img loading=\"lazy\" decoding=\"async\" class=\"aligncenter\" src=\"http:\/\/www.odatv.com\/images\/belge1(1).jpg\" alt=\"\" width=\"474\" height=\"673\" \/><\/a><a href=\"http:\/\/www.odatv.com\/images\/belge-2(1).jpg\"><img loading=\"lazy\" decoding=\"async\" class=\"aligncenter\" src=\"http:\/\/www.odatv.com\/images\/belge-2(1).jpg\" alt=\"\" width=\"482\" height=\"663\" \/><\/a><a href=\"http:\/\/www.odatv.com\/images\/belge3(1).jpg\"><img loading=\"lazy\" decoding=\"async\" class=\"aligncenter\" src=\"http:\/\/www.odatv.com\/images\/belge3(1).jpg\" alt=\"\" width=\"480\" height=\"472\" \/><\/a><a href=\"http:\/\/www.odatv.com\/n.php?n=mehmet-baransudan-hanefi-avciya-kumpas-0610101200\" target=\"_blank\"><span style=\"color: #888888;\">Kaynak : Bar\u0131\u015f Pehlivan &#8211; Odatv.com<\/span><\/a><\/p>\n","protected":false},"excerpt":{"rendered":"<p style=\"text-align: justify;\">\n<p style=\"text-align: justify;\">T\u00fcrkiye, 20 A\u011fustos g\u00fcn\u00fc Eski\u015fehir Emniyet M\u00fcd\u00fcr\u00fc Hanefi Avc\u0131\u2019n\u0131n \u201cHali\u00e7\u2019te Ya\u015fayan Simonlar \/ D\u00fcn Devlet Bug\u00fcn Cemaat\u201d adl\u0131 kitab\u0131yla sars\u0131ld\u0131.<\/p>\n<p style=\"text-align: justify;\">Avc\u0131\u2019n\u0131n cemaatin devlet i\u00e7inde \u00f6rg\u00fctlenmesiyle ilgili iddialar\u0131, bir milat niteli\u011findeydi.<\/p>\n","protected":false},"author":1,"featured_media":0,"comment_status":"open","ping_status":"closed","sticky":false,"template":"","format":"standard","meta":{"footnotes":""},"categories":[105],"tags":[],"class_list":["post-26233","post","type-post","status-publish","format-standard","hentry","category-gundem","odd"],"_links":{"self":[{"href":"http:\/\/www.korhanyilmaz.com\/index.php?rest_route=\/wp\/v2\/posts\/26233","targetHints":{"allow":["GET"]}}],"collection":[{"href":"http:\/\/www.korhanyilmaz.com\/index.php?rest_route=\/wp\/v2\/posts"}],"about":[{"href":"http:\/\/www.korhanyilmaz.com\/index.php?rest_route=\/wp\/v2\/types\/post"}],"author":[{"embeddable":true,"href":"http:\/\/www.korhanyilmaz.com\/index.php?rest_route=\/wp\/v2\/users\/1"}],"replies":[{"embeddable":true,"href":"http:\/\/www.korhanyilmaz.com\/index.php?rest_route=%2Fwp%2Fv2%2Fcomments&post=26233"}],"version-history":[{"count":0,"href":"http:\/\/www.korhanyilmaz.com\/index.php?rest_route=\/wp\/v2\/posts\/26233\/revisions"}],"wp:attachment":[{"href":"http:\/\/www.korhanyilmaz.com\/index.php?rest_route=%2Fwp%2Fv2%2Fmedia&parent=26233"}],"wp:term":[{"taxonomy":"category","embeddable":true,"href":"http:\/\/www.korhanyilmaz.com\/index.php?rest_route=%2Fwp%2Fv2%2Fcategories&post=26233"},{"taxonomy":"post_tag","embeddable":true,"href":"http:\/\/www.korhanyilmaz.com\/index.php?rest_route=%2Fwp%2Fv2%2Ftags&post=26233"}],"curies":[{"name":"wp","href":"https:\/\/api.w.org\/{rel}","templated":true}]}}