{"id":26222,"date":"2010-10-06T11:38:56","date_gmt":"2010-10-06T08:38:56","guid":{"rendered":"http:\/\/www.korhanyilmaz.com\/?p=26222"},"modified":"2010-10-06T11:38:56","modified_gmt":"2010-10-06T08:38:56","slug":"sozlusuyle-konusurken-olduruldu","status":"publish","type":"post","link":"http:\/\/www.korhanyilmaz.com\/?p=26222","title":{"rendered":"S\u00f6zl\u00fcs\u00fcyle konu\u015furken \u00f6ld\u00fcr\u00fcld\u00fc"},"content":{"rendered":"<p style=\"text-align: center;\"><a href=\"http:\/\/www.korhanyilmaz.com\/wp-content\/uploads\/2010\/10\/045.jpg\"  class=\"lightview\"><img loading=\"lazy\" decoding=\"async\" class=\"aligncenter size-full wp-image-26223\" src=\"http:\/\/www.korhanyilmaz.com\/wp-content\/uploads\/2010\/10\/045.jpg\" alt=\"\" width=\"434\" height=\"233\" \/><\/a><\/p>\n<p style=\"text-align: justify;\">Mu\u011fla&#8217;n\u0131n Dat\u00e7a il\u00e7esindeki Hava Radar Mevzi Komutanl\u0131\u011f\u0131nda bir askerin ate\u015f a\u00e7mas\u0131 sonucu 2 asker \u015fehit oldu.<\/p>\n<p style=\"text-align: justify;\">Hayat\u0131n\u0131 kaybeden iki askerden biri olan \u00d6m\u00fcr Canca&#8217;n\u0131n olay s\u0131ras\u0131nda Rize&#8217;de bulunan s\u00f6zl\u00fcs\u00fcyle telefonda g\u00f6r\u00fc\u015ft\u00fc\u011f\u00fc, s\u00f6zl\u00fcs\u00fcn\u00fcn telefonda &#8220;Beni yakt\u0131n\u0131z ben de sizi yakaca\u011f\u0131m&#8221; diye ba\u011f\u0131r\u0131ld\u0131\u011f\u0131n\u0131 duymu\u015f.<!--more--><\/p>\n<p style=\"text-align: justify;\">MU\u011eLA &#8211; Al\u0131nan bilgiye g\u00f6re, bu sabah Dat\u00e7a&#8217;daki Hava Radar Mevzi Komutanl\u0131\u011f\u0131nda, kimli\u011fi a\u00e7\u0131klanmayan asker, hen\u00fcz belirlenemeyen nedenle arkada\u015flar\u0131na ate\u015f a\u00e7t\u0131. Olayda 2 asker \u015fehit oldu. Hayat\u0131n\u0131 kaybeden iki askerin kimlikleri belirlendi. Cenazeler, otopsi i\u00e7in \u0130zmir Adli T\u0131p Kurumu&#8217;na g\u00f6nderildi.<\/p>\n<p style=\"text-align: justify;\">Dat\u00e7a&#8217;daki Hava Radar Mevzi Komutanl\u0131\u011f\u0131nda g\u00f6revli askerlerden A.K. (Ankara) hen\u00fcz belirlenemeyen nedenle arkada\u015flar\u0131na ate\u015f a\u00e7t\u0131. Olayda, ayn\u0131 birlikte g\u00f6revli \u00d6mer Canca (Rize) ile Teyfik Cebeci (Antalya) ya\u015famlar\u0131n\u0131 yitirdi. Olay yerinde savc\u0131 ve olay yeri inceleme ekiplerinin yapt\u0131\u011f\u0131 incelemenin ard\u0131ndan hayat\u0131n\u0131 kaybeden askerlerin cenazeleri otopsi i\u00e7in \u0130zmir Adli T\u0131p Kurumu&#8217;na g\u00f6nderildi.<\/p>\n<p style=\"text-align: justify;\"><strong>\u00d6LD\u00dcR\u00dcLD\u00dc\u011e\u00dc SIRADA S\u00d6ZL\u00dcS\u00dcYLE G\u00d6R\u00dc\u015e\u00dcYORDU<\/strong><\/p>\n<div id=\"attachment_26224\" style=\"width: 240px\" class=\"wp-caption alignleft\"><a href=\"http:\/\/www.korhanyilmaz.com\/wp-content\/uploads\/2010\/10\/046.jpg\"  class=\"lightview\"><img loading=\"lazy\" decoding=\"async\" aria-describedby=\"caption-attachment-26224\" class=\"size-full wp-image-26224\" style=\"margin-left: 10px; margin-right: 10px;\" src=\"http:\/\/www.korhanyilmaz.com\/wp-content\/uploads\/2010\/10\/046.jpg\" alt=\"\" width=\"230\" height=\"300\" \/><\/a><p id=\"caption-attachment-26224\" class=\"wp-caption-text\">\u00d6m\u00fcr Canca s\u00f6zl\u00fcs\u00fc ile konu\u015furken \u00f6ld\u00fcr\u00fcld\u00fc.<\/p><\/div>\n<p style=\"text-align: justify;\">Mu\u011fla&#8217;n\u0131n Dat\u00e7a il\u00e7esindeki Hava Radar Mevzi Komutanl\u0131\u011f\u0131nda bir askerin ate\u015f a\u00e7mas\u0131 sonucu hayat\u0131n\u0131 kaybeden iki askerden biri olan \u00d6m\u00fcr Canca&#8217;n\u0131n olay s\u0131ras\u0131nda Rize&#8217;de bulunan s\u00f6zl\u00fcs\u00fcyle telefonda g\u00f6r\u00fc\u015ft\u00fc\u011f\u00fc, s\u00f6zl\u00fcs\u00fcn\u00fcn ya\u015fananlar\u0131 duydu\u011fu \u00f6ne s\u00fcr\u00fcld\u00fc.<\/p>\n<p style=\"text-align: justify;\"><strong>&#8220;BEN\u0130 YAKTINIZ BEN DE S\u0130Z\u0130 YAKACA\u011eIM&#8221;<\/strong><\/p>\n<p style=\"text-align: justify;\">\u00d6m\u00fcr Canca&#8217;n\u0131n babas\u0131 Orhan Canca, gazetecilere yapt\u0131\u011f\u0131 a\u00e7\u0131klamada, d\u00fcn gece o\u011flunun cep telefonuyla Rize&#8217;deki s\u00f6zl\u00fcs\u00fcyle konu\u015ftu\u011funu belirterek, &#8221;Konu\u015fma s\u0131ras\u0131nda s\u00f6zl\u00fcs\u00fc ba\u011fr\u0131\u015fmalar\u0131 duymu\u015f. Bir ki\u015finin &#8216;Beni yakt\u0131n\u0131z ben de sizi yakaca\u011f\u0131m&#8217; diye ba\u011f\u0131rd\u0131\u011f\u0131n\u0131 duymu\u015f&#8221; dedi.<\/p>\n<p style=\"text-align: justify;\">Daha sonra telefon ba\u011flant\u0131s\u0131n\u0131n kesildi\u011fini, o\u011flunun s\u00f6zl\u00fcs\u00fcn\u00fcn sabah kendilerini arad\u0131\u011f\u0131n\u0131 ifade eden Canca, &#8221;S\u00f6zl\u00fcs\u00fc bize &#8216;\u00d6m\u00fcr&#8217;e bir \u015fey oldu, telefonla g\u00f6r\u00fc\u015f\u00fcrken ba\u011fr\u0131\u015fmalar duydum, ondan haber al\u0131n&#8217; dedi. Ben de 20 defa askeriyeyi arad\u0131m, sa\u011fl\u0131kl\u0131 bilgi alamad\u0131m. Sonra \u00f6ld\u00fc\u011f\u00fc haberini ald\u0131k. Telefon kay\u0131tlar\u0131 dinlenirse olay\u0131n ne oldu\u011fu tam olarak anla\u015f\u0131l\u0131r&#8221; diye konu\u015ftu.<\/p>\n<p style=\"text-align: justify;\">Orhan Canca, o\u011fluyla son olarak 16 g\u00fcn \u00f6nce konu\u015ftu\u011funu, terhis olduktan sonra i\u015fini kurup evlenmesi konusunda g\u00f6r\u00fc\u015ft\u00fcklerini kaydetti.<\/p>\n<p style=\"text-align: justify;\">Gemicilik yapt\u0131\u011f\u0131 \u00f6\u011frenilen, terhisine 7 ay kala ya\u015fam\u0131n\u0131 yitiren \u00d6m\u00fcr Canca&#8217;n\u0131n (27) Rize&#8217;nin Pazar il\u00e7esi Zafer Mahallesi&#8217;nde ya\u015fayan ailesi taziyeleri kabul ediyor. Pazar Kaymakam\u0131 \u00dcmit H\u00fcseyin G\u00fcney ile Belediye Ba\u015fkan\u0131 Ahmet Basa da aileyi ziyaret ederek ba\u015fsa\u011fl\u0131\u011f\u0131 diledi. \u00d6m\u00fcr Canca&#8217;n\u0131n 3&#8217;\u00fc k\u0131z 4 karde\u015fi bulundu\u011fu, 2 y\u0131ll\u0131k y\u00fcksekokul mezunu oldu\u011fu \u00f6\u011frenildi.<\/p>\n<p style=\"text-align: justify;\"><strong>&#8221;TEK O\u011eLUMUZU ASKER\u0130YEDE KURBAN VERD\u0130K&#8221;<\/strong><\/p>\n<div id=\"attachment_26229\" style=\"width: 262px\" class=\"wp-caption alignleft\"><a href=\"http:\/\/www.korhanyilmaz.com\/wp-content\/uploads\/2010\/10\/0472.jpg\"  class=\"lightview\"><img loading=\"lazy\" decoding=\"async\" aria-describedby=\"caption-attachment-26229\" class=\"size-full wp-image-26229\" style=\"margin-left: 10px; margin-right: 10px;\" src=\"http:\/\/www.korhanyilmaz.com\/wp-content\/uploads\/2010\/10\/0472.jpg\" alt=\"\" width=\"252\" height=\"332\" \/><\/a><p id=\"caption-attachment-26229\" class=\"wp-caption-text\">\u00d6ld\u00fcr\u00fclen asker Teyfik Cebeci<\/p><\/div>\n<p style=\"text-align: justify;\">Mu\u011fla&#8217;n\u0131n Dat\u00e7a il\u00e7esindeki Hava Radar Mevzi Komutanl\u0131\u011f\u0131nda, bir askerin ate\u015f a\u00e7mas\u0131 sonucu hayat\u0131n\u0131 kaybeden Antalyal\u0131 asker Teyfik Cebeci&#8217;nin evinde b\u00fcy\u00fck \u00fcz\u00fcnt\u00fc ya\u015fan\u0131yor.<\/p>\n<p style=\"text-align: justify;\">Dat\u00e7a&#8217;daki Hava Radar Mevzi Komutanl\u0131\u011f\u0131nda, bir arkada\u015flar\u0131n\u0131n ate\u015f a\u00e7mas\u0131 sonucu hayat\u0131n\u0131 kaybeden Antalyal\u0131 er Teyfik Cebeci&#8217;nin Ye\u015filbay\u0131r Obruk Sokak&#8217;taki evlerine bayrak as\u0131ld\u0131. Olay\u0131 duyan vatanda\u015flar eve gelerek aileye ba\u015fsa\u011fl\u0131\u011f\u0131 dile\u011finde bulundu.<\/p>\n<p style=\"text-align: justify;\">Tekstil i\u015f\u00e7isi baba Hasan Cebeci (58), AA muhabirine yapt\u0131\u011f\u0131 a\u00e7\u0131klamada, Antalya Garnizon Komutanl\u0131\u011f\u0131&#8217;na ba\u011fl\u0131 iki subay\u0131n eve gelerek ya\u015fanan olay\u0131 kendilerine bildirdi\u011fini s\u00f6yledi.<\/p>\n<p style=\"text-align: justify;\">Subaylar\u0131n, bir askerin cinnet getirip iki askeri \u015fehit etti\u011fini kendilerine bildirdiklerini anlatan Cebeci, &#8221;Olay\u0131 duyar duymaz b\u00fcy\u00fck bir \u00fcz\u00fcnt\u00fc ya\u015fad\u0131k. Daha d\u00fcn saat 19.00&#8217;da o\u011flumla konu\u015fmu\u015ftum. Her g\u00fcn ayn\u0131 saatte bizi arar, g\u00f6r\u00fc\u015f\u00fcrd\u00fck. Her \u015feyin iyi oldu\u011funu s\u00f6yl\u00fcyordu. Tek o\u011flum vard\u0131. Hayatta tutunabilece\u011fimize inand\u0131\u011f\u0131m tek o\u011flumuzu askeriyede kurban verdik. Ne yapal\u0131m, vatan sa\u011f olsun&#8221; dedi.<\/p>\n<p style=\"text-align: justify;\">O\u011flunun amat\u00f6r bir futbol tak\u0131m\u0131nda oynad\u0131\u011f\u0131n\u0131 anlatan baba Hasan Cebeci, &#8221;Askere gitmeden \u00f6nce o\u011flum har\u00e7l\u0131k biriktirmek i\u00e7in bir konfeksiyon at\u00f6lyesine tezgahtar olarak girmi\u015fti&#8221; diye konu\u015ftu.<\/p>\n<p style=\"text-align: justify;\">Sinir krizi ge\u00e7iren anne Ay\u015fe Cebeci&#8217;yi ise yak\u0131nlar\u0131 ve kom\u015fular\u0131 sakinle\u015ftirmeye \u00e7al\u0131\u015ft\u0131. A\u011f\u0131t yakan anne Cebeci, &#8221;O\u011flumun \u00f6ld\u00fc\u011f\u00fcne inanm\u0131yorum. Bana onun ya\u015fad\u0131\u011f\u0131n\u0131 s\u00f6yleyecekler&#8221; dedi.<\/p>\n<p style=\"text-align: justify;\"><strong>ASKER\u0130 MAHKEMEYE SEVK ED\u0130LD\u0130<\/strong><\/p>\n<p style=\"text-align: justify;\">Mu\u011fla&#8217;n\u0131n Dat\u00e7a il\u00e7esindeki Hava Radar Mevzi Komutanl\u0131\u011f\u0131nda, iki arkada\u015f\u0131n\u0131 \u00f6ld\u00fcrd\u00fc\u011f\u00fc iddia edilen asker, savc\u0131l\u0131ktaki ifade i\u015flemlerinin ard\u0131ndan yo\u011fun g\u00fcvenlik \u00f6nlemleri alt\u0131nda askeri mahkemeye sevk edildi.<\/p>\n<p style=\"text-align: justify;\">Al\u0131nan bilgiye g\u00f6re, Dat\u00e7a&#8217;daki Hava Radar Mevzi Komutanl\u0131\u011f\u0131nda g\u00f6revli askerlerden A.K. Dat\u00e7a Devlet Hastanesi&#8217;ndeki sa\u011fl\u0131k kontrol\u00fcn\u00fcn ard\u0131ndan adliyeye getirildi. Savc\u0131l\u0131kta ifade i\u015flemleri tamamlanarak geni\u015f g\u00fcvenlik \u00f6nlemleri alt\u0131nda adliyeden \u00e7\u0131kar\u0131lan A.K, jandarma arabas\u0131na bindirilerek askeri mahkemeye g\u00f6nderildi.<\/p>\n<p style=\"text-align: justify;\"><strong>\u00d6LEN ASKERLERE \u0130ZM\u0130R&#8217;DE OTOPS\u0130 YAPILACAK<\/strong><\/p>\n<p style=\"text-align: justify;\">\u00d6te yandan olayda hayat\u0131n\u0131 kaybeden ve cenazeleri \u0130zmir Adli T\u0131p Kurumu&#8217;na g\u00f6nderilen askerler \u00d6mer Canca ve Teyfik Cebeci&#8217;nin cesetlerine yar\u0131n otopsi yap\u0131laca\u011f\u0131 bildirildi. (AA)<\/p>\n<p style=\"text-align: justify;\"><a href=\"http:\/\/www.gazeteport.com.tr\/GUNCEL\/NEWS\/GP_776391\" target=\"_blank\"><span style=\"color: #888888;\">Kaynak : GAZETEPORT<\/span><\/a><\/p>\n","protected":false},"excerpt":{"rendered":"<p style=\"text-align: center;\">\n<p style=\"text-align: justify;\">Mu\u011fla&#8217;n\u0131n Dat\u00e7a il\u00e7esindeki Hava Radar Mevzi Komutanl\u0131\u011f\u0131nda bir askerin ate\u015f a\u00e7mas\u0131 sonucu 2 asker \u015fehit oldu.<\/p>\n<p style=\"text-align: justify;\">Hayat\u0131n\u0131 kaybeden iki askerden biri olan \u00d6m\u00fcr Canca&#8217;n\u0131n olay s\u0131ras\u0131nda Rize&#8217;de bulunan s\u00f6zl\u00fcs\u00fcyle telefonda g\u00f6r\u00fc\u015ft\u00fc\u011f\u00fc, s\u00f6zl\u00fcs\u00fcn\u00fcn telefonda &#8220;Beni yakt\u0131n\u0131z ben de sizi yakaca\u011f\u0131m&#8221; diye ba\u011f\u0131r\u0131ld\u0131\u011f\u0131n\u0131 duymu\u015f.<\/p>\n","protected":false},"author":1,"featured_media":0,"comment_status":"open","ping_status":"closed","sticky":false,"template":"","format":"standard","meta":{"footnotes":""},"categories":[105],"tags":[],"class_list":["post-26222","post","type-post","status-publish","format-standard","hentry","category-gundem","odd"],"_links":{"self":[{"href":"http:\/\/www.korhanyilmaz.com\/index.php?rest_route=\/wp\/v2\/posts\/26222","targetHints":{"allow":["GET"]}}],"collection":[{"href":"http:\/\/www.korhanyilmaz.com\/index.php?rest_route=\/wp\/v2\/posts"}],"about":[{"href":"http:\/\/www.korhanyilmaz.com\/index.php?rest_route=\/wp\/v2\/types\/post"}],"author":[{"embeddable":true,"href":"http:\/\/www.korhanyilmaz.com\/index.php?rest_route=\/wp\/v2\/users\/1"}],"replies":[{"embeddable":true,"href":"http:\/\/www.korhanyilmaz.com\/index.php?rest_route=%2Fwp%2Fv2%2Fcomments&post=26222"}],"version-history":[{"count":0,"href":"http:\/\/www.korhanyilmaz.com\/index.php?rest_route=\/wp\/v2\/posts\/26222\/revisions"}],"wp:attachment":[{"href":"http:\/\/www.korhanyilmaz.com\/index.php?rest_route=%2Fwp%2Fv2%2Fmedia&parent=26222"}],"wp:term":[{"taxonomy":"category","embeddable":true,"href":"http:\/\/www.korhanyilmaz.com\/index.php?rest_route=%2Fwp%2Fv2%2Fcategories&post=26222"},{"taxonomy":"post_tag","embeddable":true,"href":"http:\/\/www.korhanyilmaz.com\/index.php?rest_route=%2Fwp%2Fv2%2Ftags&post=26222"}],"curies":[{"name":"wp","href":"https:\/\/api.w.org\/{rel}","templated":true}]}}