{"id":26214,"date":"2010-10-06T17:37:40","date_gmt":"2010-10-06T14:37:40","guid":{"rendered":"http:\/\/www.korhanyilmaz.com\/?p=26214"},"modified":"2010-10-06T17:37:40","modified_gmt":"2010-10-06T14:37:40","slug":"arif-dogandan-carpici-iddialar","status":"publish","type":"post","link":"http:\/\/www.korhanyilmaz.com\/?p=26214","title":{"rendered":"Arif Do\u011fan&#8217;dan \u00e7arp\u0131c\u0131 iddialar"},"content":{"rendered":"<p style=\"text-align: center;\"><a href=\"http:\/\/www.korhanyilmaz.com\/wp-content\/uploads\/2010\/10\/043.jpg\"  class=\"lightview\"><img loading=\"lazy\" decoding=\"async\" class=\"aligncenter size-full wp-image-26215\" src=\"http:\/\/www.korhanyilmaz.com\/wp-content\/uploads\/2010\/10\/043.jpg\" alt=\"\" width=\"411\" height=\"221\" \/><\/a><\/p>\n<p style=\"text-align: justify;\">Ergenekon savc\u0131s\u0131 Zekeriya \u00d6z&#8217;e iki g\u00fcnde yakla\u015f\u0131k 15 saat ifade veren emekli Albay Arif Do\u011fan&#8217;\u0131n &#8216;Ye\u015fil&#8217; kod adl\u0131 Mahmut Y\u0131ld\u0131r\u0131m&#8217;\u0131n ya\u015fad\u0131\u011f\u0131n\u0131 ve eski Jandarma Genel Komutan\u0131 E\u015fref Bitlis&#8217;in helikopterinin kaza sonucu d\u00fc\u015ft\u00fc\u011f\u00fcn\u00fc s\u00f6yledi\u011fi iddia edildi.<!--more--><\/p>\n<p style=\"text-align: justify;\">\u0130STANBUL  &#8211;  &#8221;Ergenekon&#8221; davas\u0131 san\u0131\u011f\u0131 olan ve eski Jandarma Genel Komutan\u0131 Orgeneral E\u015fref Bitlis&#8217;in \u00f6l\u00fcm\u00fcyle ilgili ses kayd\u0131 internete d\u00fc\u015ft\u00fc\u011f\u00fc i\u00e7in hakk\u0131nda inceleme ba\u015flat\u0131lan emekli Albay Arif Do\u011fan, ba\u015fka bir soru\u015fturma kapsam\u0131nda ifade vermek \u00fczere Be\u015fikta\u015f&#8217;taki \u0130stanbul Adliyesine gelerek \u0130stanbul Cumhuriyet Savc\u0131s\u0131 Kadir Alt\u0131n\u0131\u015f\u0131k&#8217;a ifade verdi. Do\u011fan yakla\u015f\u0131k be\u015f saat ifade verdikten sonra Be\u015fikta\u015f&#8217;taki \u0130stanbul Adliyesi&#8217;nden ayr\u0131ld\u0131.<\/p>\n<p style=\"text-align: justify;\">Do\u011fan, adliyeden ayr\u0131l\u0131\u015f\u0131 s\u0131ras\u0131nda bir gazetecinin &#8221;Hangi konuda sorguland\u0131n\u0131z?&#8221; sorusuna, &#8221;Sonra s\u00f6yleyece\u011fim. \u0130fadem bitmedi. Ne olacak al\u0131\u015ft\u0131k, yine gelece\u011fiz&#8221; yan\u0131t\u0131n\u0131 verdi. Bir daha ne zaman gelece\u011fi sorulan Do\u011fan, &#8221;Takdir savc\u0131lar\u0131m\u0131z\u0131n&#8221; dedi.<\/p>\n<p style=\"text-align: justify;\"><strong>FA\u0130L\u0130 ME\u00c7HUL C\u0130NAYETLER KONUSUNDA SORGULANDI<\/strong><\/p>\n<p style=\"text-align: justify;\">Do\u011fan&#8217;\u0131n ifadesinin, \u0130stanbul Cumhuriyet Savc\u0131s\u0131 Kadir Alt\u0131n\u0131\u015f\u0131k taraf\u0131ndan, Diyarbak\u0131r \u00d6zel Yetkili Cumhuriyet Ba\u015fsavc\u0131l\u0131\u011f\u0131n\u0131n &#8221;faili me\u00e7hul cinayetlere&#8221; ili\u015fkin y\u00fcr\u00fctt\u00fc\u011f\u00fc soru\u015fturma kapsam\u0131nda yaz\u0131lan talimat do\u011frultusunda al\u0131nd\u0131\u011f\u0131 \u00f6\u011frenildi.<\/p>\n<p style=\"text-align: justify;\">Bu arada ge\u00e7ti\u011fimiz hafta Zekeriya \u00d6z&#8217;e ifade veren emekli Albay Arif Do\u011fan&#8217;\u0131n verdi\u011fi ifadenin detaylar\u0131 ortaya \u00e7\u0131kmaya ba\u015flad\u0131.<\/p>\n<p style=\"text-align: justify;\"><strong>YE\u015e\u0130L YA\u015eIYOR<\/strong><\/p>\n<p style=\"text-align: justify;\">\u0130nternet ortam\u0131na d\u00fc\u015fen, eski Jandarma Genel Komutan\u0131 E\u015fref Bitlis&#8217;in \u00f6l\u00fcm\u00fcyle ilgili ses kayd\u0131na ili\u015fkin ifadesi al\u0131nan &#8221;Ergenekon&#8221; davas\u0131 san\u0131\u011f\u0131 emekli Albay Arif Do\u011fan&#8217;\u0131n, &#8221;Ye\u015fil&#8221; kod adl\u0131 Mahmut Y\u0131ld\u0131r\u0131m&#8217;\u0131n ya\u015fad\u0131\u011f\u0131 y\u00f6n\u00fcnde bilgi verdi\u011fi \u00f6\u011frenildi.<\/p>\n<p style=\"text-align: justify;\">Al\u0131nan bilgiye g\u00f6re, Do\u011fan&#8217;a ait oldu\u011fu \u00f6ne s\u00fcr\u00fclen, Bitlis&#8217;in \u00f6l\u00fcm\u00fcne ili\u015fkin s\u00f6zlerin haber sitelerinde yer almas\u0131 ve \u0130stanbul Cumhuriyet Ba\u015fsavc\u0131l\u0131\u011f\u0131n\u0131n kay\u0131tla ilgili inceleme ba\u015flatmas\u0131 \u00fczerine, \u00f6zel yetkili cumhuriyet savc\u0131lar\u0131ndan Zekeriya \u00d6z&#8217;\u00fcn ge\u00e7en g\u00fcnlerde ifadesine ba\u015fvurdu\u011fu, &#8221;Ergenekon&#8221; davas\u0131 san\u0131\u011f\u0131 Do\u011fan, ek ifadesinde, &#8221;Ye\u015fil&#8221; kod adl\u0131 Mahmut Y\u0131ld\u0131r\u0131m ve &#8221;Jitem&#8221; ile ilgili a\u00e7\u0131klamalar yapt\u0131.<\/p>\n<div id=\"attachment_26216\" style=\"width: 473px\" class=\"wp-caption aligncenter\"><a href=\"http:\/\/www.korhanyilmaz.com\/wp-content\/uploads\/2010\/10\/044.jpg\"  class=\"lightview\"><img loading=\"lazy\" decoding=\"async\" aria-describedby=\"caption-attachment-26216\" class=\"size-full wp-image-26216 \" src=\"http:\/\/www.korhanyilmaz.com\/wp-content\/uploads\/2010\/10\/044.jpg\" alt=\"\" width=\"463\" height=\"238\" \/><\/a><p id=\"caption-attachment-26216\" class=\"wp-caption-text\">Emekli Albay Arif Do\u011fan<\/p><\/div>\n<p style=\"text-align: justify;\"><strong>YE\u015e\u0130L TUNCEL\u0130&#8217;DE<\/strong><\/p>\n<p style=\"text-align: justify;\">Do\u011fan&#8217;\u0131n ifadesinde, &#8221;Ye\u015fil&#8217; kod adl\u0131 Mahmut Y\u0131ld\u0131r\u0131m&#8217;\u0131n arkada\u015f\u0131 oldu\u011funu ve halen hayatta oldu\u011funu,  kendisiyle Tunceli&#8217;de zaman zaman g\u00f6r\u00fc\u015ft\u00fcklerini s\u00f6yledi\u011fi \u00f6\u011frenildi. Albay Arif Do\u011fan&#8217;\u0131n Y\u0131ld\u0131r\u0131m&#8217;la arac\u0131 ekipler arac\u0131l\u0131\u011f\u0131yla g\u00f6r\u00fc\u015ft\u00fckleri y\u00f6n\u00fcnde bilgi verdi\u011fi de kaydedildi.<\/p>\n<p style=\"text-align: justify;\">&#8221;Ye\u015fil&#8217;in nerede oldu\u011funa&#8221; dair soruyu yan\u0131tlamad\u0131\u011f\u0131 belirtilen Do\u011fan&#8217;\u0131n Jitem hakk\u0131nda sorulan soruya da &#8221;Jitem&#8217;i kendisinin kurdu\u011fu ve y\u00f6netti\u011fi&#8221; \u015feklinde yan\u0131t verdi\u011fi belirtildi.<\/p>\n<p style=\"text-align: justify;\"><strong>J\u0130TEM BELGELER\u0130 DURUYOR<\/strong><\/p>\n<p style=\"text-align: justify;\">&#8221;Jitem donduruldu. Jitem&#8217;e ili\u015fkin t\u00fcm belgeler hala bir Jitem g\u00f6revlisinde duruyor&#8221; ifadesini kulland\u0131\u011f\u0131 belirtilen Do\u011fan&#8217;\u0131n, s\u00f6z konusu Jitem g\u00f6revlisinin ismini savc\u0131ya vermedi\u011fi kaydedildi.<\/p>\n<p style=\"text-align: justify;\">\u00d6ld\u00fcr\u00fclme korkusu nedeniyle s\u00f6z konusu ismi vermedi\u011fi ifade edilen Do\u011fan&#8217;\u0131n &#8221;Jitem&#8217;in baz\u0131 d\u00f6nemlerde PKK&#8217;y\u0131 kulland\u0131\u011f\u0131n\u0131&#8221; belirterek, &#8221; bir d\u00f6nem ya\u015fanan t\u0131r yakma olaylar\u0131ndan baz\u0131lar\u0131n\u0131n PKK&#8217;ya Jitem taraf\u0131ndan yapt\u0131r\u0131ld\u0131\u011f\u0131n\u0131&#8221; \u00f6ne s\u00fcrd\u00fc\u011f\u00fc bildirildi.<\/p>\n<p style=\"text-align: justify;\">Do\u011fan&#8217;\u0131n, ifadesinde, E\u015fref Bitlis&#8217;in \u00f6l\u00fcm\u00fcne ili\u015fkin de &#8221;O bir kazayd\u0131, suikast de\u011fildi&#8221; dedi\u011fi \u00f6\u011frenildi.<\/p>\n<p style=\"text-align: justify;\">\u0130nternet ortam\u0131na d\u00fc\u015fen ses kayd\u0131nda &#8221;Jitem&#8217;i ben kurdum&#8221; diyen ve Do\u011fan oldu\u011fu iddia edilen ki\u015fi, ayn\u0131 zamanda, &#8221;Alevi-S\u00fcnni kavgas\u0131 i\u00e7in Alevilere sald\u0131racak sakall\u0131 bir ekip kurdum. 7 bin ruhsats\u0131z silah da\u011f\u0131t\u0131p ter\u00f6rist yeti\u015ftirdim. 10 bin silahl\u0131 adamla su\u00e7 \u00f6rg\u00fctlerini y\u00f6nettim&#8221; ifadelerini kullanm\u0131\u015ft\u0131. Ses kayd\u0131nda, &#8221;(E\u015fref Pa\u015fa&#8217;n\u0131n \u00f6l\u00fcm\u00fc) Cem Ersever yapt\u0131 diyorlar. E\u015fref&#8217;i \u00f6yle b\u00f6yle yapm\u0131\u015f! Hay\u0131r. Cem Ersever&#8217;in arkas\u0131na ben destek vermesem&#8230; adam m\u0131 \u00f6ld\u00fcrebilir? S\u00f6yleme ya, b\u0131rak \u015funu ya&#8230; Ahmet Cem Ersever&#8217;iymi\u015f, Mustafa Deniz&#8217;iymi\u015f, Mahsune&#8217;siymi\u015f, bunlar \u00e7akal ya&#8221; s\u00f6zleri yer alm\u0131\u015ft\u0131. Ses kayd\u0131yla ilgili olarak \u0130stanbul Cumhuriyet Ba\u015fsavc\u0131l\u0131\u011f\u0131 23 Eyl\u00fclde inceleme ba\u015flatm\u0131\u015ft\u0131.<\/p>\n<p style=\"text-align: justify;\"><a href=\"http:\/\/www.gazeteport.com.tr\/GUNCEL\/NEWS\/GP_776686\" target=\"_blank\"><span style=\"color: #888888;\">Kaynak : GAZETEPORT<\/span><\/a><\/p>\n","protected":false},"excerpt":{"rendered":"<p style=\"text-align: center;\">\n<p style=\"text-align: justify;\">Ergenekon savc\u0131s\u0131 Zekeriya \u00d6z&#8217;e iki g\u00fcnde yakla\u015f\u0131k 15 saat ifade veren emekli Albay Arif Do\u011fan&#8217;\u0131n &#8216;Ye\u015fil&#8217; kod adl\u0131 Mahmut Y\u0131ld\u0131r\u0131m&#8217;\u0131n ya\u015fad\u0131\u011f\u0131n\u0131 ve eski Jandarma Genel Komutan\u0131 E\u015fref Bitlis&#8217;in helikopterinin kaza sonucu d\u00fc\u015ft\u00fc\u011f\u00fcn\u00fc s\u00f6yledi\u011fi iddia edildi.<\/p>\n","protected":false},"author":1,"featured_media":0,"comment_status":"open","ping_status":"closed","sticky":false,"template":"","format":"standard","meta":{"footnotes":""},"categories":[105],"tags":[],"class_list":["post-26214","post","type-post","status-publish","format-standard","hentry","category-gundem","odd"],"_links":{"self":[{"href":"http:\/\/www.korhanyilmaz.com\/index.php?rest_route=\/wp\/v2\/posts\/26214","targetHints":{"allow":["GET"]}}],"collection":[{"href":"http:\/\/www.korhanyilmaz.com\/index.php?rest_route=\/wp\/v2\/posts"}],"about":[{"href":"http:\/\/www.korhanyilmaz.com\/index.php?rest_route=\/wp\/v2\/types\/post"}],"author":[{"embeddable":true,"href":"http:\/\/www.korhanyilmaz.com\/index.php?rest_route=\/wp\/v2\/users\/1"}],"replies":[{"embeddable":true,"href":"http:\/\/www.korhanyilmaz.com\/index.php?rest_route=%2Fwp%2Fv2%2Fcomments&post=26214"}],"version-history":[{"count":0,"href":"http:\/\/www.korhanyilmaz.com\/index.php?rest_route=\/wp\/v2\/posts\/26214\/revisions"}],"wp:attachment":[{"href":"http:\/\/www.korhanyilmaz.com\/index.php?rest_route=%2Fwp%2Fv2%2Fmedia&parent=26214"}],"wp:term":[{"taxonomy":"category","embeddable":true,"href":"http:\/\/www.korhanyilmaz.com\/index.php?rest_route=%2Fwp%2Fv2%2Fcategories&post=26214"},{"taxonomy":"post_tag","embeddable":true,"href":"http:\/\/www.korhanyilmaz.com\/index.php?rest_route=%2Fwp%2Fv2%2Ftags&post=26214"}],"curies":[{"name":"wp","href":"https:\/\/api.w.org\/{rel}","templated":true}]}}