{"id":26210,"date":"2010-10-06T19:36:24","date_gmt":"2010-10-06T16:36:24","guid":{"rendered":"http:\/\/www.korhanyilmaz.com\/?p=26210"},"modified":"2010-10-06T19:36:24","modified_gmt":"2010-10-06T16:36:24","slug":"anayasa-mahkemesi-yeni-uyesi-secildi","status":"publish","type":"post","link":"http:\/\/www.korhanyilmaz.com\/?p=26210","title":{"rendered":"Anayasa Mahkemesi yeni \u00fcyesi se\u00e7ildi"},"content":{"rendered":"<p style=\"text-align: center;\"><a href=\"http:\/\/www.korhanyilmaz.com\/wp-content\/uploads\/2010\/10\/042.jpg\"  class=\"lightview\"><img loading=\"lazy\" decoding=\"async\" class=\"aligncenter size-full wp-image-26211\" src=\"http:\/\/www.korhanyilmaz.com\/wp-content\/uploads\/2010\/10\/042.jpg\" alt=\"\" width=\"413\" height=\"216\" \/><\/a><\/p>\n<p style=\"text-align: justify;\">TBMM Genel Kurulu, Anayasa Mahkemesi \u00fcyeli\u011fine, Say\u0131\u015ftay \u00fcyesi Hicabi Dursun&#8217;u se\u00e7ti.<\/p>\n<p style=\"text-align: justify;\">Genel Kurulda yap\u0131lan \u00fc\u00e7\u00fcnc\u00fc tur oylamada, kullan\u0131lan 265 oyun 256&#8217;s\u0131n\u0131 Hicabi Dursun, 6&#8217;s\u0131n\u0131 ise R\u0131dvan G\u00fcle\u00e7 ald\u0131. 2 oy bo\u015f, 1 oy da ge\u00e7ersiz \u00e7\u0131kt\u0131. B\u00f6ylece \u00fc\u00e7\u00fcnc\u00fc turda en \u00e7ok oyu alan Hicabi Dursun, Anayasa Mahkemesi \u00fcyeli\u011fine se\u00e7ildi. TBMM Ba\u015fkanvekili Nevzat Pakdil, se\u00e7imin tamamlanmas\u0131n\u0131n ard\u0131ndan birle\u015fime ara verdi. <!--more--><\/p>\n<p style=\"text-align: justify;\"><strong>OLAYLI OYLAMA<\/strong><\/p>\n<p style=\"text-align: justify;\">TBMM Genel Kurulu&#8217;nda, Anayasa Mahkemesi \u00fcyeli\u011fi i\u00e7in yap\u0131lan se\u00e7imin tekrarlanan ikinci oylamas\u0131ndan sonra tart\u0131\u015fma ya\u015fand\u0131.<\/p>\n<p style=\"text-align: justify;\">Say\u0131\u015ftay Genel Kurulunca belirlenen adaylardan R\u0131dvan G\u00fcle\u00e7 31, Hicabi Dursun 190 ve Cavit \u00d6zkahraman 8 oy ald\u0131. 230 milletvekilinin kat\u0131ld\u0131\u011f\u0131 oylamada 1 oy da bo\u015f \u00e7\u0131kt\u0131. Buna g\u00f6re adaylardan hi\u00e7biri ikinci oylamada se\u00e7ilebilmek i\u00e7in gereken, \u00fcye tam say\u0131s\u0131n\u0131n salt \u00e7o\u011funlu\u011funun (276) oyunu alamad\u0131.<\/p>\n<p style=\"text-align: justify;\">Tekrarlanan ikinci oylama s\u0131ras\u0131nda CHP milletvekilleri Genel Kurul salonunu terk etti, MHP ve BDP&#8217;liler ise salonda bulunmalar\u0131na kar\u015f\u0131n oylamaya kat\u0131lmad\u0131. \u00c7ekilen kurada ad\u0131 \u00e7\u0131kan, muhalefet partilerine mensup milletvekilleri tasnif kurulunda g\u00f6rev almak istemedi.<\/p>\n<p style=\"text-align: justify;\">Anayasal d\u00fczenlemeye g\u00f6re, bu oylamada en y\u00fcksek oy alan Hicabi Dursun ve R\u0131dvan G\u00fcle\u00e7&#8217;in aday olarak kald\u0131\u011f\u0131 \u00fc\u00e7\u00fcnc\u00fc oylamaya ge\u00e7ildi.<\/p>\n<p style=\"text-align: justify;\"><strong>USUL TARTI\u015eMASI<\/strong><\/p>\n<p style=\"text-align: justify;\">Genel Kurulda TBMM Ba\u015fkanvekili Nevzat Pakdil&#8217;in ikinci tur oylamay\u0131 yenileyece\u011fini s\u00f6ylemesi \u00fczerine usul tart\u0131\u015fmas\u0131 a\u00e7\u0131ld\u0131. CHP Grup Ba\u015fkanvekili Kemal Anadol, Anayasa Mahkemesine \u00fcye se\u00e7ilece\u011fini belirterek, &#8221;Biraz ciddi olal\u0131m. Gayrime\u015fru hale gelecek bu se\u00e7imi yapmayal\u0131m&#8221; dedi.<\/p>\n<p style=\"text-align: justify;\">Anadol, TBMM Ba\u015fkanvekili Nevzat Pakdil&#8217;e, &#8221;Sizden \u00f6nce Meral Ak\u015fener vard\u0131, nerede o, hastaland\u0131 m\u0131? Anayasa&#8217;daki bu bo\u015flu\u011fu resen doldurma hakk\u0131n\u0131 hangi hukuki gerek\u00e7eden al\u0131yorsunuz?&#8221; sorular\u0131n\u0131 y\u00f6neltti.<\/p>\n<p style=\"text-align: justify;\">Se\u00e7imin yar\u0131na ertelenmesini isteyen Anadol, sorunla ilgili Ba\u015fkanl\u0131k Divan\u0131n\u0131n \u00e7al\u0131\u015fmas\u0131n\u0131 istedi.<\/p>\n<p style=\"text-align: justify;\">MHP Grup Ba\u015fkanvekili Mehmet \u015eand\u0131r, \u00e7\u00f6z\u00fclmesi gereken bir sorunla kar\u015f\u0131 kar\u015f\u0131ya olundu\u011funu belirterek &#8221;Ancak takip edilen yol do\u011fru de\u011fildir&#8221; dedi.<\/p>\n<p style=\"text-align: justify;\">Sorunun \u00e7\u00f6z\u00fcm\u00fcnde Genel Kurul bir usul ortaya koyacaksa \u00f6ncelikle bununla ilgili Ba\u015fkanl\u0131k Divan\u0131nda mutabakata var\u0131lmas\u0131 gerekti\u011fini belirten \u015eand\u0131r, &#8221;(Se\u00e7imi yenileyece\u011fim) demek dayatma olur. Tek ki\u015fi olarak bunu vazetmeye hakk\u0131n\u0131z yok. Bu se\u00e7imi yar\u0131na b\u0131rakal\u0131m&#8221; dedi.<\/p>\n<p style=\"text-align: justify;\">AK Parti Grup Ba\u015fkanvekili Bekir Bozda\u011f da karar nisaplar\u0131 \u00e7\u0131kmad\u0131\u011f\u0131nda oylama nas\u0131l tekrarlan\u0131yorsa, bu team\u00fcl\u00fcn burada da uygulanmas\u0131 gerekti\u011fini s\u00f6yledi. Bozda\u011f, Divan\u0131n tutumunun do\u011fru oldu\u011funu kaydetti.<\/p>\n<p style=\"text-align: justify;\">BDP \u015e\u0131rnak Milletvekili Hasip Kaplan, se\u00e7imin ya en ba\u015ftan ya da ikinci turunun yeniden yap\u0131lmas\u0131 gerekti\u011fini s\u00f6yledi.<\/p>\n<p style=\"text-align: justify;\">TBMM Ba\u015fkanvekili Nevzat Pakdil, Ba\u015fkanvekili Meral Ak\u015fener&#8217;in yerine kendisinin gelmesiyle ilgili ele\u015ftiriler \u00fczerine, zaman zaman Divanda n\u00f6bet de\u011fi\u015fimi olabilece\u011fini, Meclis kurallar\u0131n\u0131n her zaman ayn\u0131 oldu\u011funu ve ki\u015fiden ki\u015fiye de\u011fi\u015fmeyece\u011fini s\u00f6yledi.<\/p>\n<p style=\"text-align: justify;\">Bu s\u0131rada CHP Grup Ba\u015fkanvekili Muharrem \u0130nce &#8221;Se\u00e7ece\u011finiz \u00fcye AKP&#8217;nin disiplin kurulu \u00fcyesi olur&#8221; diye seslendi.<\/p>\n<p style=\"text-align: justify;\">Tart\u0131\u015fmalar\u0131n ard\u0131ndan Pakdil, tutumunda bir de\u011fi\u015fiklik olmad\u0131\u011f\u0131n\u0131 ifade ederek, ikinci tur oylamaya ge\u00e7ti.<\/p>\n<p style=\"text-align: justify;\">Muhalefet milletvekilleri s\u0131ralara vurarak bu karar\u0131 protesto etti.<\/p>\n<p style=\"text-align: justify;\">Oylaman\u0131n ba\u015flamas\u0131yla CHP&#8217;li milletvekilleri Genel Kurulu terk etti. (AA)<\/p>\n<p style=\"text-align: justify;\"><a href=\"http:\/\/www.gazeteport.com.tr\/GUNCEL\/NEWS\/GP_776769\" target=\"_blank\"><span style=\"color: #888888;\">Kaynak : GAZETEPORT<\/span><\/a><\/p>\n","protected":false},"excerpt":{"rendered":"<p style=\"text-align: center;\">\n<p style=\"text-align: justify;\">TBMM Genel Kurulu, Anayasa Mahkemesi \u00fcyeli\u011fine, Say\u0131\u015ftay \u00fcyesi Hicabi Dursun&#8217;u se\u00e7ti.<\/p>\n<p style=\"text-align: justify;\">Genel Kurulda yap\u0131lan \u00fc\u00e7\u00fcnc\u00fc tur oylamada, kullan\u0131lan 265 oyun 256&#8217;s\u0131n\u0131 Hicabi Dursun, 6&#8217;s\u0131n\u0131 ise R\u0131dvan G\u00fcle\u00e7 ald\u0131. 2 oy bo\u015f, 1 oy da ge\u00e7ersiz \u00e7\u0131kt\u0131. B\u00f6ylece \u00fc\u00e7\u00fcnc\u00fc turda en \u00e7ok oyu alan Hicabi Dursun, Anayasa Mahkemesi \u00fcyeli\u011fine <\/p>\n","protected":false},"author":1,"featured_media":0,"comment_status":"open","ping_status":"closed","sticky":false,"template":"","format":"standard","meta":{"footnotes":""},"categories":[105],"tags":[],"class_list":["post-26210","post","type-post","status-publish","format-standard","hentry","category-gundem","odd"],"_links":{"self":[{"href":"http:\/\/www.korhanyilmaz.com\/index.php?rest_route=\/wp\/v2\/posts\/26210","targetHints":{"allow":["GET"]}}],"collection":[{"href":"http:\/\/www.korhanyilmaz.com\/index.php?rest_route=\/wp\/v2\/posts"}],"about":[{"href":"http:\/\/www.korhanyilmaz.com\/index.php?rest_route=\/wp\/v2\/types\/post"}],"author":[{"embeddable":true,"href":"http:\/\/www.korhanyilmaz.com\/index.php?rest_route=\/wp\/v2\/users\/1"}],"replies":[{"embeddable":true,"href":"http:\/\/www.korhanyilmaz.com\/index.php?rest_route=%2Fwp%2Fv2%2Fcomments&post=26210"}],"version-history":[{"count":0,"href":"http:\/\/www.korhanyilmaz.com\/index.php?rest_route=\/wp\/v2\/posts\/26210\/revisions"}],"wp:attachment":[{"href":"http:\/\/www.korhanyilmaz.com\/index.php?rest_route=%2Fwp%2Fv2%2Fmedia&parent=26210"}],"wp:term":[{"taxonomy":"category","embeddable":true,"href":"http:\/\/www.korhanyilmaz.com\/index.php?rest_route=%2Fwp%2Fv2%2Fcategories&post=26210"},{"taxonomy":"post_tag","embeddable":true,"href":"http:\/\/www.korhanyilmaz.com\/index.php?rest_route=%2Fwp%2Fv2%2Ftags&post=26210"}],"curies":[{"name":"wp","href":"https:\/\/api.w.org\/{rel}","templated":true}]}}