{"id":26207,"date":"2010-10-06T18:05:47","date_gmt":"2010-10-06T15:05:47","guid":{"rendered":"http:\/\/www.korhanyilmaz.com\/?p=26207"},"modified":"2010-10-06T18:05:47","modified_gmt":"2010-10-06T15:05:47","slug":"kurt-sorunu-ve-supheli-asker-olumleri","status":"publish","type":"post","link":"http:\/\/www.korhanyilmaz.com\/?p=26207","title":{"rendered":"K\u00fcrt sorunu ve \u015f\u00fcpheli asker \u00f6l\u00fcmleri"},"content":{"rendered":"<p style=\"text-align: center;\"><a href=\"http:\/\/www.korhanyilmaz.com\/wp-content\/uploads\/2010\/10\/041.jpg\"  class=\"lightview\"><img loading=\"lazy\" decoding=\"async\" class=\"aligncenter size-full wp-image-26208\" src=\"http:\/\/www.korhanyilmaz.com\/wp-content\/uploads\/2010\/10\/041.jpg\" alt=\"\" width=\"307\" height=\"236\" \/><\/a><\/p>\n<p style=\"text-align: justify;\">Resmi tutanaklara intihar olarak ge\u00e7en Tunceli \u0130l Jandarma Alay Komutan\u0131 Kaz\u0131m \u00c7illio\u011flu&#8217;nun \u00f6l\u00fcm\u00fcn\u00fc \u015f\u00fcpheli g\u00f6steren otopsi raporu ve soru\u015fturma dosyas\u0131 1991-95 y\u0131llar\u0131 aras\u0131ndaki asker \u00f6l\u00fcmlerini yeniden g\u00fcndeme getirdi. Eski Jandarma Genel Komutan\u0131 E\u015fref Bitlis&#8217;in birlikte g\u00f6rev yapt\u0131\u011f\u0131 yedi subay, 1990&#8217;larda ya suikast ya da \u015faibeli kazalar sonucunda hayat\u0131n\u0131 kaybetti.<!--more--><\/p>\n<p style=\"text-align: justify;\">17 \u015eubat 1993&#8217;te, \u015f\u00fcpheli bir u\u00e7ak kazas\u0131nda hayat\u0131n\u0131 kaybeden Jandarma Genel Komutan\u0131 E\u015fref Bitlis&#8217;in birlikte \u00e7al\u0131\u015ft\u0131\u011f\u0131z yedi \u00fcst r\u00fctbeli subay, \u015f\u00fcpheli bi\u00e7imlerde hayat\u0131n\u0131 kaybetti.<\/p>\n<p style=\"text-align: justify;\">Jandarma Korgeneral Hulusi Say\u0131n, devletin K\u00fcrt politikas\u0131n\u0131 sert bir dille ele\u015ftiren komutanlar\u0131n ba\u015f\u0131nda geliyordu.<\/p>\n<p style=\"text-align: justify;\">Say\u0131n, 30 Ocak 1991 y\u0131l\u0131nda kur\u015funlanarak \u00f6ld\u00fcr\u00fcld\u00fc, suikast\u0131 Dev-Sol \u00fcstlendi. Ancak, sald\u0131r\u0131n\u0131n \u00fczerindeki sis perdesi hala aralanm\u0131\u015f de\u011fil.<\/p>\n<p style=\"text-align: justify;\">Jandarma Korgeneral \u0130smail Selen&#8217;in, PKK&#8217;yla m\u00fccadele konusunda d\u00f6nemin y\u00f6neticileriyle ters d\u00fc\u015ft\u00fc\u011f\u00fc biliniyor.<\/p>\n<p style=\"text-align: justify;\">Selen, emekli olduktan sonra, yani 23 May\u0131s 1991&#8217;de \u00f6ld\u00fcr\u00fcld\u00fc. Ayn\u0131 g\u00fcn adana Jandarma B\u00f6lge Komutan\u0131 Temel Cing\u00f6z de suikasta u\u011frad\u0131. \u0130smail Selen, \u015f\u00fcpheli bir \u015fekilde \u00f6len Albay Kaz\u0131m \u00c7illio\u011flu&#8217;nun yak\u0131n arkada\u015f\u0131yd\u0131.<\/p>\n<p style=\"text-align: justify;\">Jandarma Genel Komutan\u0131 Orgeneral E\u015fref Bitlis 17 \u015eubat 1993 y\u0131l\u0131nda \u015faibeli bir u\u00e7ak kazas\u0131nda \u015fehit oldu.<\/p>\n<p style=\"text-align: justify;\">E\u015fref Bitlis&#8217;in emrinde \u00e7al\u0131\u015fan Diyarbak\u0131r Jandarma B\u00f6lge Komutan\u0131 Bahtiyar Ayd\u0131n da K\u00fcrt sorununun \u015fiddetle sona ermeyece\u011fini dile getiren subaylardand\u0131.<\/p>\n<p style=\"text-align: justify;\">22 Ekim 1993&#8217;te Diyarbak\u0131r Lice&#8217;de suikast sonucu hayat\u0131n\u0131 kaybetti. Suikast\u0131n sebebi bilinmiyor, silah ise ortadan kayboldu.<\/p>\n<p style=\"text-align: justify;\">Ergenekon san\u0131\u011f\u0131 emekli Albay Arif Do\u011fan&#8217;\u0131n iddalar\u0131yla g\u00fcndeme gelen, Jitem&#8217;in kurucular\u0131ndan Binba\u015f\u0131 Cem Ersever, 4 Nisan 1993&#8217;te Ankara&#8217;da \u00f6l\u00fc bulundu.<\/p>\n<p style=\"text-align: justify;\">E\u015fref Bitlis&#8217;in \u00f6ld\u00fc\u011f\u00fc \u015faibeli u\u00e7ak kazas\u0131ndan bir y\u0131l sonra, 3 \u015eubat 1994&#8217;te Tunceli Jandarma Alay Komutan\u0131 Kaz\u0131m \u00c7illio\u011flu da lojman\u0131nda \u00f6l\u00fc bulundu. \u00c7illio\u011flu&#8217;nun intihar etti\u011fi a\u00e7\u0131kland\u0131.<\/p>\n<p style=\"text-align: justify;\">E\u015fref Bitlis&#8217;in ekibinde yer alan ba\u015fka bir isim ise Albay R\u0131dvan \u00d6zden&#8217;di. \u0130ki korumas\u0131yla 12 A\u011fustos 1995&#8217;te \u00f6ld\u00fcr\u00fcld\u00fc.<\/p>\n<p style=\"text-align: justify;\">Albay \u00d6zden dosyas\u0131 da Ergenekon soru\u015fturmas\u0131 kapsam\u0131nda yeniden a\u00e7\u0131lanlar aras\u0131nda.<\/p>\n<p style=\"text-align: justify;\"><a href=\"http:\/\/www.cnnturk.com\/2010\/turkiye\/10\/06\/kurt.sorunu.ve.supheli.asker.olumleri\/592132.0\/index.html\" target=\"_blank\"><span style=\"color: #888888;\">CNN T\u00dcRK<\/span><\/a><\/p>\n","protected":false},"excerpt":{"rendered":"<p style=\"text-align: center;\">\n<p style=\"text-align: justify;\">Resmi tutanaklara intihar olarak ge\u00e7en Tunceli \u0130l Jandarma Alay Komutan\u0131 Kaz\u0131m \u00c7illio\u011flu&#8217;nun \u00f6l\u00fcm\u00fcn\u00fc \u015f\u00fcpheli g\u00f6steren otopsi raporu ve soru\u015fturma dosyas\u0131 1991-95 y\u0131llar\u0131 aras\u0131ndaki asker \u00f6l\u00fcmlerini yeniden g\u00fcndeme getirdi. Eski Jandarma Genel Komutan\u0131 E\u015fref Bitlis&#8217;in birlikte g\u00f6rev yapt\u0131\u011f\u0131 yedi subay, 1990&#8217;larda ya suikast ya da \u015faibeli kazalar sonucunda hayat\u0131n\u0131 kaybetti.<\/p>\n","protected":false},"author":1,"featured_media":0,"comment_status":"open","ping_status":"closed","sticky":false,"template":"","format":"standard","meta":{"footnotes":""},"categories":[105],"tags":[],"class_list":["post-26207","post","type-post","status-publish","format-standard","hentry","category-gundem","odd"],"_links":{"self":[{"href":"http:\/\/www.korhanyilmaz.com\/index.php?rest_route=\/wp\/v2\/posts\/26207","targetHints":{"allow":["GET"]}}],"collection":[{"href":"http:\/\/www.korhanyilmaz.com\/index.php?rest_route=\/wp\/v2\/posts"}],"about":[{"href":"http:\/\/www.korhanyilmaz.com\/index.php?rest_route=\/wp\/v2\/types\/post"}],"author":[{"embeddable":true,"href":"http:\/\/www.korhanyilmaz.com\/index.php?rest_route=\/wp\/v2\/users\/1"}],"replies":[{"embeddable":true,"href":"http:\/\/www.korhanyilmaz.com\/index.php?rest_route=%2Fwp%2Fv2%2Fcomments&post=26207"}],"version-history":[{"count":0,"href":"http:\/\/www.korhanyilmaz.com\/index.php?rest_route=\/wp\/v2\/posts\/26207\/revisions"}],"wp:attachment":[{"href":"http:\/\/www.korhanyilmaz.com\/index.php?rest_route=%2Fwp%2Fv2%2Fmedia&parent=26207"}],"wp:term":[{"taxonomy":"category","embeddable":true,"href":"http:\/\/www.korhanyilmaz.com\/index.php?rest_route=%2Fwp%2Fv2%2Fcategories&post=26207"},{"taxonomy":"post_tag","embeddable":true,"href":"http:\/\/www.korhanyilmaz.com\/index.php?rest_route=%2Fwp%2Fv2%2Ftags&post=26207"}],"curies":[{"name":"wp","href":"https:\/\/api.w.org\/{rel}","templated":true}]}}