{"id":26203,"date":"2010-10-06T20:26:07","date_gmt":"2010-10-06T17:26:07","guid":{"rendered":"http:\/\/www.korhanyilmaz.com\/?p=26203"},"modified":"2010-10-06T20:26:07","modified_gmt":"2010-10-06T17:26:07","slug":"facebook-kapaniyor-mu","status":"publish","type":"post","link":"http:\/\/www.korhanyilmaz.com\/?p=26203","title":{"rendered":"Facebook kapan\u0131yor mu?"},"content":{"rendered":"<p style=\"text-align: center;\"><a href=\"http:\/\/www.korhanyilmaz.com\/wp-content\/uploads\/2010\/10\/040.jpg\"  class=\"lightview\"><img loading=\"lazy\" decoding=\"async\" class=\"aligncenter size-full wp-image-26204\" src=\"http:\/\/www.korhanyilmaz.com\/wp-content\/uploads\/2010\/10\/040.jpg\" alt=\"\" width=\"263\" height=\"213\" \/><\/a><\/p>\n<p style=\"text-align: justify;\">Youtube&#8217;den sonra \u015fimdi de Facebook&#8217;un kapat\u0131laca\u011f\u0131 iddia ediliyor. Ula\u015ft\u0131rma Bakan\u0131 Binali Y\u0131ld\u0131r\u0131m, &#8220;olay\u0131 sadece bir payla\u015f\u0131m sitesinin kapat\u0131lmas\u0131 gibi basite indirgemek do\u011fru de\u011fil&#8221; dedi. Facebook hakk\u0131nda \u00e7\u0131kan 30 kapatma karar\u0131na dikkat \u00e7eken Y\u0131ld\u0131r\u0131m, &#8220;bu kararlara ra\u011fmen, hi\u00e7bir giri\u015fimde bulunmam\u0131\u015flar&#8221; diye konu\u015ftu.<!--more--><\/p>\n<p style=\"text-align: justify;\">Ula\u015ft\u0131rma Bakan\u0131 Binali Y\u0131ld\u0131r\u0131m, CeBIT Bili\u015fim Eurasia 2010 kapsam\u0131nda Ekonomi Gazetecileri Derne\u011fi&#8217;nin d\u00fczenledi\u011fi KOB\u0130&#8217;ler, \u0130leti\u015fim ve Bili\u015fim konulu panele kat\u0131ld\u0131.<\/p>\n<p style=\"text-align: justify;\">Panelde yapt\u0131\u011f\u0131 konu\u015fman\u0131n ard\u0131ndan gazetecilerin sorular\u0131n\u0131 yantlayan Y\u0131ld\u0131r\u0131m, Youtube&#8217;den sonra Facebook&#8217;un da kapat\u0131lmas\u0131n\u0131n g\u00fcndeme gelmesi ile ilgili konu\u015ftu.<\/p>\n<p style=\"text-align: justify;\">Konu\u015fmas\u0131nda T\u00fcrkiye&#8217;nin bir hukuk devleti oldu\u011funa vurgu yapan Bakan Y\u0131ld\u0131r\u0131m yarg\u0131n\u0131n kararlar\u0131na y\u00fcr\u00fctmenin m\u00fcdahale etmesinin s\u00f6z konusu olmad\u0131\u011f\u0131n\u0131 s\u00f6yledi.<\/p>\n<p style=\"text-align: justify;\">Bakan Y\u0131ld\u0131r\u0131m \u015f\u00f6yle konu\u015ftu: &#8220;Olay\u0131 sadece bir payla\u015f\u0131m sitesinin kapat\u0131lmas\u0131 gibi basite indirgemek do\u011fru de\u011fil. \u0130\u015fin arka plan\u0131na bakman\u0131z laz\u0131m. Arka plan\u0131nda 30 tane kapatma karar\u0131 var. Bu kapatma karar\u0131na kar\u015f\u0131, bu payla\u015f\u0131m sitesi hi\u00e7bir giri\u015fimde bulunmam\u0131\u015f. Bir \u00fcst mahkemeye gitmemi\u015f. Gelip idareyle konu\u015fup \u00e7\u00f6z\u00fcm cihetine gitmemi\u015f. Ba\u015fka \u00fclkelerde yapt\u0131\u011f\u0131, uydu\u011fu, tabi oldu\u011fu kanunlar\u0131 T\u00fcrkiye&#8217;de yok saym\u0131\u015f.<\/p>\n<p style=\"text-align: justify;\">Buras\u0131 bir hukuk devleti. Burada hukuk herkes i\u00e7in i\u015fler. Yabanc\u0131, yerli farketmez. Bir T\u00fcrkiye \u015firketi hangi hukuk sistemine tabiyse, burada hizmet veren, al\u0131\u015fveri\u015f yapan, parakazanan, yurt d\u0131\u015f\u0131nda bir \u015firket de olsa ayn\u0131 hukuk sistemine tabi. Bizim istedi\u011fimiz \u00e7ifte standart uygulanmamas\u0131d\u0131r. \u0130srail&#8217;de, Almanya&#8217;da, Brezilya&#8217;da ba\u015fka davranacaks\u0131n\u0131z, onlar\u0131n dediklerini yapacaks\u0131n\u0131z, T\u00fcrkiye&#8217;ye gelince &#8216;Ben yapmam&#8217; diyeceksiniz. T\u00fcrk halk\u0131 bunu kabul etmez.&#8221;<\/p>\n<p style=\"text-align: justify;\"><a href=\"http:\/\/www.cnnturk.com\/2010\/turkiye\/10\/06\/facebook.kapaniyor.mu\/592143.0\/index.html\" target=\"_blank\"><span style=\"color: #888888;\">CNN T\u00dcRK<\/span><\/a><\/p>\n","protected":false},"excerpt":{"rendered":"<p style=\"text-align: center;\">\n<p style=\"text-align: justify;\">Youtube&#8217;den sonra \u015fimdi de Facebook&#8217;un kapat\u0131laca\u011f\u0131 iddia ediliyor. Ula\u015ft\u0131rma Bakan\u0131 Binali Y\u0131ld\u0131r\u0131m, &#8220;olay\u0131 sadece bir payla\u015f\u0131m sitesinin kapat\u0131lmas\u0131 gibi basite indirgemek do\u011fru de\u011fil&#8221; dedi. Facebook hakk\u0131nda \u00e7\u0131kan 30 kapatma karar\u0131na dikkat \u00e7eken Y\u0131ld\u0131r\u0131m, &#8220;bu kararlara ra\u011fmen, hi\u00e7bir giri\u015fimde bulunmam\u0131\u015flar&#8221; diye konu\u015ftu.<\/p>\n","protected":false},"author":1,"featured_media":0,"comment_status":"open","ping_status":"closed","sticky":false,"template":"","format":"standard","meta":{"footnotes":""},"categories":[105],"tags":[],"class_list":["post-26203","post","type-post","status-publish","format-standard","hentry","category-gundem","odd"],"_links":{"self":[{"href":"http:\/\/www.korhanyilmaz.com\/index.php?rest_route=\/wp\/v2\/posts\/26203","targetHints":{"allow":["GET"]}}],"collection":[{"href":"http:\/\/www.korhanyilmaz.com\/index.php?rest_route=\/wp\/v2\/posts"}],"about":[{"href":"http:\/\/www.korhanyilmaz.com\/index.php?rest_route=\/wp\/v2\/types\/post"}],"author":[{"embeddable":true,"href":"http:\/\/www.korhanyilmaz.com\/index.php?rest_route=\/wp\/v2\/users\/1"}],"replies":[{"embeddable":true,"href":"http:\/\/www.korhanyilmaz.com\/index.php?rest_route=%2Fwp%2Fv2%2Fcomments&post=26203"}],"version-history":[{"count":0,"href":"http:\/\/www.korhanyilmaz.com\/index.php?rest_route=\/wp\/v2\/posts\/26203\/revisions"}],"wp:attachment":[{"href":"http:\/\/www.korhanyilmaz.com\/index.php?rest_route=%2Fwp%2Fv2%2Fmedia&parent=26203"}],"wp:term":[{"taxonomy":"category","embeddable":true,"href":"http:\/\/www.korhanyilmaz.com\/index.php?rest_route=%2Fwp%2Fv2%2Fcategories&post=26203"},{"taxonomy":"post_tag","embeddable":true,"href":"http:\/\/www.korhanyilmaz.com\/index.php?rest_route=%2Fwp%2Fv2%2Ftags&post=26203"}],"curies":[{"name":"wp","href":"https:\/\/api.w.org\/{rel}","templated":true}]}}