{"id":26199,"date":"2010-10-06T18:09:46","date_gmt":"2010-10-06T15:09:46","guid":{"rendered":"http:\/\/www.korhanyilmaz.com\/?p=26199"},"modified":"2010-10-06T18:09:46","modified_gmt":"2010-10-06T15:09:46","slug":"balkanlardan-soguk-ve-kar-geliyor","status":"publish","type":"post","link":"http:\/\/www.korhanyilmaz.com\/?p=26199","title":{"rendered":"Balkanlardan &#8220;so\u011fuk ve kar&#8221; geliyor"},"content":{"rendered":"<p style=\"text-align: center;\"><a href=\"http:\/\/www.korhanyilmaz.com\/wp-content\/uploads\/2010\/10\/039.jpg\"  class=\"lightview\"><img loading=\"lazy\" decoding=\"async\" class=\"aligncenter size-full wp-image-26200\" src=\"http:\/\/www.korhanyilmaz.com\/wp-content\/uploads\/2010\/10\/039.jpg\" alt=\"\" width=\"307\" height=\"236\" \/><\/a><\/p>\n<p style=\"text-align: justify;\">Devlet Meteoroloji \u0130\u015fleri Genel M\u00fcd\u00fcr\u00fc Mehmet \u00c7a\u011flar, hava s\u0131cakl\u0131klar\u0131n\u0131n yar\u0131ndan itibaren mevsim normallerinin alt\u0131na inece\u011fini, cumartesi g\u00fcn\u00fc K\u00fctahya, Bilecik, Bolu, Karab\u00fck ve Kastamonu \u00e7evrelerinde karla kar\u0131\u015f\u0131k ya\u011fmur ve kar beklendi\u011fini bildirdi. <!--more--><\/p>\n<p style=\"text-align: justify;\">\u00c7a\u011flar, yurdun bu ak\u015fam saatlerinden itibaren Balkanlardan gelen so\u011fuk ve ya\u011f\u0131\u015fl\u0131 havan\u0131n etkisine girece\u011fini belirtti.<\/p>\n<p style=\"text-align: justify;\">Ya\u011f\u0131\u015flar\u0131n genellikle ya\u011fmur ve sa\u011fanak \u015feklinde g\u00f6r\u00fclmesinin beklendi\u011fini anlatan \u00c7a\u011flar, \u015funlar\u0131 kaydetti:<\/p>\n<p style=\"text-align: justify;\">&#8220;Balkanlardan gelecek so\u011fuk ve ya\u011f\u0131\u015fl\u0131 havan\u0131n etkisiyle, cumartesi g\u00fcn\u00fc ya\u011f\u0131\u015flar\u0131n K\u00fctahya, Bilecik, Bolu, Karab\u00fck ve Kastamonu \u00e7evrelerinde karla kar\u0131\u015f\u0131k ya\u011fmur ve kar \u015feklinde olaca\u011f\u0131n\u0131 tahmin ediyoruz.<\/p>\n<p style=\"text-align: justify;\">Halen mevsim normalleri civar\u0131nda seyreden hava s\u0131cakl\u0131\u011f\u0131, yar\u0131n bat\u0131 b\u00f6lgelerimizde 4-6, \u0130\u00e7 Anadolu&#8217;nun bat\u0131s\u0131, Bat\u0131 Karadeniz&#8217;in i\u00e7 kesimleri ile \u0130\u00e7 Ege&#8217;de 8 ila 10 derece azalarak mevsim normallerinin alt\u0131nda seyredecek.<\/p>\n<p style=\"text-align: justify;\">Cuma g\u00fcn\u00fc ise hava s\u0131cakl\u0131\u011f\u0131 g\u00fcneybat\u0131 kesimlerde 3 ila 5, \u0130\u00e7 Anadolu&#8217;nun g\u00fcneydo\u011fusunda 6 ila 8 derece azalacak, di\u011fer yerlerde \u00f6nemli bir de\u011fi\u015fiklik olmayacak.<\/p>\n<p style=\"text-align: justify;\">R\u00fczgar bug\u00fcn ve yar\u0131n Marmara&#8217;da kuzeydo\u011fu y\u00f6nlerden kuvvetli ve k\u0131sa s\u00fcreli f\u0131rt\u0131na \u015feklinde, yar\u0131n ve Cuma g\u00fcn\u00fc Marmara ve Kuzey Ege&#8217;de Y\u0131ld\u0131z ve Poyrazdan kuvvetli ve f\u0131rt\u0131na \u015feklinde esecek.&#8221;<\/p>\n<p style=\"text-align: justify;\">Gelecek 3 g\u00fcn beklenen hava durumu ise \u015f\u00f6yle:<\/p>\n<p style=\"text-align: justify;\">Yar\u0131n, yurdun kuzey ve bat\u0131 kesimleri par\u00e7al\u0131 ve \u00e7ok bulutlu, Marmara, Ege, Bat\u0131 ve Orta Karadeniz, Do\u011fu Karadeniz k\u0131y\u0131lar\u0131, \u0130\u00e7 Anadolu ve Akdeniz sa\u011fanak ve yer yer g\u00f6k g\u00fcr\u00fclt\u00fcl\u00fc sa\u011fanak ya\u011f\u0131\u015fl\u0131, di\u011fer yerler par\u00e7al\u0131 ve az bulutlu ge\u00e7ecek. Ya\u011f\u0131\u015flar\u0131n Orta Karadeniz, Sinop, K\u0131r\u0131kkale, Yozgat, K\u0131r\u015fehir, Nev\u015fehir, Aksaray, Konya ve Antalya \u00e7evrelerinde kuvvetli olmas\u0131 bekleniyor.<\/p>\n<p style=\"text-align: justify;\">Cuma g\u00fcn\u00fc, yurt geneli par\u00e7al\u0131 ve \u00e7ok bulutlu olacak. Marmara, Kuzey ve \u0130\u00e7 Ege, Akdeniz, \u0130\u00e7 Anadolu, Orta ve Do\u011fu Karadeniz, Do\u011fu ve G\u00fcneydo\u011fu Anadolu&#8217;nun bat\u0131s\u0131 ile Trabzon, G\u00fcm\u00fc\u015fhane, Bayburt, Erzurum, Bing\u00f6l, Mu\u015f ve Diyarbak\u0131r \u00e7evreleri ya\u011fmur ve sa\u011fanak ya\u011f\u0131\u015fl\u0131 ge\u00e7ecek. Ya\u011f\u0131\u015flar\u0131n Orta Karadeniz, \u0130\u00e7 Anadolu&#8217;nun kuzeydo\u011fusu, Do\u011fu Akdeniz ile \u0130stanbul, K\u0131rklareli, Bal\u0131kesir, Bursa, Yalova, Ni\u011fde, Gaziantep, Kilis, Ad\u0131yaman ve Antalya&#8217;n\u0131n do\u011fu il\u00e7elerinde kuvvetli olaca\u011f\u0131 tahmin ediliyor.<\/p>\n<p style=\"text-align: justify;\">Cumartesi g\u00fcn\u00fc ise yurt genelinin par\u00e7al\u0131 ve \u00e7ok bulutlu olmas\u0131 bekleniyor. Marmara, Karadeniz, \u0130\u00e7 Ege, G\u00f6ller Y\u00f6resi, \u0130\u00e7 Anadolu, Do\u011fu Akdeniz, Do\u011fu Anadolu&#8217;nun kuzey ve bat\u0131s\u0131 ile Gaziantep, Kilis ve Ad\u0131yaman \u00e7evreleri ya\u011f\u0131\u015fl\u0131 ge\u00e7ecek. Genellikle ya\u011fmur ve sa\u011fanak \u015feklinde g\u00f6r\u00fclecek ya\u011f\u0131\u015flar\u0131n K\u00fctahya, Bilecik, Bolu, Karab\u00fck ve Kastamonu \u00e7evrelerinde karla kar\u0131\u015f\u0131k ya\u011fmur ve kar \u015feklinde olaca\u011f\u0131 \u00f6ng\u00f6r\u00fcl\u00fcyor. Ya\u011f\u0131\u015flar\u0131n Marmara&#8217;n\u0131n do\u011fusu ve Bat\u0131 Karadeniz k\u0131y\u0131lar\u0131nda kuvvetli olmas\u0131 bekleniyor.<\/p>\n<p style=\"text-align: justify;\">Devlet Meteoroloji \u0130\u015fleri Genel M\u00fcd\u00fcr\u00fc \u00c7a\u011flar, kuvvetli ya\u011f\u0131\u015f, so\u011fuk hava ve f\u0131rt\u0131nan\u0131n neden olabilece\u011fi sel, su bask\u0131n\u0131, gribal enfeksiyon, kara ve deniz ula\u015f\u0131m\u0131nda aksamalar gibi olumsuzluklara kar\u015f\u0131 ilgililerin ve vatanda\u015flar\u0131n tedbirli ve dikkatli olmalar\u0131n\u0131 istedi.<\/p>\n<p style=\"text-align: justify;\"><strong>Marmara i\u00e7in f\u0131rt\u0131na uyar\u0131s\u0131 <\/strong><\/p>\n<p style=\"text-align: justify;\">Marmara B\u00f6lgesi&#8217;nde bu ak\u015fam saatlerinden itibaren r\u00fczgar\u0131n kuzey ve kuzeydo\u011fu y\u00f6nlerden kuvvetli ve yer yer k\u0131sa s\u00fcreli f\u0131rt\u0131na \u015feklinde esmesi bekleniyor.<\/p>\n<p style=\"text-align: justify;\">Devlet Meteoroloji \u0130\u015fleri Genel M\u00fcd\u00fcrl\u00fc\u011f\u00fcnden yap\u0131lan &#8220;Meteorolojik Uyar\u0131&#8221;da, r\u00fczgar\u0131n, \u0130stanbul ve \u00c7anakkale ba\u015fta olmak \u00fczere Marmara B\u00f6lgesi&#8217;nde kuzey ve kuzeydo\u011fu y\u00f6nlerden (poyraz) kuvvetli ve yer yer k\u0131sa s\u00fcreli f\u0131rt\u0131na \u015feklinde esmesinin beklendi\u011fi bildirildi.<\/p>\n<p style=\"text-align: justify;\">Uyar\u0131ya g\u00f6re, f\u0131rt\u0131na bu b\u00f6lgelerde etkisini yar\u0131n ak\u015fam saatlerine kadar s\u00fcrd\u00fcrecek.<\/p>\n<p style=\"text-align: justify;\">Vatanda\u015flar\u0131n ve ilgililerin \u00e7at\u0131 u\u00e7mas\u0131, a\u011fa\u00e7 veya direklerin devrilmesi gibi risklere kar\u015f\u0131 tedbirli ve dikkatli olmalar\u0131 gerekiyor.<\/p>\n<p style=\"text-align: justify;\"><a href=\"http:\/\/www.cnnturk.com\/2010\/turkiye\/10\/06\/balkanlardan.soguk.ve.kar.geliyor\/592116.0\/index.html\" target=\"_blank\"><span style=\"color: #888888;\">CNN T\u00dcRK<\/span><\/a><\/p>\n","protected":false},"excerpt":{"rendered":"<p style=\"text-align: center;\">\n<p style=\"text-align: justify;\">Devlet Meteoroloji \u0130\u015fleri Genel M\u00fcd\u00fcr\u00fc Mehmet \u00c7a\u011flar, hava s\u0131cakl\u0131klar\u0131n\u0131n yar\u0131ndan itibaren mevsim normallerinin alt\u0131na inece\u011fini, cumartesi g\u00fcn\u00fc K\u00fctahya, Bilecik, Bolu, Karab\u00fck ve Kastamonu \u00e7evrelerinde karla kar\u0131\u015f\u0131k ya\u011fmur ve kar beklendi\u011fini bildirdi. <\/p>\n","protected":false},"author":1,"featured_media":0,"comment_status":"open","ping_status":"closed","sticky":false,"template":"","format":"standard","meta":{"footnotes":""},"categories":[105],"tags":[],"class_list":["post-26199","post","type-post","status-publish","format-standard","hentry","category-gundem","odd"],"_links":{"self":[{"href":"http:\/\/www.korhanyilmaz.com\/index.php?rest_route=\/wp\/v2\/posts\/26199","targetHints":{"allow":["GET"]}}],"collection":[{"href":"http:\/\/www.korhanyilmaz.com\/index.php?rest_route=\/wp\/v2\/posts"}],"about":[{"href":"http:\/\/www.korhanyilmaz.com\/index.php?rest_route=\/wp\/v2\/types\/post"}],"author":[{"embeddable":true,"href":"http:\/\/www.korhanyilmaz.com\/index.php?rest_route=\/wp\/v2\/users\/1"}],"replies":[{"embeddable":true,"href":"http:\/\/www.korhanyilmaz.com\/index.php?rest_route=%2Fwp%2Fv2%2Fcomments&post=26199"}],"version-history":[{"count":0,"href":"http:\/\/www.korhanyilmaz.com\/index.php?rest_route=\/wp\/v2\/posts\/26199\/revisions"}],"wp:attachment":[{"href":"http:\/\/www.korhanyilmaz.com\/index.php?rest_route=%2Fwp%2Fv2%2Fmedia&parent=26199"}],"wp:term":[{"taxonomy":"category","embeddable":true,"href":"http:\/\/www.korhanyilmaz.com\/index.php?rest_route=%2Fwp%2Fv2%2Fcategories&post=26199"},{"taxonomy":"post_tag","embeddable":true,"href":"http:\/\/www.korhanyilmaz.com\/index.php?rest_route=%2Fwp%2Fv2%2Ftags&post=26199"}],"curies":[{"name":"wp","href":"https:\/\/api.w.org\/{rel}","templated":true}]}}