{"id":26186,"date":"2010-10-06T16:32:06","date_gmt":"2010-10-06T13:32:06","guid":{"rendered":"http:\/\/www.korhanyilmaz.com\/?p=26186"},"modified":"2010-10-06T16:32:06","modified_gmt":"2010-10-06T13:32:06","slug":"cemaatci-yapilanma-iddialarina-iki-farkli-yorum","status":"publish","type":"post","link":"http:\/\/www.korhanyilmaz.com\/?p=26186","title":{"rendered":"&#8216;Cemaat\u00e7i yap\u0131lanma&#8217; iddialar\u0131na iki farkl\u0131 yorum"},"content":{"rendered":"<p style=\"text-align: center;\"><a href=\"http:\/\/www.korhanyilmaz.com\/wp-content\/uploads\/2010\/10\/036.jpg\"  class=\"lightview\"><img loading=\"lazy\" decoding=\"async\" class=\"aligncenter size-full wp-image-26187\" src=\"http:\/\/www.korhanyilmaz.com\/wp-content\/uploads\/2010\/10\/036.jpg\" alt=\"\" width=\"420\" height=\"210\" \/><\/a><\/p>\n<p style=\"text-align: justify;\">\u201cHali\u00e7\u2019te Ya\u015fayan Simonlar\u201d adl\u0131 kitab\u0131yla olay yaratan Hanefi Avc\u0131\u2019n\u0131n, kitab\u0131nda g\u00fcndeme getirdi\u011fi Emniyet i\u00e7indeki \u2018Fethullah\u00e7\u0131\u201d yap\u0131lanma iddialar\u0131na h\u00fck\u00fcmet ve anamuhalefet cehpesinden iki farkl\u0131 yorum geldi.<!--more--><\/p>\n<p style=\"text-align: justify;\"><strong>Bakan: Avc\u0131 bilgi verdi, belge vermedi <\/strong><\/p>\n<p style=\"text-align: justify;\">Adalet Bakan\u0131 Sadullah Ergin, yazd\u0131\u011f\u0131 \u201cHali\u00e7\u2019te Ya\u015fayan Simonlar\u201d adl\u0131 kitab\u0131nda Emniyet i\u00e7indeki Fethullah\u00e7\u0131 yap\u0131lanmaya dikkat \u00e7eken ve Devrimci Karargah ter\u00f6r \u00f6rg\u00fct\u00fcne y\u00f6nelik operasyon kapsam\u0131nda g\u00f6zalt\u0131na al\u0131n\u0131p tutuklanan Hanefi Avc\u0131\u2019n\u0131n \u2018m\u00fc\u015fteki\u2019 s\u0131fat\u0131yla ifadesini ald\u0131klar\u0131n\u0131 a\u00e7\u0131klad\u0131. D\u00fcn NTV\u2019de kat\u0131ld\u0131\u011f\u0131 bir programda Avc\u0131\u2019n\u0131n tutuklanmas\u0131 ve kitab\u0131nda dile getirdi\u011fi iddialar ile ilgili sorular\u0131 yan\u0131tlayan Ergin, \u00e7arp\u0131c\u0131 a\u00e7\u0131klamalarda bulundu. Avc\u0131\u2019n\u0131n, kitab\u0131nda ve daha sonra da kendisiyle yap\u0131lan r\u00f6portajlarda dile getirdi\u011fi yasad\u0131\u015f\u0131 dinlenme ve Emniyet i\u00e7indeki cemaat\u00e7i yap\u0131lanma ile ilgili soru\u015fturma y\u00fcr\u00fctt\u00fcklerini belirten Ergin, \u015funlar\u0131 anlatt\u0131:<\/p>\n<p style=\"text-align: justify;\">\u201cHanefi Avc\u0131 benimle yapt\u0131\u011f\u0131 g\u00f6r\u00fc\u015fmede sadece bir ka\u00e7 telefon numaras\u0131 vererek yak\u0131nlar\u0131 ve kendisinin usuls\u00fcz dinlendi\u011fini s\u00f6ylemi\u015fti. Ancak kitapta iddialar daha geni\u015fti. Bu iddialar \u00fczerine soru\u015fturma ba\u015flatm\u0131\u015f ve bilgi de vermi\u015ftik kendisine. Ancak kendisi ithamlara devam etmi\u015fti. Biz de m\u00fc\u015fteki s\u0131fat\u0131yla Avc\u0131\u2019y\u0131 davet etti. 20 Eyl\u00fcl\u2019de gelerek, kendi kitab\u0131nda iddialar hakk\u0131nda sorular soruldu. Ama direk cevap vermeyerek, duyumlar\u0131m var, d\u00fc\u015f\u00fcncelerim bu gibi cevaplar vermi\u015ftir. Kendisi bir ka\u00e7 g\u00fcn i\u00e7inde yeni bilgiler verece\u011fini s\u00f6ylemi\u015fti ama tutukland\u0131. Fakat tutukluyken de soru sorduk ama yine net cevap vermedi. Soru\u015fturmay\u0131 ilerletmek i\u00e7in somut delil sunulamad\u0131. Ben d\u00fc\u015f\u00fcn\u00fcyorum bulun tavr\u0131nda bir \u015feyler s\u00f6yledi. 20 Eyl\u00fcl\u2019de m\u00fc\u015fteki s\u0131fat\u0131yla verdi\u011fi ifadede \u2018bir somut belge yok\u2019 dedi. 1 Ekim\u2019de de sorduk ama, \u2018Geriye d\u00f6n\u00fck ara\u015ft\u0131r\u0131ls\u0131n\u2019 dedi o kadar. Bu arada iddialarla ilgili inceleme s\u00fcr\u00fcyor\u201d<\/p>\n<p style=\"text-align: justify;\"><strong>Sar\u0131kaya dava a\u00e7arsa d\u00f6nebilir <\/strong><\/p>\n<p style=\"text-align: justify;\">Bakan Sadullah Ergin, ayr\u0131ca g\u00f6revden al\u0131nan ve avukatl\u0131k dahi yapamayan Ferhat Sar\u0131kaya ve benzer durumdaki ki\u015filerin haklar\u0131n\u0131 aramak i\u00e7in dava a\u00e7abileceklerini ve davan\u0131n olumlu sonu\u00e7lanmas\u0131 durumunda g\u00f6revlerine de d\u00f6nebileceklerini s\u00f6yledi.<\/p>\n<p style=\"text-align: justify;\"><strong>CHP\u2019li Heyet art\u0131k Avc\u0131\u2019yla g\u00f6r\u00fc\u015femeyecek <\/strong><\/p>\n<p style=\"text-align: justify;\">CHP\u2019li heyet Hanefi Avc\u0131 ile g\u00f6r\u00fc\u015fmek i\u00e7in Adalet Bakanl\u0131\u011f\u0131\u2019na izin ba\u015fvurusunda bulunmu\u015ftu. Ba\u015fvuru \u00fczerine Adalet Bakan\u0131 Sadullah Ergin \u00f6nceki g\u00fcn ak\u015fam saatlerinde CHP\u2019li Ahmet Ersin\u2019i aram\u0131\u015f ve, \u201cArkada\u015flarla g\u00f6r\u00fc\u015fece\u011fim ama siz de s\u00fcrmekte olan davay\u0131 etkileyecek a\u00e7\u0131klamalardan ka\u00e7\u0131n\u0131n\u201d demi\u015fti. Ancak CHP\u2019li heyet Hanefi Avc\u0131\u2019y\u0131 ziyaret ettikten sonra a\u00e7\u0131klama yap\u0131nca Bakan Ergin buna sert tepki g\u00f6sterdi. Ergin, \u201cBug\u00fcn (D\u00fcn) Hanefi Avc\u0131\u2019y\u0131 ziyaret eden ve ard\u0131ndan a\u00e7\u0131klamalarda bulunan CHP milletvekilleriyle de ilgili olarak, \u201cCHP milletvekillerinin a\u00e7\u0131klamalar\u0131n\u0131 tasvip edemeyiz. Milletvekillerin bu \u015fekil taleplerini kar\u015f\u0131lamaya \u00e7al\u0131\u015f\u0131yoruz. Ancak bu arkada\u015flar yine kanunlara kar\u015f\u0131 geldi. Art\u0131k kendilerine izin vermemiz \u00e7ok zor. Ancak bu durum sadece bu arkada\u015flar\u0131m\u0131z i\u00e7in ge\u00e7erli\u201d dedi.<\/p>\n<p style=\"text-align: justify;\"><a href=\"http:\/\/haber.gazetevatan.com\/cemaatci-yapilanma-iddialarina-iki-farli-yorum\/333052\/1\/Gundem\" target=\"_blank\"><span style=\"color: #888888;\">Kaynak : VATAN<\/span><\/a><\/p>\n","protected":false},"excerpt":{"rendered":"<p style=\"text-align: center;\">\n<p style=\"text-align: justify;\">\u201cHali\u00e7\u2019te Ya\u015fayan Simonlar\u201d adl\u0131 kitab\u0131yla olay yaratan Hanefi Avc\u0131\u2019n\u0131n, kitab\u0131nda g\u00fcndeme getirdi\u011fi Emniyet i\u00e7indeki \u2018Fethullah\u00e7\u0131\u201d yap\u0131lanma iddialar\u0131na h\u00fck\u00fcmet ve anamuhalefet cehpesinden iki farkl\u0131 yorum geldi.<\/p>\n","protected":false},"author":1,"featured_media":0,"comment_status":"open","ping_status":"closed","sticky":false,"template":"","format":"standard","meta":{"footnotes":""},"categories":[105],"tags":[],"class_list":["post-26186","post","type-post","status-publish","format-standard","hentry","category-gundem","odd"],"_links":{"self":[{"href":"http:\/\/www.korhanyilmaz.com\/index.php?rest_route=\/wp\/v2\/posts\/26186","targetHints":{"allow":["GET"]}}],"collection":[{"href":"http:\/\/www.korhanyilmaz.com\/index.php?rest_route=\/wp\/v2\/posts"}],"about":[{"href":"http:\/\/www.korhanyilmaz.com\/index.php?rest_route=\/wp\/v2\/types\/post"}],"author":[{"embeddable":true,"href":"http:\/\/www.korhanyilmaz.com\/index.php?rest_route=\/wp\/v2\/users\/1"}],"replies":[{"embeddable":true,"href":"http:\/\/www.korhanyilmaz.com\/index.php?rest_route=%2Fwp%2Fv2%2Fcomments&post=26186"}],"version-history":[{"count":0,"href":"http:\/\/www.korhanyilmaz.com\/index.php?rest_route=\/wp\/v2\/posts\/26186\/revisions"}],"wp:attachment":[{"href":"http:\/\/www.korhanyilmaz.com\/index.php?rest_route=%2Fwp%2Fv2%2Fmedia&parent=26186"}],"wp:term":[{"taxonomy":"category","embeddable":true,"href":"http:\/\/www.korhanyilmaz.com\/index.php?rest_route=%2Fwp%2Fv2%2Fcategories&post=26186"},{"taxonomy":"post_tag","embeddable":true,"href":"http:\/\/www.korhanyilmaz.com\/index.php?rest_route=%2Fwp%2Fv2%2Ftags&post=26186"}],"curies":[{"name":"wp","href":"https:\/\/api.w.org\/{rel}","templated":true}]}}