{"id":26176,"date":"2010-10-05T15:20:35","date_gmt":"2010-10-05T12:20:35","guid":{"rendered":"http:\/\/www.korhanyilmaz.com\/?p=26176"},"modified":"2010-10-05T15:20:35","modified_gmt":"2010-10-05T12:20:35","slug":"girgirda-erdogani-kizdiracak-kapak","status":"publish","type":"post","link":"http:\/\/www.korhanyilmaz.com\/?p=26176","title":{"rendered":"G\u0131rg\u0131r&#8217;da Erdo\u011fan&#8217;\u0131 k\u0131zd\u0131racak kapak"},"content":{"rendered":"<p><a href=\"http:\/\/www.korhanyilmaz.com\/wp-content\/uploads\/2010\/10\/035.jpg\"  class=\"lightview\"><img loading=\"lazy\" decoding=\"async\" class=\"aligncenter size-full wp-image-26178\" src=\"http:\/\/www.korhanyilmaz.com\/wp-content\/uploads\/2010\/10\/035.jpg\" alt=\"\" width=\"260\" height=\"198\" \/><\/a><\/p>\n<p>H\u0131ncal Ulu\u00e7&#8217;u telefonla arayarak \u00e7\u0131lg\u0131n projesinden bahseden Ba\u015fbakan Erdo\u011fan, bug\u00fcn yay\u0131nlanana G\u0131rg\u0131r&#8217;\u0131n kapa\u011f\u0131na konuk oldu!<\/p>\n<p>\u0130lk olarak H\u0131ncal Ulu\u00e7&#8217;un Sabah&#8217;taki k\u00f6\u015fesinde bahsetti\u011fi Ba\u015fbakan Erdo\u011fan&#8217;\u0131n &#8220;<strong>\u00e7\u0131lg\u0131n<\/strong>&#8221; projesini G\u0131rg\u0131r a\u00e7\u0131kl\u0131yor&#8230;<\/p>\n<p>\u0130\u015fte o proje&#8230;<!--more--><\/p>\n<p style=\"text-align: center;\"><a href=\"http:\/\/www.korhanyilmaz.com\/wp-content\/uploads\/2010\/10\/034.jpg\"  class=\"lightview\"><img loading=\"lazy\" decoding=\"async\" class=\"aligncenter size-full wp-image-26177\" src=\"http:\/\/www.korhanyilmaz.com\/wp-content\/uploads\/2010\/10\/034.jpg\" alt=\"\" width=\"480\" height=\"645\" \/><\/a><\/p>\n<p><a href=\"http:\/\/www.gazeteciler.com\/gundem\/girgirda-erdogani-kizdiracak-kapak-23535h.html\" target=\"_blank\"><span style=\"color: #888888;\">Kaynak : GAZETEC\u0130LER.com<\/span><\/a><\/p>\n","protected":false},"excerpt":{"rendered":"<\/p>\n<p>H\u0131ncal Ulu\u00e7&#8217;u telefonla arayarak \u00e7\u0131lg\u0131n projesinden bahseden Ba\u015fbakan Erdo\u011fan, bug\u00fcn yay\u0131nlanana G\u0131rg\u0131r&#8217;\u0131n kapa\u011f\u0131na konuk oldu!<\/p>\n<p>\u0130lk olarak H\u0131ncal Ulu\u00e7&#8217;un Sabah&#8217;taki k\u00f6\u015fesinde bahsetti\u011fi Ba\u015fbakan Erdo\u011fan&#8217;\u0131n &#8220;\u00e7\u0131lg\u0131n&#8221; projesini G\u0131rg\u0131r a\u00e7\u0131kl\u0131yor&#8230;<\/p>\n<p>\u0130\u015fte o proje&#8230;<\/p>\n","protected":false},"author":1,"featured_media":0,"comment_status":"open","ping_status":"closed","sticky":false,"template":"","format":"standard","meta":{"footnotes":""},"categories":[105],"tags":[],"class_list":["post-26176","post","type-post","status-publish","format-standard","hentry","category-gundem","odd"],"_links":{"self":[{"href":"http:\/\/www.korhanyilmaz.com\/index.php?rest_route=\/wp\/v2\/posts\/26176","targetHints":{"allow":["GET"]}}],"collection":[{"href":"http:\/\/www.korhanyilmaz.com\/index.php?rest_route=\/wp\/v2\/posts"}],"about":[{"href":"http:\/\/www.korhanyilmaz.com\/index.php?rest_route=\/wp\/v2\/types\/post"}],"author":[{"embeddable":true,"href":"http:\/\/www.korhanyilmaz.com\/index.php?rest_route=\/wp\/v2\/users\/1"}],"replies":[{"embeddable":true,"href":"http:\/\/www.korhanyilmaz.com\/index.php?rest_route=%2Fwp%2Fv2%2Fcomments&post=26176"}],"version-history":[{"count":0,"href":"http:\/\/www.korhanyilmaz.com\/index.php?rest_route=\/wp\/v2\/posts\/26176\/revisions"}],"wp:attachment":[{"href":"http:\/\/www.korhanyilmaz.com\/index.php?rest_route=%2Fwp%2Fv2%2Fmedia&parent=26176"}],"wp:term":[{"taxonomy":"category","embeddable":true,"href":"http:\/\/www.korhanyilmaz.com\/index.php?rest_route=%2Fwp%2Fv2%2Fcategories&post=26176"},{"taxonomy":"post_tag","embeddable":true,"href":"http:\/\/www.korhanyilmaz.com\/index.php?rest_route=%2Fwp%2Fv2%2Ftags&post=26176"}],"curies":[{"name":"wp","href":"https:\/\/api.w.org\/{rel}","templated":true}]}}