{"id":26170,"date":"2010-10-05T12:47:00","date_gmt":"2010-10-05T09:47:00","guid":{"rendered":"http:\/\/www.korhanyilmaz.com\/?p=26170"},"modified":"2010-10-05T12:47:00","modified_gmt":"2010-10-05T09:47:00","slug":"bahceliden-hasim-kilica-yaylim-atesi","status":"publish","type":"post","link":"http:\/\/www.korhanyilmaz.com\/?p=26170","title":{"rendered":"Bah\u00e7eli&#8217;den Ha\u015fim K\u0131l\u0131\u00e7&#8217;a yayl\u0131m ate\u015fi!.."},"content":{"rendered":"<p style=\"text-align: center;\"><a href=\"http:\/\/www.korhanyilmaz.com\/wp-content\/uploads\/2010\/10\/033.jpg\"  class=\"lightview\"><img loading=\"lazy\" decoding=\"async\" class=\"aligncenter size-full wp-image-26171\" src=\"http:\/\/www.korhanyilmaz.com\/wp-content\/uploads\/2010\/10\/033.jpg\" alt=\"\" width=\"307\" height=\"236\" \/><\/a><\/p>\n<p style=\"text-align: justify;\">MHP lideri Devlet Bah\u00e7eli, yeni yasama y\u0131l\u0131ndaki ilk grup toplant\u0131s\u0131nda Anayasa&#8217;n\u0131n ilk 3 maddesine ili\u015fkin a\u00e7\u0131klama yapan Anayasa Mahkemesi Ba\u015fkan\u0131 Ha\u015fim K\u0131l\u0131\u00e7&#8217;\u0131 hedef ald\u0131. Bah\u00e7eli, bu de\u011ferlendirmelerin, &#8220;kafalar\u0131n i\u00e7indeki gizli taraflar\u0131 ortaya \u00e7\u0131karmas\u0131 bak\u0131m\u0131ndan anlaml\u0131 oldu\u011funu&#8221; s\u00f6yledi.<!--more--><\/p>\n<p style=\"text-align: justify;\">Ha\u015fim K\u0131l\u0131\u00e7&#8217;\u0131n a\u00e7\u0131klamalar\u0131:<\/p>\n<p style=\"text-align: justify;\">MHP lideri, Anayasa&#8217;n\u0131n de\u011fi\u015ftirilmesi dahi teklif edilemeyecek ilk \u00fc\u00e7 maddesiyle ilgili kayg\u0131 verici de\u011ferlendirmelerin yap\u0131lmaya ba\u015fland\u0131\u011f\u0131n\u0131 ifade etti.<\/p>\n<p style=\"text-align: justify;\">Bah\u00e7eli, bu de\u011ferlendirmelerin, &#8220;kafalar\u0131n i\u00e7indeki gizli taraflar\u0131 ortaya \u00e7\u0131karmas\u0131 bak\u0131m\u0131ndan anlaml\u0131 oldu\u011funu&#8221; s\u00f6yledi.<\/p>\n<p style=\"text-align: justify;\">Bah\u00e7eli, s\u00f6zlerine \u015f\u00f6yle devam etti:<\/p>\n<p style=\"text-align: justify;\">&#8220;\u00d6zellikle bu fikir sahibinin Anayasa Mahkemesi Ba\u015fkan\u0131 s\u0131fat\u0131 ta\u015f\u0131yor olmas\u0131 da dramatik ve sanc\u0131l\u0131 bir a\u015famaya geldi\u011fimizi g\u00f6stermi\u015ftir. B\u00f6l\u00fcc\u00fc niyetlerle \u00f6rt\u00fc\u015fen bu yakla\u015f\u0131m\u0131n, anayasay\u0131 koruyan bir kurumun ba\u015f\u0131ndan gelmesi, \u00e7\u00f6z\u00fclmenin her tarafa yay\u0131ld\u0131\u011f\u0131na i\u015faret etmektedir. Anayasan\u0131n birinci maddesinde ifadesini bulan &#8216;T\u00fcrkiye Devleti bir Cumhuriyettir&#8217; ibaresi pozitif y\u00f6nde nas\u0131l ilerletilecektir?<\/p>\n<p style=\"text-align: justify;\">Cumhuriyetin ilerletilmesi, ba\u015fka bir niyete ve y\u00f6netim \u015fekline gizli kapakl\u0131 bir davetiye midir? \u0130kinci maddedeki h\u00fckm\u00fcn &#8216;donmu\u015f&#8217; olarak takdim edilmesi kime ne fayda sa\u011flayacakt\u0131r? \u00dc\u00e7\u00fcnc\u00fc maddenin neresine ve hangi ilkesine dokunulmas\u0131 i\u00e7ten i\u00e7e tavsiye edilmektedir?<\/p>\n<p style=\"text-align: justify;\">A\u00e7\u0131kt\u0131r ki Anayasan\u0131n ilk \u00fc\u00e7 maddesiyle ba\u015flat\u0131lacak tart\u0131\u015fmalar\u0131n duraca\u011f\u0131, kesilece\u011fi bir yer ve nokta yoktur. Bu maddelerin yorumlanmas\u0131 bir anlamda, ba\u015flayan s\u00fcreci, milletimizin tasnifine, devletin y\u00f6netim bi\u00e7iminin sahip oldu\u011fu milli niteliklerin yeniden tan\u0131mlanmas\u0131na kadar g\u00f6t\u00fcrecektir.<\/p>\n<p style=\"text-align: justify;\">Karanl\u0131ktan ayd\u0131nl\u0131\u011f\u0131n ta\u015flanmas\u0131na yer ve ihtiya\u00e7 yoktur. Kimin akl\u0131nda ne varsa ortaya koymal\u0131d\u0131r. Bu zamana kadar ilk \u00fc\u00e7 maddenin varl\u0131\u011f\u0131ndan b\u00f6l\u00fcc\u00fc emeller d\u0131\u015f\u0131nda rahats\u0131zl\u0131k duyan olmam\u0131\u015ft\u0131r. Burada akl\u0131m\u0131za, Anayasa Mahkemesi Ba\u015fkan\u0131&#8217;n\u0131n bir rol payla\u015f\u0131m\u0131nda taraf oldu\u011fu hususu gelmektedir. \u00c7\u00fcnk\u00fc verilen izlenim bu y\u00f6ndedir. E\u011fer b\u00f6yle de\u011filse, durduk yere ve \u00fcstelik ilk \u00fc\u00e7 maddeye y\u00f6nelik m\u00fctecaviz e\u011filimlerin ve giri\u015fimlerin varl\u0131\u011f\u0131 biliniyorken, s\u00f6z\u00fc edilen de\u011fi\u015ftirilmesi dahi teklif edilemeyecek maddelerin pozitif ilerletilmesi, Cumhuriyetimizin negatif geriletilmesinden ba\u015fka bir manaya gelmeyecektir.&#8221;<\/p>\n<p style=\"text-align: justify;\"><strong>Anayasa de\u011fi\u015fikli\u011fi:<\/strong><\/p>\n<p style=\"text-align: justify;\">Bah\u00e7eli, milletin menfaatine ve yarar\u0131na olacaksa, Anayasa yap\u0131m\u0131 konusunda uzla\u015fma ve diyalog aray\u0131\u015flar\u0131na her zaman a\u00e7\u0131k olduklar\u0131n\u0131 belirterek, &#8220;Referandum \u00f6ncesinde ve hemen sonras\u0131nda yeni bir anayasa konusunda i\u015ftahl\u0131 ve heyecanl\u0131 olan AKP, \u015fimdi ipe un sermeye ba\u015flam\u0131\u015ft\u0131r. Anla\u015f\u0131lmaktad\u0131r ki anayasa konusu \u00f6n\u00fcm\u00fczdeki genel se\u00e7im \u00e7al\u0131\u015fmalar\u0131nda iktidar\u0131n ba\u015fvuraca\u011f\u0131 bir istismar alan\u0131 olacakt\u0131r&#8221; dedi.<\/p>\n<p style=\"text-align: justify;\">MHP&#8217;nin anayasa haz\u0131rl\u0131\u011f\u0131 konusundaki g\u00f6r\u00fc\u015flerinin belli oldu\u011funu belirten Bah\u00e7eli, &#8220;\u015e\u00fcphesiz yeni bir anayasa gereklidir ve bunun i\u00e7in laz\u0131m gelen giri\u015fimler yap\u0131lmal\u0131d\u0131r&#8221; \u015feklinde konu\u015ftu.<\/p>\n<p style=\"text-align: justify;\">Belirledikleri ilkeler etraf\u0131nda olmak kayd\u0131yla, milletin menfaatine ve yarar\u0131na olacaksa, anayasa yap\u0131m\u0131 konusunda uzla\u015fma ve diyalog aray\u0131\u015flar\u0131na her zaman a\u00e7\u0131k olduklar\u0131n\u0131 bildiren Bah\u00e7eli, &#8220;B\u00f6l\u00fcc\u00fcl\u00fc\u011f\u00fcn demokrasi ve \u00f6zg\u00fcrl\u00fckle ili\u015fkilendirilmedi\u011fi, ter\u00f6ristlerin masum kimlik talebi yapanlar olarak g\u00f6r\u00fclmedi\u011fi, farkl\u0131l\u0131klar\u0131n \u00f6zendirilmedi\u011fi ve tahrik edilmedi\u011fi, ter\u00f6r eleba\u015flar\u0131n\u0131n siyasi akt\u00f6r olarak muhatap kabul edilmedi\u011fi, etnik kimliklerin cesaretlendirilmedi\u011fi, boykotlar\u0131n, sokak eylemlerinin, ana dilde e\u011fitim isteklerinin s\u0131radan talepler olarak g\u00f6r\u00fclmedi\u011fi bir ortamda, MHP&#8217;nin diyalog \u00e7a\u011fr\u0131lar\u0131na bigane kalmas\u0131 d\u00fc\u015f\u00fcn\u00fclemeyecektir&#8221; diye konu\u015ftu.<\/p>\n<p style=\"text-align: justify;\">Bah\u00e7eli, TBMM&#8217;de grubu bulunan ve temsil edilen siyasi partilerden al\u0131nacak \u00fcyelerle olu\u015fturulmu\u015f &#8220;Anayasa De\u011fi\u015fikli\u011fi ve Uzla\u015fma Komisyonu&#8221;nun TBMM Ba\u015fkan\u0131&#8217;n\u0131n giri\u015fimleri ve \u00f6nc\u00fcl\u00fc\u011f\u00fcyle kurulmas\u0131 gerekti\u011fini s\u00f6yleyerek, &#8220;Partimiz bu komisyona \u00fcye verecek olup, gerekli katk\u0131lar\u0131 sa\u011flamaya haz\u0131rd\u0131r&#8221; dedi.<\/p>\n<p style=\"text-align: justify;\"><a href=\"http:\/\/www.cnnturk.com\/2010\/turkiye\/10\/05\/bahceliden.hasim.kilica.yaylim.atesi\/591936.0\/index.html\" target=\"_blank\"><span style=\"color: #888888;\">CNN T\u00dcRK<\/span><\/a><\/p>\n","protected":false},"excerpt":{"rendered":"<p style=\"text-align: center;\">\n<p style=\"text-align: justify;\">MHP lideri Devlet Bah\u00e7eli, yeni yasama y\u0131l\u0131ndaki ilk grup toplant\u0131s\u0131nda Anayasa&#8217;n\u0131n ilk 3 maddesine ili\u015fkin a\u00e7\u0131klama yapan Anayasa Mahkemesi Ba\u015fkan\u0131 Ha\u015fim K\u0131l\u0131\u00e7&#8217;\u0131 hedef ald\u0131. Bah\u00e7eli, bu de\u011ferlendirmelerin, &#8220;kafalar\u0131n i\u00e7indeki gizli taraflar\u0131 ortaya \u00e7\u0131karmas\u0131 bak\u0131m\u0131ndan anlaml\u0131 oldu\u011funu&#8221; s\u00f6yledi.<\/p>\n","protected":false},"author":1,"featured_media":0,"comment_status":"open","ping_status":"closed","sticky":false,"template":"","format":"standard","meta":{"footnotes":""},"categories":[105],"tags":[],"class_list":["post-26170","post","type-post","status-publish","format-standard","hentry","category-gundem","odd"],"_links":{"self":[{"href":"http:\/\/www.korhanyilmaz.com\/index.php?rest_route=\/wp\/v2\/posts\/26170","targetHints":{"allow":["GET"]}}],"collection":[{"href":"http:\/\/www.korhanyilmaz.com\/index.php?rest_route=\/wp\/v2\/posts"}],"about":[{"href":"http:\/\/www.korhanyilmaz.com\/index.php?rest_route=\/wp\/v2\/types\/post"}],"author":[{"embeddable":true,"href":"http:\/\/www.korhanyilmaz.com\/index.php?rest_route=\/wp\/v2\/users\/1"}],"replies":[{"embeddable":true,"href":"http:\/\/www.korhanyilmaz.com\/index.php?rest_route=%2Fwp%2Fv2%2Fcomments&post=26170"}],"version-history":[{"count":0,"href":"http:\/\/www.korhanyilmaz.com\/index.php?rest_route=\/wp\/v2\/posts\/26170\/revisions"}],"wp:attachment":[{"href":"http:\/\/www.korhanyilmaz.com\/index.php?rest_route=%2Fwp%2Fv2%2Fmedia&parent=26170"}],"wp:term":[{"taxonomy":"category","embeddable":true,"href":"http:\/\/www.korhanyilmaz.com\/index.php?rest_route=%2Fwp%2Fv2%2Fcategories&post=26170"},{"taxonomy":"post_tag","embeddable":true,"href":"http:\/\/www.korhanyilmaz.com\/index.php?rest_route=%2Fwp%2Fv2%2Ftags&post=26170"}],"curies":[{"name":"wp","href":"https:\/\/api.w.org\/{rel}","templated":true}]}}