{"id":26164,"date":"2010-10-05T13:01:04","date_gmt":"2010-10-05T10:01:04","guid":{"rendered":"http:\/\/www.korhanyilmaz.com\/?p=26164"},"modified":"2010-10-05T13:01:04","modified_gmt":"2010-10-05T10:01:04","slug":"erdogandan-muhalefete-sululuk-suclamasi","status":"publish","type":"post","link":"http:\/\/www.korhanyilmaz.com\/?p=26164","title":{"rendered":"Erdo\u011fan&#8217;dan muhalefete &#8220;sululuk&#8221; su\u00e7lamas\u0131"},"content":{"rendered":"<p style=\"text-align: center;\"><a href=\"http:\/\/www.korhanyilmaz.com\/wp-content\/uploads\/2010\/10\/0321.jpg\"  class=\"lightview\"><img loading=\"lazy\" decoding=\"async\" class=\"aligncenter size-full wp-image-26174\" src=\"http:\/\/www.korhanyilmaz.com\/wp-content\/uploads\/2010\/10\/0321.jpg\" alt=\"\" width=\"307\" height=\"236\" \/><\/a><\/p>\n<p style=\"text-align: justify;\">Ba\u015fbakan Erdo\u011fan, yeni yasama d\u00f6neminin ilk grup toplant\u0131s\u0131nda yine muhalefete y\u00fcklendi. Muhalefeti anayasa \u00e7al\u0131\u015fmalar\u0131 konusunda &#8220;sululuk&#8221;la su\u00e7layan Erdo\u011fan, t\u00fcrban konusunda samimi bulmad\u0131\u011f\u0131 muhalefeti &#8220;bl\u00f6f&#8221; yapmakla ele\u015ftirdi; &#8220;Bu bl\u00f6f\u00fc biz yutmay\u0131z, millet hi\u00e7 yutmaz&#8221; dedi. <!--more--><\/p>\n<p style=\"text-align: justify;\">Erdo\u011fan&#8217;\u0131n konu\u015fmas\u0131nda \u00f6ne \u00e7\u0131kanlar:<\/p>\n<p style=\"text-align: justify;\">&#8211; Biz anayasa ile u\u011fra\u015f\u0131rken &#8216;Bu tela\u015f niye?&#8217; diyen muhalefet, \u015fimdi &#8216;Gelin 1 haftada yapal\u0131m&#8217; diyor. B\u00f6yle sululuk olur mu? Bu anayasa, parti t\u00fcz\u00fc\u011f\u00fc de\u011fil. Anayasa, senin partinin t\u00fcz\u00fc\u011f\u00fcnden daha m\u0131 basit?<\/p>\n<p style=\"text-align: justify;\">&#8211; Siz hukuk\u00e7u musunuz? Ana muhalefet liderine zaman\u0131nda dedim ki &#8216;Bir kelime \u00f6n\u00fcn\u00fcze gelir, ne yapaca\u011f\u0131n\u0131z\u0131 bilemezsiniz.&#8217; Siz bize uzla\u015fma dersi veremezsiniz.<\/p>\n<p style=\"text-align: justify;\">&#8211; 2011 genel se\u00e7iminden sonra &#8216;Hodri meydan&#8217; deyip, \u00e7a\u011fr\u0131 yapaca\u011f\u0131z. Meydanlarda ba\u015f\u00f6rt\u00fc diye dola\u015ftt\u0131n, hep bunu anlatt\u0131n durdun. E\u011fer d\u00fcr\u00fcst ve samimiysen hadi gel milyonlar\u0131n sorununu ortadan kald\u0131ral\u0131m. Bunu sa\u011fa sola \u00e7ekmeye gerek yok. Pakistan, \u0130ran \u00f6rne\u011fi vermeye gerek yok. B\u0131rak millet nas\u0131l istiyorsa \u00f6yle giyinsin. Sen ba\u015f\u00f6rt\u00fcl\u00fcye &#8216;Neden stre\u00e7 pantalon giydin, neden ask\u0131l\u0131 giydin&#8217; diye soracak m\u0131s\u0131n? Rahat b\u0131rak milleti.<\/p>\n<p style=\"text-align: justify;\">&#8211; Bak\u0131n bu konuda bile birbirlerine girdiler. E\u011fer d\u00fcr\u00fcst samimi davran\u0131yorsan, talimat\u0131n\u0131 ver. Hemen arkada\u015flar\u0131m\u0131z bir araya gelsinler. Siz lokomotif olun biz vagon olal\u0131m. Senin say\u0131n ortada 101-102. Biz ise 300 ki\u015fiyiz. Ama pe\u015finize tak\u0131l\u0131r\u0131z. Bak\u0131n Meclis Ba\u015fkan\u0131 \u00e7a\u011fr\u0131 yapt\u0131 bu konuda &#8216;Gelin g\u00f6r\u00fc\u015felim&#8217; dedi. Ama ba\u015fvuru var m\u0131 yok. Bu bl\u00f6ft\u00fcr bl\u00f6f. Biz bu bl\u00f6f\u00fc yutmay\u0131z. Bu millet hi\u00e7 yutmaz.<\/p>\n<p style=\"text-align: justify;\"><strong>12 Eyl\u00fcl referandumu <\/strong><\/p>\n<p style=\"text-align: justify;\">&#8211; Milletimiz, 12 Eyl\u00fcl referandumunda uzla\u015fmadan ka\u00e7an, h\u0131r\u00e7\u0131n, \u00f6fkeli s\u00f6ylemlere gereken mesaj\u0131 vermi\u015ftir. Uyum yasalar\u0131 \u00e7\u0131kar\u0131l\u0131rken muhalefet tahmin ediyorum ki ge\u00e7mi\u015fteki gibi engelleyici tav\u0131rlarda bulunmayacakt\u0131r. \u0130ktidar kadar muhalefet de \u00f6nemlidir. Bu yeni yasama d\u00f6neminde muhalefetten daha tutarl\u0131, yeni bir \u00fcslup bekliyoruz.<\/p>\n<p style=\"text-align: justify;\">&#8211; Biz bir ikbal beklentisi pe\u015finde de\u011filiz. Biz dertlere derman olmak i\u00e7in buraday\u0131z. Milletin yarar\u0131na olacak hi\u00e7bir konuda geri ad\u0131m atmay\u0131z. Her sorunun \u00e7\u00f6z\u00fcm\u00fc Meclis&#8217;tir. \u015eimdiye kadar hi\u00e7 kapamad\u0131\u011f\u0131m\u0131z kap\u0131lar\u0131m\u0131z\u0131, bu yeni d\u00f6nemde de ard\u0131na kadar a\u00e7\u0131k tutaca\u011f\u0131z.<\/p>\n<p style=\"text-align: justify;\"><strong>&#8220;Evet&#8217;lerden \u00e7ok Hay\u0131r&#8217;lar i\u00e7in \u00e7al\u0131\u015faca\u011f\u0131z&#8221; <\/strong><\/p>\n<p style=\"text-align: justify;\">&#8211; Mart ay\u0131nda genel se\u00e7im s\u00fcrecine girece\u011fiz ve takvim i\u015flemeye ba\u015flayacak. Genel se\u00e7imlerin haziran\u0131n ilk haftas\u0131nda ger\u00e7ekle\u015fmesi durumunda 8 ay\u0131m\u0131z var. Biz, 12 Eyl\u00fcl&#8217;den beri \u00e7al\u0131\u015f\u0131yoruz. 15-17 Ekim&#8217;de K\u0131z\u0131lcahamam&#8217;da isti\u015fare toplant\u0131m\u0131z olacak. Burada &#8216;evet&#8217;lerden \u00e7ok y\u00fczde 42 bize ni\u00e7in &#8216;hay\u0131r&#8217; dedi? Bunun \u00fczerinde duraca\u011f\u0131z. Y\u00fczde 58&#8217;e bir \u015fey ilave eder miyiz? Onu konu\u015faca\u011f\u0131z. Yol haritam\u0131z\u0131 netle\u015ftirece\u011fiz. Biz laf \u00fcretmeyece\u011fiz bug\u00fcne kadar i\u015f \u00fcrettik, i\u015f \u00fcretmeye de devam edece\u011fiz.<\/p>\n<p style=\"text-align: justify;\"><strong>&#8220;Bize bir tak\u0131lsalar&#8230;&#8221;<\/strong><\/p>\n<p style=\"text-align: justify;\">&#8211; Muhalefet diyor ki, &#8216;Ba\u015fbakan bir eseri 4 kez a\u00e7\u0131yor&#8217;. Bizde o kadar \u00e7ok eser var ki hepsini a\u00e7maya ne zaman\u0131m yeter ne de halimiz kal\u0131r. Bunlar a\u00e7\u0131l\u0131\u015f g\u00f6rmemi\u015f, ya\u015famam\u0131\u015flar hi\u00e7. Bir tak\u0131lsalar bize \u00fclkenin heyecan\u0131n\u0131 g\u00f6recekler. Onlar\u0131n b\u00f6yle bir derdi yok ki. Bunlar Ankara&#8217;ya mahkum. D\u0131\u015far\u0131 \u00e7\u0131kt\u0131klar\u0131 yok.<\/p>\n<p style=\"text-align: justify;\"><strong>\u00c7\u0131lg\u0131n proje polemi\u011fi <\/strong><\/p>\n<p style=\"text-align: justify;\">&#8211; Bug\u00fcn bir gazetede, &#8216;\u0130stanbul&#8217;a da Selimiye Camii yap\u0131l\u0131yor. Erdo\u011fan&#8217;\u0131n \u00e7\u0131lg\u0131n projesi bu mu?&#8217; \u015feklinde haber \u00e7\u0131km\u0131\u015f. Bunlar AK Parti&#8217;yi bir yere oturtmu\u015flar kafalar\u0131nda at g\u00f6zl\u00fc\u011f\u00fcnden bak\u0131yorlar. A\u00e7 g\u00f6z\u00fcn\u00fc de 360 dereceden bak. \u00c7\u0131lg\u0131n projeyi a\u00e7\u0131klay\u0131nca herkes ne oldu\u011funu g\u00f6recek.<\/p>\n<p style=\"text-align: justify;\">&#8211; Biz birilerinin yapt\u0131\u011f\u0131 gibi manevra olsun diye, g\u00f6z boyamak i\u00e7in \u00e7al\u0131\u015fm\u0131yoruz. Millete verdi\u011fimiz s\u00f6z i\u00e7in \u00e7al\u0131\u015f\u0131yoruz. Anayasa \u00e7al\u0131\u015fmalar\u0131n\u0131 ba\u015flatt\u0131k. Ayn\u0131 kararl\u0131 duru\u015fun muhalefet taraf\u0131ndan da g\u00f6sterilece\u011fine inanmak istiyoruz. Herkes dersine \u00e7al\u0131\u015fs\u0131n.<\/p>\n<p style=\"text-align: justify;\"><strong>&#8220;Samimiyetler test edilecek&#8221; <\/strong><\/p>\n<p style=\"text-align: justify;\">&#8211; Siyaset ilkeler \u00fczerinden yap\u0131l\u0131r. Samimiyetlerin test edilece\u011fi yeni bir d\u00f6nem ba\u015fl\u0131yor. Ba\u015fta \u00fcniversite kap\u0131s\u0131ndaki ba\u015f\u00f6rt\u00fcl\u00fc k\u0131zlar olmak \u00fczere, her konuda muhalefet verdi\u011fi s\u00f6zlerin arkas\u0131nda durmal\u0131. Bunu sadece biz de\u011fil, millet bekliyor. S\u00f6zler tutulursa T\u00fcrkiye kazan\u0131r. Tutulmazsa, bir kez daha manevra yap\u0131l\u0131r, \u00e7ark edilirse millet sand\u0131kta cevab\u0131n\u0131 verir.<\/p>\n<p style=\"text-align: justify;\"><a href=\"http:\/\/www.cnnturk.com\/2010\/turkiye\/10\/05\/erdogandan.muhalefete.sululuk.suclamasi\/591939.0\/index.html\" target=\"_blank\"><span style=\"color: #888888;\">CNN T\u00dcRK<\/span><\/a><\/p>\n","protected":false},"excerpt":{"rendered":"<p style=\"text-align: center;\">\n<p style=\"text-align: justify;\">Ba\u015fbakan Erdo\u011fan, yeni yasama d\u00f6neminin ilk grup toplant\u0131s\u0131nda yine muhalefete y\u00fcklendi. Muhalefeti anayasa \u00e7al\u0131\u015fmalar\u0131 konusunda &#8220;sululuk&#8221;la su\u00e7layan Erdo\u011fan, t\u00fcrban konusunda samimi bulmad\u0131\u011f\u0131 muhalefeti &#8220;bl\u00f6f&#8221; yapmakla ele\u015ftirdi; &#8220;Bu bl\u00f6f\u00fc biz yutmay\u0131z, millet hi\u00e7 yutmaz&#8221; dedi. <\/p>\n","protected":false},"author":1,"featured_media":0,"comment_status":"open","ping_status":"closed","sticky":false,"template":"","format":"standard","meta":{"footnotes":""},"categories":[105],"tags":[],"class_list":["post-26164","post","type-post","status-publish","format-standard","hentry","category-gundem","odd"],"_links":{"self":[{"href":"http:\/\/www.korhanyilmaz.com\/index.php?rest_route=\/wp\/v2\/posts\/26164","targetHints":{"allow":["GET"]}}],"collection":[{"href":"http:\/\/www.korhanyilmaz.com\/index.php?rest_route=\/wp\/v2\/posts"}],"about":[{"href":"http:\/\/www.korhanyilmaz.com\/index.php?rest_route=\/wp\/v2\/types\/post"}],"author":[{"embeddable":true,"href":"http:\/\/www.korhanyilmaz.com\/index.php?rest_route=\/wp\/v2\/users\/1"}],"replies":[{"embeddable":true,"href":"http:\/\/www.korhanyilmaz.com\/index.php?rest_route=%2Fwp%2Fv2%2Fcomments&post=26164"}],"version-history":[{"count":0,"href":"http:\/\/www.korhanyilmaz.com\/index.php?rest_route=\/wp\/v2\/posts\/26164\/revisions"}],"wp:attachment":[{"href":"http:\/\/www.korhanyilmaz.com\/index.php?rest_route=%2Fwp%2Fv2%2Fmedia&parent=26164"}],"wp:term":[{"taxonomy":"category","embeddable":true,"href":"http:\/\/www.korhanyilmaz.com\/index.php?rest_route=%2Fwp%2Fv2%2Fcategories&post=26164"},{"taxonomy":"post_tag","embeddable":true,"href":"http:\/\/www.korhanyilmaz.com\/index.php?rest_route=%2Fwp%2Fv2%2Ftags&post=26164"}],"curies":[{"name":"wp","href":"https:\/\/api.w.org\/{rel}","templated":true}]}}