{"id":26156,"date":"2010-10-05T09:59:59","date_gmt":"2010-10-05T06:59:59","guid":{"rendered":"http:\/\/www.korhanyilmaz.com\/?p=26156"},"modified":"2010-10-05T09:59:59","modified_gmt":"2010-10-05T06:59:59","slug":"pkk-operasyonunda-8-bdpli-tutuklandi","status":"publish","type":"post","link":"http:\/\/www.korhanyilmaz.com\/?p=26156","title":{"rendered":"PKK operasyonunda 8 BDP&#8217;li tutukland\u0131"},"content":{"rendered":"<div id=\"attachment_26157\" style=\"width: 334px\" class=\"wp-caption aligncenter\"><a href=\"http:\/\/www.korhanyilmaz.com\/wp-content\/uploads\/2010\/10\/031.jpeg\"  class=\"lightview\"><img loading=\"lazy\" decoding=\"async\" aria-describedby=\"caption-attachment-26157\" class=\"size-full wp-image-26157 \" src=\"http:\/\/www.korhanyilmaz.com\/wp-content\/uploads\/2010\/10\/031.jpeg\" alt=\"\" width=\"324\" height=\"259\" \/><\/a><p id=\"caption-attachment-26157\" class=\"wp-caption-text\">BDP Milletvekili \u0130brahim \u015eahin, beraberindeki 100 ki\u015fiyle tutuklamalar\u0131 protesto etti<\/p><\/div>\n<p style=\"text-align: justify;\">\u015eanl\u0131urfa&#8217;da, polis taraf\u0131ndan PKK&#8217;ya y\u00f6nelik d\u00fczenlenen operasyonda g\u00f6zalt\u0131na al\u0131nan ve d\u00fcn saat 05.30&#8217;da adliyeye sevk edilen 24 ki\u015fiden, aralar\u0131nda BDP \u0130l Ba\u015fkan\u0131 \u0130brahim Ayhan&#8217;\u0131n da bulundu\u011fu 8 \u015f\u00fcpheli tutuklanarak cezaevine g\u00f6nderildi.<!--more--><\/p>\n<p style=\"text-align: justify;\">\u015eANLIURFA &#8211; Ge\u00e7en cuma g\u00fcn\u00fc PKK\u2019ya y\u00f6nelik \u015eanl\u0131urfa merkezli operasyon yapan polis, aralar\u0131nda BDP \u0130l Ba\u015fkan\u0131 \u0130brahim Ayhan, \u0130l Genel Meclisi ve Belediye Meclis \u00fcyelerinin de bulundu\u011fu 26 BDP&#8217;liyi g\u00f6zalt\u0131na ald\u0131. Ter\u00f6rle M\u00fccadele \u015eube M\u00fcd\u00fcrl\u00fc\u011f\u00fc\u2019nde 3 g\u00fcn boyunca sorgulanan \u015f\u00fcphelilerden 2\u2019si savc\u0131l\u0131k talimat\u0131 ile serbest b\u0131rak\u0131l\u0131rken, 24\u2019\u00fc ise d\u00fcn saat 05.30\u2019da adliyeye sevk edildi.<\/p>\n<p style=\"text-align: justify;\">Polisin geni\u015f g\u00fcvenlik \u00f6nlemi ald\u0131\u011f\u0131 adliyede g\u00fcn boyu sorgulanan \u015f\u00fcphelilerden BDP \u0130l Ba\u015fkan Yard\u0131mc\u0131s\u0131 Bekir Benek, Mahmut Kutevi, Kays I\u015f\u0131k, Mehmet Y\u0131lmaz ve Azadiya Welat Gazetesi temsilcisi Veysel Ate\u015f savc\u0131l\u0131k\u00e7a serbest b\u0131rak\u0131ld\u0131. Di\u011fer 19 \u015f\u00fcpheli ise \u2018Ter\u00f6r \u00f6rg\u00fct\u00fcne yard\u0131m ve yatakl\u0131k yapmak, ter\u00f6r \u00f6rg\u00fct\u00fcne eleman kazand\u0131rmak, kanunsuz g\u00f6steri yapmak, ara\u00e7 yakmak, kamu mal\u0131na zarar vermek\u2019 su\u00e7lamas\u0131yla, tutuklanmalar\u0131 istemiyle n\u00f6bet\u00e7i mahkemeye sevk edildi.<\/p>\n<p style=\"text-align: justify;\"><strong>26 SAAT SONRA KARAR<\/strong><\/p>\n<p style=\"text-align: justify;\">Saat 23.30 s\u0131ralar\u0131nda n\u00f6bet\u00e7i Asliye Ceza Mahkemesi\u2019ne \u00e7\u0131kar\u0131lan 19 \u015f\u00fcpheli hakk\u0131ndaki karar, adliyeye getirilmelerinden 26 saat sonra saat 07.30 s\u0131ralar\u0131nda verildi. Mahkeme heyeti \u015f\u00fcphelilerden Mahmut \u00c7elik, Naile Bali, M\u00fcsl\u00fcm Kaplan, Salih I\u015f\u0131k, \u0130brahim \u00d6zt\u00fcrk, \u015eahin Binici, Kadir \u00c7i\u00e7ek, Sakine Kayran, Akide \u0130din, Muhittin Yener ve \u0130smail D\u00f6lek\u2019i tutuksuz yarg\u0131lamak \u00fczere serbest b\u0131rakt\u0131.<\/p>\n<p style=\"text-align: justify;\"><strong>\u00c7OCU\u011eUNU DA CEZAEV\u0130NE G\u00d6T\u00dcRD\u00dc<\/strong><\/p>\n<p style=\"text-align: justify;\">\u015e\u00fcpheliler aras\u0131nda bulunan BDP \u0130l Ba\u015fkan\u0131 \u0130brahim Ayhan, \u0130l Ba\u015fkan Yard\u0131mc\u0131s\u0131 Adile Fidan, Viran\u015fehir Belediye Meclis \u00dcyesi Fatma Silgir, Kad\u0131n Meclisi \u00dcyesi Azize Ya\u011f\u0131z ile BDP \u00fcyeleri Mikail G\u00f6zek, Aynur \u015eahin, Mesure Engin ve Nevrez Alata\u015f\u2019\u0131n tutuklanmalar\u0131na karar verildi. Bu arada, daha \u00f6nce yap\u0131lan KCK operasyonunda tutuklanan Suru\u00e7 Belediye Ba\u015fkan\u0131 Ethem \u015eahin\u2019in e\u015fi Aynur \u015eahin, kimsenin yan\u0131na b\u0131rakmad\u0131\u011f\u0131 i\u00e7in 4 g\u00fcnd\u00fcr yan\u0131nda bulundurdu\u011fu 3 ya\u015f\u0131ndaki o\u011flu Agir\u2019i cezaevine de yan\u0131nda g\u00f6t\u00fcrd\u00fc.<\/p>\n<p style=\"text-align: justify;\">8 \u015f\u00fcpheli, karar\u0131n ard\u0131ndan adliyenin garaj\u0131nda bulunan otob\u00fcse bindirilerek, farkl\u0131 bir g\u00fczergahtan cezaevine g\u00f6t\u00fcr\u00fcld\u00fc. Bu s\u0131rada, d\u00fcnden itibaren adliye \u00f6n\u00fcnde bekleyen BDP Milletvekili \u0130brahim Binici\u2019nin de aralar\u0131nda bulundu\u011fu yakla\u015f\u0131k 100 ki\u015filik kalabal\u0131k verilen karara tepki g\u00f6sterirken, tutuklanan baz\u0131 ki\u015filerin yak\u0131nlar\u0131 g\u00f6zya\u015flar\u0131na hakim olamad\u0131.<\/p>\n<p style=\"text-align: justify;\"><strong>B\u0130N\u0130C\u0130: BDP&#8217;YE S\u0130YAS\u0130 L\u0130N\u00c7 OPERASYONU<\/strong><\/p>\n<p style=\"text-align: justify;\">Partililerle birlikte adliye \u00f6n\u00fcnde gazetecilere a\u00e7\u0131klama yapan BDP \u015eanl\u0131urfa Milletvekili \u0130brahim Binici, yap\u0131lanlar\u0131n tamamen BDP\u2019ye kar\u015f\u0131 geli\u015ftirilen siyasi lin\u00e7 operasyonu oldu\u011funu ileri s\u00fcrd\u00fc. Operasyon kapsam\u0131nda kendilerine y\u00f6neltilen t\u00fcm su\u00e7lar\u0131n hukuki dayanaktan yoksun oldu\u011funu iddia eden Binici, \u015f\u00f6yle konu\u015ftu:<\/p>\n<p style=\"text-align: justify;\">\u201cMaalesef d\u00fcnden beri adliyenin etraf\u0131 ku\u015fat\u0131lm\u0131\u015f, 12 Eyl\u00fcl darbesini hat\u0131rlat\u0131r g\u00f6r\u00fcnt\u00fcler ortaya \u00e7\u0131km\u0131\u015ft\u0131r. Binlerce sivil polis ve m\u00fcd\u00fcrleri sabaha kadar yatmad\u0131. Bu da g\u00f6steriyor ki bu tamamen merkezden verilmi\u015f karar. AKP, BDP\u2019yi kendisine rakip g\u00f6rd\u00fc\u011f\u00fcnden il \u00f6rg\u00fct\u00fcm\u00fcz\u00fc \u00e7\u00f6kertmek i\u00e7in bu operasyon yap\u0131ld\u0131. \u0130l ba\u015fkan\u0131m\u0131z dahil 8 partilimiz maalesef hukuksuz \u015fekilde tutukland\u0131. Bundan sonraki hukuki s\u00fcreci avukatlarla takip edece\u011fiz. Hukuksuzlu\u011fun pe\u015fini b\u0131rakmayacak, hem burada hem de parlamentoda takip edece\u011fiz. Hukuksuzlu\u011fa asla tahamm\u00fcl etmeyece\u011fiz. E\u011fer, K\u00fcrt sorunu demokratik bar\u0131\u015f\u00e7\u0131l bir y\u00f6ntemle \u00e7\u00f6z\u00fclmek isteniyorsa, AKP elini BDP\u2019den \u00e7eksin. BDP parlamentoya gitti\u011finden bu yana eli havada bar\u0131\u015f bekliyor ama AKP, BDP\u2019yi Urfa\u2019da rakip g\u00f6r\u00fcp \u00e7\u00f6kertmek i\u00e7in operasyon yap\u0131yor. \u0130l ba\u015fkan\u0131m\u0131z \u0130brahim Ayhan\u2019\u0131 tutuklayabilirler ama, bilsinler ki Urfa\u2019da \u0130brahim\u2019ler bitmez. O da yatar \u00e7\u0131kar m\u00fccadelesine devam eder. Ge\u00e7mi\u015fe bak\u0131n Ahmet T\u00fcrk, S\u0131rr\u0131 Sak\u0131k, Selim Sadak, Leyla Zana cezaevine girip yatt\u0131lar. \u015eimdi yine kol kola ayn\u0131 m\u00fccadeleyi veriyoruz. Art\u0131k k\u00f6t\u00fc al\u0131\u015fkanl\u0131klardan vazge\u00e7sin, BDP\u2019den ellerini \u00e7eksinler. \u015eanl\u0131urfa\u2019da AKP eliyle \u00e7at\u0131\u015fma ortam\u0131 yarat\u0131lmak, halk birbirine kar\u015f\u0131 k\u0131\u015fk\u0131rt\u0131lmak isteniyor.\u201d (dha)<\/p>\n<p style=\"text-align: justify;\"><a href=\"http:\/\/www.radikal.com.tr\/Radikal.aspx?aType=RadikalDetay&amp;ArticleID=1022233&amp;Date=05.10.2010&amp;CategoryID=77\" target=\"_blank\"><span style=\"color: #888888;\">Kaynak : Radikal<\/span><\/a><\/p>\n","protected":false},"excerpt":{"rendered":"<p id=\"caption-attachment-26157\" class=\"wp-caption-text\">BDP Milletvekili \u0130brahim \u015eahin, beraberindeki 100 ki\u015fiyle tutuklamalar\u0131 protesto etti<\/p>\n<p style=\"text-align: justify;\">\u015eanl\u0131urfa&#8217;da, polis taraf\u0131ndan PKK&#8217;ya y\u00f6nelik d\u00fczenlenen operasyonda g\u00f6zalt\u0131na al\u0131nan ve d\u00fcn saat 05.30&#8217;da adliyeye sevk edilen 24 ki\u015fiden, aralar\u0131nda BDP \u0130l Ba\u015fkan\u0131 \u0130brahim Ayhan&#8217;\u0131n da bulundu\u011fu 8 \u015f\u00fcpheli tutuklanarak cezaevine g\u00f6nderildi.<\/p>\n","protected":false},"author":1,"featured_media":0,"comment_status":"open","ping_status":"closed","sticky":false,"template":"","format":"standard","meta":{"footnotes":""},"categories":[105],"tags":[],"class_list":["post-26156","post","type-post","status-publish","format-standard","hentry","category-gundem","odd"],"_links":{"self":[{"href":"http:\/\/www.korhanyilmaz.com\/index.php?rest_route=\/wp\/v2\/posts\/26156","targetHints":{"allow":["GET"]}}],"collection":[{"href":"http:\/\/www.korhanyilmaz.com\/index.php?rest_route=\/wp\/v2\/posts"}],"about":[{"href":"http:\/\/www.korhanyilmaz.com\/index.php?rest_route=\/wp\/v2\/types\/post"}],"author":[{"embeddable":true,"href":"http:\/\/www.korhanyilmaz.com\/index.php?rest_route=\/wp\/v2\/users\/1"}],"replies":[{"embeddable":true,"href":"http:\/\/www.korhanyilmaz.com\/index.php?rest_route=%2Fwp%2Fv2%2Fcomments&post=26156"}],"version-history":[{"count":0,"href":"http:\/\/www.korhanyilmaz.com\/index.php?rest_route=\/wp\/v2\/posts\/26156\/revisions"}],"wp:attachment":[{"href":"http:\/\/www.korhanyilmaz.com\/index.php?rest_route=%2Fwp%2Fv2%2Fmedia&parent=26156"}],"wp:term":[{"taxonomy":"category","embeddable":true,"href":"http:\/\/www.korhanyilmaz.com\/index.php?rest_route=%2Fwp%2Fv2%2Fcategories&post=26156"},{"taxonomy":"post_tag","embeddable":true,"href":"http:\/\/www.korhanyilmaz.com\/index.php?rest_route=%2Fwp%2Fv2%2Ftags&post=26156"}],"curies":[{"name":"wp","href":"https:\/\/api.w.org\/{rel}","templated":true}]}}