{"id":26134,"date":"2010-10-05T10:52:26","date_gmt":"2010-10-05T07:52:26","guid":{"rendered":"http:\/\/www.korhanyilmaz.com\/?p=26134"},"modified":"2010-10-05T10:52:26","modified_gmt":"2010-10-05T07:52:26","slug":"avcinin-tutukluluguna-itiraz","status":"publish","type":"post","link":"http:\/\/www.korhanyilmaz.com\/?p=26134","title":{"rendered":"Avc\u0131&#8217;n\u0131n tutuklulu\u011funa itiraz"},"content":{"rendered":"<p style=\"text-align: justify;\"><a href=\"http:\/\/www.korhanyilmaz.com\/wp-content\/uploads\/2010\/10\/058.jpg\"  class=\"lightview\"><img loading=\"lazy\" decoding=\"async\" class=\"aligncenter size-full wp-image-26135\" src=\"http:\/\/www.korhanyilmaz.com\/wp-content\/uploads\/2010\/10\/058.jpg\" alt=\"\" width=\"413\" height=\"219\" \/><\/a><\/p>\n<p style=\"text-align: justify;\">Hanefi Avc\u0131&#8217;n\u0131n avukat\u0131 tutuklulu\u011funa itiraz etti.<\/p>\n<p style=\"text-align: justify;\">\u0130STANBUL-  &#8221;Devrimci Karargah \u00d6rg\u00fct\u00fc&#8221;ne y\u00f6nelik y\u00fcr\u00fct\u00fclen soru\u015fturma kapsam\u0131nda tutuklanan Emniyet M\u00fcd\u00fcr\u00fc Hanefi Avc\u0131&#8217;n\u0131n avukat\u0131, tutuklulu\u011fun kald\u0131r\u0131lmas\u0131 i\u00e7in mahkemeye ba\u015fvurdu. <!--more--><\/p>\n<p style=\"text-align: justify;\">Al\u0131nan bilgiye g\u00f6re, Hanefi Avc\u0131&#8217;n\u0131n \u0130stanbul Barosu taraf\u0131ndan atanan avukat\u0131 Bahtiyar Kurt, \u0130stanbul 14. A\u011f\u0131r Ceza Mahkemesine verdi\u011fi dilek\u00e7ede, m\u00fcvekkilinin tutuklulu\u011funun kald\u0131r\u0131lmas\u0131n\u0131 talep etti.<\/p>\n<p style=\"text-align: justify;\">Bas\u0131n mensuplar\u0131n\u0131n, Avc\u0131&#8217;n\u0131n karara itiraz etmeyece\u011fini bildirdi\u011fini hat\u0131rlatt\u0131klar\u0131 avukat Kurt, tutuklama karar\u0131n\u0131n al\u0131nd\u0131\u011f\u0131 g\u00fcn Avc\u0131&#8217;ya bu karara itiraz edece\u011fini, bunun yasadan kaynaklanan bir hak oldu\u011funu s\u00f6yledi\u011fini belirterek, \u015f\u00f6yle konu\u015ftu:<\/p>\n<p style=\"text-align: justify;\">&#8221;Bug\u00fcn yapt\u0131\u011f\u0131m i\u015flemden haberi vard\u0131r. &#8216;Karara itiraz etmeyece\u011fim, tahliyemi istemiyorum&#8217; \u015feklindeki g\u00f6r\u00fc\u015f kendisinin \u015fahsi g\u00f6r\u00fc\u015f\u00fcd\u00fcr. Kendisi tutuklulu\u011fa itiraz etmeyece\u011fini ifade etmi\u015ftir. Ancak bana itiraz\u0131 yapmamam konusunda a\u00e7\u0131k ve net s\u00f6ylenmi\u015f bir \u015fey yoktur. Avukat olarak i\u015fin o taraf\u0131n\u0131 bana b\u0131rakm\u0131\u015ft\u0131r.&#8221;<\/p>\n<p style=\"text-align: justify;\"><a href=\"http:\/\/www.gazeteport.com.tr\/GUNCEL\/NEWS\/GP_775704\" target=\"_blank\"><span style=\"color: #888888;\">GAZETEPORT<\/span><\/a><\/p>\n","protected":false},"excerpt":{"rendered":"<p style=\"text-align: justify;\">\n<p style=\"text-align: justify;\">Hanefi Avc\u0131&#8217;n\u0131n avukat\u0131 tutuklulu\u011funa itiraz etti.<\/p>\n<p style=\"text-align: justify;\">\u0130STANBUL- &#8221;Devrimci Karargah \u00d6rg\u00fct\u00fc&#8221;ne y\u00f6nelik y\u00fcr\u00fct\u00fclen soru\u015fturma kapsam\u0131nda tutuklanan Emniyet M\u00fcd\u00fcr\u00fc Hanefi Avc\u0131&#8217;n\u0131n avukat\u0131, tutuklulu\u011fun kald\u0131r\u0131lmas\u0131 i\u00e7in mahkemeye ba\u015fvurdu. <\/p>\n","protected":false},"author":1,"featured_media":0,"comment_status":"open","ping_status":"closed","sticky":false,"template":"","format":"standard","meta":{"footnotes":""},"categories":[105],"tags":[],"class_list":["post-26134","post","type-post","status-publish","format-standard","hentry","category-gundem","odd"],"_links":{"self":[{"href":"http:\/\/www.korhanyilmaz.com\/index.php?rest_route=\/wp\/v2\/posts\/26134","targetHints":{"allow":["GET"]}}],"collection":[{"href":"http:\/\/www.korhanyilmaz.com\/index.php?rest_route=\/wp\/v2\/posts"}],"about":[{"href":"http:\/\/www.korhanyilmaz.com\/index.php?rest_route=\/wp\/v2\/types\/post"}],"author":[{"embeddable":true,"href":"http:\/\/www.korhanyilmaz.com\/index.php?rest_route=\/wp\/v2\/users\/1"}],"replies":[{"embeddable":true,"href":"http:\/\/www.korhanyilmaz.com\/index.php?rest_route=%2Fwp%2Fv2%2Fcomments&post=26134"}],"version-history":[{"count":0,"href":"http:\/\/www.korhanyilmaz.com\/index.php?rest_route=\/wp\/v2\/posts\/26134\/revisions"}],"wp:attachment":[{"href":"http:\/\/www.korhanyilmaz.com\/index.php?rest_route=%2Fwp%2Fv2%2Fmedia&parent=26134"}],"wp:term":[{"taxonomy":"category","embeddable":true,"href":"http:\/\/www.korhanyilmaz.com\/index.php?rest_route=%2Fwp%2Fv2%2Fcategories&post=26134"},{"taxonomy":"post_tag","embeddable":true,"href":"http:\/\/www.korhanyilmaz.com\/index.php?rest_route=%2Fwp%2Fv2%2Ftags&post=26134"}],"curies":[{"name":"wp","href":"https:\/\/api.w.org\/{rel}","templated":true}]}}