{"id":26128,"date":"2009-04-11T10:37:57","date_gmt":"2009-04-11T07:37:57","guid":{"rendered":"http:\/\/www.korhanyilmaz.com\/?p=26128"},"modified":"2009-04-11T10:37:57","modified_gmt":"2009-04-11T07:37:57","slug":"ruhban-okuluna-karsilik-bati-trakya","status":"publish","type":"post","link":"http:\/\/www.korhanyilmaz.com\/?p=26128","title":{"rendered":"Ruhban Okulu&#039;na kar\u015f\u0131l\u0131k Bat\u0131 Trakya"},"content":{"rendered":"<p><a href=\"http:\/\/www.korhanyilmaz.com\/wp-content\/uploads\/2010\/10\/027.jpg\"  class=\"lightview\"><img loading=\"lazy\" decoding=\"async\" class=\"aligncenter size-full wp-image-26129\" src=\"http:\/\/www.korhanyilmaz.com\/wp-content\/uploads\/2010\/10\/027.jpg\" alt=\"\" width=\"240\" height=\"240\" \/><\/a><\/p>\n<p style=\"text-align: justify;\">ABD Ba\u015fkan\u0131 Barack Obama&#8217;n\u0131n T\u00fcrkiye ziyaretiyle yeniden g\u00fcndeme gelen Heybeliada Ruhban Okulu konusunda garip bir pazarl\u0131k ortaya \u00e7\u0131kt\u0131. Ankara ile Atina aras\u0131nda bir s\u00fcredir &#8216;okulun a\u00e7\u0131lmas\u0131na kar\u015f\u0131l\u0131k, Bat\u0131 Trakya T\u00fcrk az\u0131nl\u0131\u011f\u0131n\u0131n durumunun iyile\u015ftirilmesi&#8217; pazarl\u0131\u011f\u0131n\u0131n y\u00fcr\u00fct\u00fclmekte oldu\u011fu \u00f6\u011frenildi.<!--more--><\/p>\n<p style=\"text-align: justify;\">Heybeliada Ruhban Okulu&#8217;nun a\u00e7\u0131l\u0131p a\u00e7\u0131lmamas\u0131 tart\u0131\u015fmas\u0131 yap\u0131l\u0131rken, Atina ile Ankara aras\u0131nda \u00e7ok ilgin\u00e7 bir pazarl\u0131k yap\u0131ld\u0131\u011f\u0131 ortaya \u00e7\u0131kt\u0131. Ruhban Okulu\u2019nun a\u00e7\u0131lmas\u0131na kar\u015f\u0131l\u0131k Bat\u0131 Trakya T\u00fcrk az\u0131nl\u0131\u011f\u0131n\u0131n durumunun iyile\u015ftirilmesi y\u00f6n\u00fcnde h\u00fck\u00fcmetin ilk resmi \u00f6nerisini, 2003 y\u0131l\u0131nda Avrupa Konseyi toplant\u0131s\u0131 i\u00e7in Atina\u2019ya giden d\u00f6nemin Milli E\u011fitim Bakan\u0131 H\u00fcseyin \u00c7elik getirdi. \u00c7elik, Yunan Milli E\u011fitim ve Diyanet \u0130\u015fleri Bakan\u0131 Petros Eftimiu ile bir g\u00f6r\u00fc\u015fme yapt\u0131. Ancak \u201cy\u00fck\u00fcml\u00fcl\u00fck alt\u0131na girmek istemeyen\u201d Atina, AKP\u2019nin \u00f6nerisini reddederek \u00e7\u00f6z\u00fcm i\u00e7in AB\u2019yi adres olarak g\u00f6sterdi.<\/p>\n<p style=\"text-align: justify;\"><strong><span style=\"color: #000000;\">Babacan\u2019la Bakoyanni g\u00f6r\u00fc\u015ft\u00fc <\/span><\/strong><\/p>\n<p style=\"text-align: justify;\">Ruhban Okulu sorunu daha sonra hem ikili temaslarda hem de AB i\u00e7inde ele al\u0131nmaya ba\u015flarken, Ankara, okulun \u0130stanbul \u00dcniversitesi \u0130lahiyat Fak\u00fcltesi\u2019ne ya da orta\u00f6\u011frenim d\u00fczeyinde olacaksa da Milli E\u011fitim Bakanl\u0131\u011f\u0131\u2019na ba\u011flanmas\u0131 form\u00fcl\u00fcn\u00fc geli\u015ftirdi ve \u201cDo\u011frudan izin verilmesi s\u00f6z konusu olamaz. Anayasaya ayk\u0131r\u0131l\u0131k s\u00f6z konusu\u201d g\u00f6r\u00fc\u015f\u00fcn\u00fc iletti. Bir s\u00fcre sonra T\u00fcrkiye ile Yunanistan aras\u0131nda bu konuda sessiz sedas\u0131z g\u00f6r\u00fc\u015fmeler ba\u015flat\u0131ld\u0131. Anayasan\u0131n y\u00fcksek\u00f6\u011frenimi d\u00fczenleyen 130. maddesi ve orta\u00f6\u011fretime \u201cdevletin g\u00f6zetimi ve denetimi\u201d ko\u015fulunu getiren 42. maddeleri uyar\u0131nca, Heybeliada Ruhban Okulu\u2019nun, Y\u00d6K ya da Milli E\u011fitim Bakanl\u0131\u011f\u0131 d\u0131\u015f\u0131nda faaliyet g\u00f6stermesi s\u00f6z konusu olam\u0131yor.<\/p>\n<p style=\"text-align: justify;\">Lozan Antla\u015fmas\u0131\u2019n\u0131n 40. maddesi uyar\u0131nca halen, 22 Ermeni, 22 Rum, 3 Musevi okulu olmak \u00fczere 47 az\u0131nl\u0131k okulu Milli E\u011fitim Bakanl\u0131\u011f\u0131\u2019na ba\u011fl\u0131 olarak faaliyet g\u00f6steriyor. Heybeliada Ruhban Okulu\u2019nun, Yunanistan\u2019\u0131n istedi\u011fi bi\u00e7imiyle a\u00e7\u0131lmas\u0131 i\u00e7in anayasan\u0131n de\u011fi\u015ftirilmesi gerekiyor. T\u00fcrkiye, Heybeliada Ruhban Okulu\u2019nun a\u00e7\u0131lmas\u0131na kar\u015f\u0131l\u0131k, Atina y\u00f6netiminin Bat\u0131 Trakya\u2019daki T\u00fcrk az\u0131nl\u0131\u011f\u0131n etnik k\u00f6kenini tan\u0131mas\u0131n\u0131, T\u00fcrk vak\u0131flar\u0131n\u0131n y\u00f6netiminde se\u00e7ilmi\u015f T\u00fcrk az\u0131nl\u0131\u011f\u0131n temsilcilerinin bulunmas\u0131, m\u00fcft\u00fclerin T\u00fcrk az\u0131nl\u0131k taraf\u0131ndan se\u00e7ilmelerini, Bat\u0131 Trakya\u2019daki okullarda okutulan kitaplar\u0131n g\u00fcncelle\u015ftirilmesini istedi. Bu \u00e7er\u00e7evede iki \u00fclke aras\u0131nda bir dizi form\u00fcl \u00fczerinde \u00e7al\u0131\u015f\u0131lmaya ba\u015fland\u0131. Konu, \u0130stanbul\u2019da bir araya gelen D\u0131\u015fi\u015fleri Bakan\u0131 Ali Babacan ile Yunanistan D\u0131\u015fi\u015fleri Bakan\u0131 Dora Bakoyanni g\u00f6r\u00fc\u015fmesinde de ele al\u0131nd\u0131. Konuyla ilgili bilgi veren kaynaklar, Obama\u2019n\u0131n Heybeliada Ruhban Okulu&#8217;na ili\u015fkin verdi\u011fi mesajlar\u0131n ard\u0131ndan T\u00fcrkiye ile Yunanistan aras\u0131ndaki bu s\u00fcrecin h\u0131zlanmas\u0131n\u0131n beklendi\u011fini dile getirdiler.<\/p>\n<p style=\"text-align: justify;\"><a href=\"http:\/\/www.cumhuriyet.com.tr\/?hn=49782\" target=\"_blank\"><span style=\"color: #808080;\">Kaynak : Bahad\u0131r Selim Dilek &#8211; Cumhuriyet Haber Podtal\u0131<\/span><\/a><\/p>\n","protected":false},"excerpt":{"rendered":"<\/p>\n<p style=\"text-align: justify;\">ABD Ba\u015fkan\u0131 Barack Obama&#8217;n\u0131n T\u00fcrkiye ziyaretiyle yeniden g\u00fcndeme gelen Heybeliada Ruhban Okulu konusunda garip bir pazarl\u0131k ortaya \u00e7\u0131kt\u0131. Ankara ile Atina aras\u0131nda bir s\u00fcredir &#8216;okulun a\u00e7\u0131lmas\u0131na kar\u015f\u0131l\u0131k, Bat\u0131 Trakya T\u00fcrk az\u0131nl\u0131\u011f\u0131n\u0131n durumunun iyile\u015ftirilmesi&#8217; pazarl\u0131\u011f\u0131n\u0131n y\u00fcr\u00fct\u00fclmekte oldu\u011fu \u00f6\u011frenildi.<\/p>\n","protected":false},"author":1,"featured_media":0,"comment_status":"open","ping_status":"closed","sticky":false,"template":"","format":"standard","meta":{"footnotes":""},"categories":[105],"tags":[],"class_list":["post-26128","post","type-post","status-publish","format-standard","hentry","category-gundem","odd"],"_links":{"self":[{"href":"http:\/\/www.korhanyilmaz.com\/index.php?rest_route=\/wp\/v2\/posts\/26128","targetHints":{"allow":["GET"]}}],"collection":[{"href":"http:\/\/www.korhanyilmaz.com\/index.php?rest_route=\/wp\/v2\/posts"}],"about":[{"href":"http:\/\/www.korhanyilmaz.com\/index.php?rest_route=\/wp\/v2\/types\/post"}],"author":[{"embeddable":true,"href":"http:\/\/www.korhanyilmaz.com\/index.php?rest_route=\/wp\/v2\/users\/1"}],"replies":[{"embeddable":true,"href":"http:\/\/www.korhanyilmaz.com\/index.php?rest_route=%2Fwp%2Fv2%2Fcomments&post=26128"}],"version-history":[{"count":0,"href":"http:\/\/www.korhanyilmaz.com\/index.php?rest_route=\/wp\/v2\/posts\/26128\/revisions"}],"wp:attachment":[{"href":"http:\/\/www.korhanyilmaz.com\/index.php?rest_route=%2Fwp%2Fv2%2Fmedia&parent=26128"}],"wp:term":[{"taxonomy":"category","embeddable":true,"href":"http:\/\/www.korhanyilmaz.com\/index.php?rest_route=%2Fwp%2Fv2%2Fcategories&post=26128"},{"taxonomy":"post_tag","embeddable":true,"href":"http:\/\/www.korhanyilmaz.com\/index.php?rest_route=%2Fwp%2Fv2%2Ftags&post=26128"}],"curies":[{"name":"wp","href":"https:\/\/api.w.org\/{rel}","templated":true}]}}