{"id":26125,"date":"2010-10-05T09:32:48","date_gmt":"2010-10-05T06:32:48","guid":{"rendered":"http:\/\/www.korhanyilmaz.com\/?p=26125"},"modified":"2010-10-05T09:32:48","modified_gmt":"2010-10-05T06:32:48","slug":"cemaat-sermayesi-resmilesti","status":"publish","type":"post","link":"http:\/\/www.korhanyilmaz.com\/?p=26125","title":{"rendered":"Cemaat sermayesi resmile\u015fti"},"content":{"rendered":"<p style=\"text-align: center;\"><a href=\"http:\/\/www.korhanyilmaz.com\/wp-content\/uploads\/2010\/10\/0261.jpg\"  class=\"lightview\"><img loading=\"lazy\" decoding=\"async\" class=\"aligncenter size-full wp-image-26131\" src=\"http:\/\/www.korhanyilmaz.com\/wp-content\/uploads\/2010\/10\/0261.jpg\" alt=\"\" width=\"360\" height=\"197\" \/><\/a><\/p>\n<p style=\"text-align: justify;\">Yakla\u015f\u0131k 30 y\u0131ld\u0131r T\u00fcrk- Amerikan ticari ili\u015fkilerini y\u00fcr\u00fcten DE\u0130K \u00e7at\u0131s\u0131 alt\u0131ndaki i\u015f konseyinin yan\u0131nda, ye\u015fil sermayenin temsilcisi olarak kabul edilen M\u00dcS\u0130AD ve G\u00fclen cemaatine yak\u0131nl\u0131\u011f\u0131yla bilinen TUSKON temsilcilerinin de yer ald\u0131\u011f\u0131 yeni bir konsey olu\u015fturuldu.<!--more--><\/p>\n<p style=\"text-align: justify;\">Sanayi ve Ticaret Bakan\u0131 Zafer \u00c7a\u011flayan, T\u00fcrkiye ile ABD aras\u0131ndaki model ortakl\u0131k mekanizmas\u0131 \u00e7er\u00e7evesinde 17 Ekim\u2019de Washington\u2019a gidecek. Ba\u015fbakan Yard\u0131mc\u0131s\u0131 Ali Babacan ile birlikte ABD\u2019de \u00fcst d\u00fczey temaslar yapmas\u0131 \u00f6ng\u00f6r\u00fclen \u00c7a\u011flayan\u2019\u0131n \u00e7antas\u0131nda ise \u0130ran\u2019a ambargo dosyas\u0131 olacak. Edinilen bilgilere g\u00f6re \u00c7a\u011flayan, T\u00fcrkiye\u2019nin \u0130ran\u2019a ambargodan zarar g\u00f6rmemesi i\u00e7in form\u00fcller \u00fcretilmesini isteyecek.<\/p>\n<p style=\"text-align: justify;\">Ziyaret s\u0131ras\u0131nda toplanacak T\u00fcrkiye-Amerika \u0130\u015f Konseyi\u2019nde ise ye\u015fil sermayeyi temsilen G\u00fclen cemaatine yak\u0131nl\u0131\u011f\u0131 ile bilinen T\u00fcrkiye \u0130\u015fadamlar\u0131 ve Sanayiciler Konfederasyonu\u2019ndan isimler de yer alacak. BM G\u00fcvenlik Konseyi\u2019nde \u0130ran\u2019a y\u00f6nelik ambargo karar\u0131n\u0131n ard\u0131ndan ABD\u2019nin k\u0131rm\u0131z\u0131 listesine T\u00fcpra\u015f\u2019\u0131 eklemesi ve \u0130ran ile i\u015f yapan T\u00fcrk bankalar\u0131n\u0131 da bask\u0131 alt\u0131na almas\u0131 Ankara\u2019y\u0131 harekete ge\u00e7irdi. Sanayi ve Ticaret Bakan\u0131 \u00c7a\u011flayan, 17 Ekim\u2019de Devlet Bakan\u0131 Babacan ile yapaca\u011f\u0131 ABD ziyaretinde \u0130ran\u2019a kar\u015f\u0131 T\u00fcrk bankalar\u0131n\u0131n bask\u0131 alt\u0131na al\u0131nmas\u0131ndan duyulan rahats\u0131zl\u0131\u011f\u0131 dile getirecek. \u00c7a\u011flayan\u2019\u0131n \u201cT\u00fcrkiye\u2019yi sadece BM kararlar\u0131 ba\u011flar, ABD\u2019nin ald\u0131\u011f\u0131 kararlar T\u00fcrkiye\u2019yi ba\u011flamaz\u201d mesaj\u0131n\u0131 vermesi bekleniyor.<\/p>\n<p style=\"text-align: justify;\">\u00c7a\u011flayan, ABD\u2019nin T\u00fcrk bankalar\u0131na bask\u0131 yapmamas\u0131n\u0131 da isteyecek. Daha \u00f6nce ABD\u2019den gelen bir heyet T\u00fcrk bankalar\u0131 ile g\u00f6r\u00fc\u015ferek \u0130ran\u2019a y\u00f6nelik yapt\u0131r\u0131mlara uymalar\u0131n\u0131 istemi\u015fti.<\/p>\n<p style=\"text-align: justify;\"><strong>Ye\u015fil sermaye devrede&#8230; <\/strong><\/p>\n<p style=\"text-align: justify;\">\u00c7a\u011flayan\u2019\u0131n temaslar\u0131 ile e\u015fzamanl\u0131 olarak ABD Ba\u015fkan\u0131 Barack Obama\u2019n\u0131n T\u00fcrkiye ziyaretinde g\u00fcndeme getirdi\u011fi model ortakl\u0131k kapsam\u0131nda DE\u0130K-TOBB taraf\u0131ndan olu\u015fturulan T\u00fcrkiye-Amerika \u0130\u015f Konseyi toplant\u0131s\u0131 da yap\u0131lacak. Yeni konseyde, TOBB ve T\u00dcS\u0130AD\u2019\u0131n yan\u0131 s\u0131ra ye\u015fil sermayeyi temsilen M\u00dcS\u0130AD ve Fethullah G\u00fclen cemaatine yak\u0131nl\u0131\u011f\u0131 ile bilinen TUSKON temsilcileri de yer alacak. Konseyde T\u00fcrk ve ABD taraflar\u0131ndan sekizer isim bulunacak.<\/p>\n<p style=\"text-align: justify;\">Son olarak T\u00fcpra\u015f, ABD k\u00f6kenli firmalarla i\u015f ba\u011flant\u0131s\u0131 oldu\u011fu i\u00e7in \u0130ran\u2019a benzin ihracat\u0131n\u0131 durdurmu\u015ftu. ABD D\u0131\u015fi\u015fleri Bakanl\u0131\u011f\u0131 da, \u0130ran\u2019a benzin ihracat\u0131n\u0131 durdurdu\u011funu Washington y\u00f6netimine resmen iletmesinden bir ay sonra T\u00dcPRA\u015e\u2019\u0131n da i\u00e7inde oldu\u011fu k\u0131rm\u0131z\u0131 listeyi d\u00fcnya kamuoyuna a\u00e7\u0131klam\u0131\u015ft\u0131.<\/p>\n<p style=\"text-align: justify;\">\u00d6zellikle ABD firmalar\u0131 ile \u00fc\u00e7\u00fcnc\u00fc \u00fclkelerde i\u015f yapan T\u00fcrk \u015firketleri, b\u00fcy\u00fck projeler i\u00e7in ABD Kongresi\u2019nin onay\u0131n\u0131n gerekmesinden \u00f6t\u00fcr\u00fc, \u0130ran\u2019a yapt\u0131r\u0131m karar\u0131na kar\u015f\u0131 \u00e7\u0131karak Washington y\u00f6netiminin tepkisini \u00e7ekmek istemiyor.<\/p>\n<p style=\"text-align: justify;\"><a href=\"http:\/\/www.cumhuriyet.com.tr\/?hn=179356&amp;kw=+Cemaat+sermayesi+resmile%FEti\" target=\"_blank\"><span style=\"color: #888888;\">Kaynak : Bahad\u0131r Selim Dilek &#8211; Cumhuriyet Haber Portal\u0131<\/span><\/a><\/p>\n","protected":false},"excerpt":{"rendered":"<p style=\"text-align: center;\">\n<p style=\"text-align: justify;\">Yakla\u015f\u0131k 30 y\u0131ld\u0131r T\u00fcrk- Amerikan ticari ili\u015fkilerini y\u00fcr\u00fcten DE\u0130K \u00e7at\u0131s\u0131 alt\u0131ndaki i\u015f konseyinin yan\u0131nda, ye\u015fil sermayenin temsilcisi olarak kabul edilen M\u00dcS\u0130AD ve G\u00fclen cemaatine yak\u0131nl\u0131\u011f\u0131yla bilinen TUSKON temsilcilerinin de yer ald\u0131\u011f\u0131 yeni bir konsey olu\u015fturuldu.<\/p>\n","protected":false},"author":1,"featured_media":0,"comment_status":"open","ping_status":"closed","sticky":false,"template":"","format":"standard","meta":{"footnotes":""},"categories":[105],"tags":[],"class_list":["post-26125","post","type-post","status-publish","format-standard","hentry","category-gundem","odd"],"_links":{"self":[{"href":"http:\/\/www.korhanyilmaz.com\/index.php?rest_route=\/wp\/v2\/posts\/26125","targetHints":{"allow":["GET"]}}],"collection":[{"href":"http:\/\/www.korhanyilmaz.com\/index.php?rest_route=\/wp\/v2\/posts"}],"about":[{"href":"http:\/\/www.korhanyilmaz.com\/index.php?rest_route=\/wp\/v2\/types\/post"}],"author":[{"embeddable":true,"href":"http:\/\/www.korhanyilmaz.com\/index.php?rest_route=\/wp\/v2\/users\/1"}],"replies":[{"embeddable":true,"href":"http:\/\/www.korhanyilmaz.com\/index.php?rest_route=%2Fwp%2Fv2%2Fcomments&post=26125"}],"version-history":[{"count":0,"href":"http:\/\/www.korhanyilmaz.com\/index.php?rest_route=\/wp\/v2\/posts\/26125\/revisions"}],"wp:attachment":[{"href":"http:\/\/www.korhanyilmaz.com\/index.php?rest_route=%2Fwp%2Fv2%2Fmedia&parent=26125"}],"wp:term":[{"taxonomy":"category","embeddable":true,"href":"http:\/\/www.korhanyilmaz.com\/index.php?rest_route=%2Fwp%2Fv2%2Fcategories&post=26125"},{"taxonomy":"post_tag","embeddable":true,"href":"http:\/\/www.korhanyilmaz.com\/index.php?rest_route=%2Fwp%2Fv2%2Ftags&post=26125"}],"curies":[{"name":"wp","href":"https:\/\/api.w.org\/{rel}","templated":true}]}}