{"id":26116,"date":"2010-10-04T19:29:21","date_gmt":"2010-10-04T16:29:21","guid":{"rendered":"http:\/\/www.korhanyilmaz.com\/?p=26116"},"modified":"2010-10-04T19:29:21","modified_gmt":"2010-10-04T16:29:21","slug":"perde-kalkarsa-kiyamet-kopar","status":"publish","type":"post","link":"http:\/\/www.korhanyilmaz.com\/?p=26116","title":{"rendered":"&#8216;Perde kalkarsa k\u0131yamet kopar&#8217;"},"content":{"rendered":"<p style=\"text-align: center;\"><a href=\"http:\/\/www.korhanyilmaz.com\/wp-content\/uploads\/2010\/10\/024.jpg\"  class=\"lightview\"><img loading=\"lazy\" decoding=\"async\" class=\"size-full wp-image-26117 aligncenter\" src=\"http:\/\/www.korhanyilmaz.com\/wp-content\/uploads\/2010\/10\/024.jpg\" alt=\"\" width=\"320\" height=\"100\" \/><\/a><\/p>\n<p style=\"text-align: justify;\">Eski Cumhurba\u015fkan\u0131 Turgut \u00d6zal&#8217;a suikast giri\u015fiminde bulunan Kartal Demira\u011f konu\u015ftu!<\/p>\n<p style=\"text-align: justify;\">1988 y\u0131l\u0131nda merhum Cumhurba\u015fkan\u0131 Turgut \u00d6zal&#8217;a suikast giri\u015fiminde bulunan Kartal Demira\u011f, ilk kez Habert\u00fcrk TV&#8217;den Yasemin G\u00fcneri&#8217;ye konu\u015ftu. Adalet Bakanl\u0131\u011f\u0131&#8217;ndan ald\u0131\u011f\u0131 \u00f6zel izinle \u0130zmir 1 No&#8217;lu F Tipi Cezaevi&#8217;nde kalan Kartal Demira\u011f ile g\u00f6r\u00fc\u015fen G\u00fcneri, y\u0131llard\u0131r cevaplar\u0131 merak edilen pek \u00e7ok sorunun yan\u0131tlar\u0131n\u0131 almaya \u00e7al\u0131\u015ft\u0131. Demira\u011f&#8217;\u0131n \u00d6zal&#8217;a neden suikast d\u00fczenledi\u011fi sorusuna verdi\u011fi yan\u0131t hayli ilgin\u00e7ti. &#8220;Perde aralan\u0131rsa ne sen kal\u0131rs\u0131n ne de ben&#8221; diyen Demira\u011f, \u00d6zal&#8217;\u0131n zehirlenerek \u00f6ld\u00fcr\u00fcld\u00fc\u011f\u00fc iddialar\u0131yla ilgili ise bak\u0131n kimi adres g\u00f6sterdi? <!--more--><\/p>\n<p style=\"text-align: justify;\">18 haziran 1988 y\u0131l\u0131da d\u00fczenlenen ANAP kongresinde patlayan kur\u015funlar T\u00fcrkiye&#8217;nin g\u00fcndemini bir ka\u00e7 saniye i\u00e7inde de\u011fi\u015ftirmeye yetti. O y\u0131llarda Ba\u015fbakan olan merhum Cumhurba\u015fkan\u0131 Turgut \u00d6zal&#8217;\u0131n \u015fans eseri sadece elinden yaralanarak kurtuldu\u011fu silahl\u0131 sald\u0131r\u0131n faili salonda k\u0131sk\u0131vrak yakaland\u0131. Aradan ge\u00e7en yakla\u015f\u0131k 22 y\u0131l boyunca o g\u00fcn s\u0131k\u0131lan kur\u015funlar\u0131n arkas\u0131nda kimlerin oldu\u011fu hep tart\u0131\u015f\u0131lsa da hi\u00e7bir zaman kesin bir bilgiye ula\u015f\u0131lamad\u0131.<\/p>\n<p style=\"text-align: justify;\">Suikastin faili Kartal Demira\u011f ise 1989 y\u0131l\u0131nda 20 y\u0131l hapse mahkum oldu. \u015eartl\u0131 sal\u0131verme yasas\u0131ndan yaralanarak 1992 y\u0131l\u0131nda serbest kald\u0131, ama tehdit ve sald\u0131r\u0131 su\u00e7lar\u0131ndan tekrar hapse girmesi uzun s\u00fcrmedi. Demira\u011f, halen \u0130zmir 1 No&#8217;lu F Tipi Cezaevi&#8217;nde h\u00fck\u00fcml\u00fc olarak yat\u0131yor.<\/p>\n<p style=\"text-align: justify;\">Kameralar\u0131n kar\u015f\u0131s\u0131na \u00e7\u0131kmasa da Yasemin G\u00fcneri ile y\u00fcz y\u00fcze g\u00f6r\u00fc\u015fmeyi kabul eden Kartal Demira\u011f, suikastin ard\u0131ndan yedi y\u0131l\u0131n\u0131 h\u00fccrede ge\u00e7irdi\u011fi i\u00e7in duyma problemi ya\u015famaya ba\u015flad\u0131\u011f\u0131n\u0131 s\u00f6yledi g\u00f6r\u00fc\u015fmenin ba\u015f\u0131nda..<\/p>\n<p style=\"text-align: justify;\">Hapiste ge\u00e7en onca y\u0131l i\u00e7inde hayat\u0131n\u0131 iki bin sayfal\u0131k bir kitap haline getirmi\u015f. \u015eimdi yay\u0131n evlerinden gelecek teklifleri de\u011ferlendirece\u011fini s\u00f6yl\u00fcyor. Peki hangi cevaps\u0131z sorular\u0131n yan\u0131tlar\u0131 olacak o kitapta?<\/p>\n<p style=\"text-align: justify;\">\u00d6zal&#8217;a suikast emrini veren kim? Demira\u011f, silah\u0131 i\u00e7eri nas\u0131l soktu? Kongre salonunda yaln\u0131z m\u0131yd\u0131?<\/p>\n<p style=\"text-align: justify;\">Kartal Demira\u011f, kongre salonda yaln\u0131z olmad\u0131\u011f\u0131n\u0131 ve bu s\u0131rr\u0131 hi\u00e7 bir zaman a\u00e7\u0131klamayaca\u011f\u0131n\u0131 s\u00f6yledi.<\/p>\n<p style=\"text-align: justify;\"><strong>KIYAMET KOPAR <\/strong><\/p>\n<p style=\"text-align: justify;\">&#8220;Perde kalkarsa ne sen kal\u0131rs\u0131n ne de ben. Perde kalkarsa k\u0131yamet kopar. Tanr\u0131n\u0131n huzuruna \u00e7\u0131kmadan perde kalkmaz, bu s\u0131rlar\u0131 ailemle bile payla\u015fmad\u0131m, kitab\u0131n i\u00e7inde var bu s\u0131rlar ama sadece arif olan anlar, benim s\u0131rlar\u0131ma da kimsenin akl\u0131 ermez. Benim akl\u0131m bile ermiyor h\u00e2l\u00e2&#8221;<\/p>\n<p style=\"text-align: justify;\">Peki son g\u00fcnlerin en \u00e7ok tart\u0131\u015f\u0131lan konusu hakk\u0131nda yani, \u00d6zal&#8217;\u0131n \u00f6ld\u00fcr\u00fcld\u00fc\u011f\u00fc iddialar\u0131na ili\u015fkin ne d\u00fc\u015f\u00fcn\u00fcyor?<\/p>\n<p style=\"text-align: justify;\"><strong>AHMET \u00d6ZAL NEDEN \u015e\u0130MD\u0130 KONU\u015eTU? <\/strong><\/p>\n<p style=\"text-align: justify;\">Demira\u011f: &#8220;Ergenekon etkisizle\u015ftirildi\u011fi i\u00e7in \u00d6zal konu\u015ftu&#8221;<\/p>\n<p style=\"text-align: justify;\">&#8220;Ahmet \u00d6zal&#8217;\u0131n, babas\u0131n\u0131n \u00f6l\u00fcm\u00fcn\u00fcn ard\u0131ndan ge\u00e7en s\u00fcre i\u00e7erisinde suskun kalmas\u0131n\u0131n ve ard\u0131ndan konu\u015fup baz\u0131 iddialar\u0131 dile getirmesinin nedenini ne? Ahmet \u00d6zal bir \u015feyler \u00f6\u011frenmi\u015f herhalde. \u00d6\u011frenmemi\u015f olsayd\u0131 konu\u015famazd\u0131. Belki de korktu\u011fu ki\u015filer etkisizle\u015fti\u011fi i\u00e7in konu\u015ftu. Ergenekon&#8217;u g\u00f6r\u00fcyoruz.&#8221;<\/p>\n<p style=\"text-align: justify;\">\u00d6zal&#8217;\u0131n zehirlendi\u011fi iddialar\u0131na ili\u015fkin olarak ise Demira\u011f olduk\u00e7a tart\u0131\u015f\u0131lacak bir ismi adres g\u00f6sterdi.<\/p>\n<p style=\"text-align: justify;\"><strong>\u00d6ZAL \u00d6LD\u00dcR\u00dcLD\u00dc M\u00dc?<\/strong><\/p>\n<p style=\"text-align: justify;\"><strong>Demira\u011f&#8217;dan ilgin\u00e7 iddia&#8230;<\/strong><\/p>\n<p style=\"text-align: justify;\">&#8220;Bence Turgut \u00d6zal&#8217;a ne oldu\u011funu Semra Han\u0131m\u2019a sormal\u0131. Semra Han\u0131m, onun en yak\u0131n\u0131ndaki isim. E\u011fer zehirlendiyse, ayn\u0131 yemekten yiyen Semra \u00d6zal&#8217;\u0131n da zehirlenmesi gerekirdi. Semra \u00d6zal ve Ahmet \u00d6zal, Turgut \u00d6zal&#8217;a benim verdi\u011fimden daha b\u00fcy\u00fck zararlar verdiler. Ben parma\u011f\u0131n\u0131 yaralad\u0131m. Onlar, miras\u0131na ihanet ediyor. Ahmet \u00d6zal&#8217;\u0131n s\u00f6z\u00fcn\u00fc etti\u011fi Sabri Yirmibe\u015fo\u011flu&#8217;nu tan\u0131m\u0131yorum. Ad\u0131n\u0131 televizyonlardan duydum. Bir de \u00f6zel harp\u00e7\u0131 oldu\u011funu biliyorum.&#8221;<\/p>\n<p style=\"text-align: justify;\">Ahmet \u00d6zal&#8217;\u0131n iddialar\u0131n\u0131n ard\u0131ndan ba\u015flat\u0131lan soru\u015fturmalar hat\u0131rlat\u0131ld\u0131\u011f\u0131nda ise Demira\u011f, savc\u0131lar \u00e7a\u011f\u0131rsa bile ifade vermeyece\u011fini s\u00f6yledi ve s\u0131rlar\u0131n kendisiyle mezara gidece\u011fini yineledi..<\/p>\n<p style=\"text-align: justify;\">Peki hayat\u0131n\u0131n 22 y\u0131l\u0131n\u0131 cezaevinde ge\u00e7eren Demira\u011f, \u00d6zal&#8217;a suikast d\u00fczenledi\u011fi i\u00e7in pi\u015fman m\u0131?<\/p>\n<p style=\"text-align: justify;\"><strong>\u00d6ZAL \u00d6LD\u00dc\u011e\u00dcNDE NE H\u0130SSETT\u0130? <\/strong><\/p>\n<p style=\"text-align: justify;\"><strong>&#8220;\u00d6ld\u00fc\u011f\u00fcnde a\u011flad\u0131m&#8221;<\/strong><\/p>\n<p style=\"text-align: justify;\">&#8220;\u015eimdiki akl\u0131m olsa, de\u011fil \u00d6zal&#8217;a suikast d\u00fczenlemek yan\u0131ndan bile ge\u00e7mezdim. \u00d6zal suikastini mezara g\u00f6md\u00fcm. Kitab\u0131mda da suikasti yazd\u0131m. Ama \u00e7ok ayr\u0131nt\u0131ya girmedim. \u00c7\u00fcnk\u00fc, suikasti ben nas\u0131l yapt\u0131m \u00e7\u00f6zemiyorum. \u00c7ok de\u011ferli birine zarar verdim. \u00d6zal&#8217;\u0131n \u00f6lmesine \u00e7ok \u00fcz\u00fcld\u00fcm. \u00c7ok a\u011flad\u0131m.&#8221;<\/p>\n<p style=\"text-align: justify;\">&#8220;Burada 1 g\u00fcn, bir y\u0131l gibi ge\u00e7iyor&#8221; diyen Demira\u011f, Ba\u015fbakan Recep Tayyip Erdo\u011fan&#8217;\u0131n da Turgut \u00d6zal gibi ba\u015far\u0131l\u0131 biri oldu\u011funu s\u00f6yledi. Demira\u011f &#8220;\u015eimdiki Ba\u015fbakan da \u00e7ok ba\u015far\u0131l\u0131. .ok be\u011feniyorum. Ba\u015far\u0131l\u0131 insanlar\u0131 iyi korumak laz\u0131m. Umar\u0131m onun ba\u015f\u0131na bir \u015fey gelmez.&#8221; de\u011ferlendirmesini yapt\u0131.<\/p>\n<p style=\"text-align: justify;\">7 y\u0131l bir h\u00fccrede tek ba\u015f\u0131na kald\u0131\u011f\u0131n\u0131 yineleyen Demira\u011f, \u00d6calan&#8217;dan daha a\u011f\u0131r bir mahkumiyet hayat\u0131 ya\u015fad\u0131\u011f\u0131n\u0131 da iddia etti. Cezaevinden \u00e7\u0131kmay\u0131 hayal eden Demira\u011f&#8217;\u0131n son s\u00f6zleri ise, \u00d6zal suikastine dair s\u0131r perdesinin uzun bir s\u00fcre daha esrar\u0131n\u0131 koruyaca\u011f\u0131n\u0131 g\u00f6steriyor: &#8220;Ate\u015f eden bendim. Bundan \u00f6tesi benimle mezara gider.&#8221;<\/p>\n<p style=\"text-align: justify;\"><a href=\"http:\/\/haber.gazetevatan.com\/perde-kalkarsa-kiyamet-kopar\/332669\/1\/Gundem\" target=\"_blank\"><span style=\"color: #888888;\">Kaynak : Vatan<\/span><\/a><\/p>\n","protected":false},"excerpt":{"rendered":"<p style=\"text-align: center;\">\n<p style=\"text-align: justify;\">Eski Cumhurba\u015fkan\u0131 Turgut \u00d6zal&#8217;a suikast giri\u015fiminde bulunan Kartal Demira\u011f konu\u015ftu!<\/p>\n<p style=\"text-align: justify;\">1988 y\u0131l\u0131nda merhum Cumhurba\u015fkan\u0131 Turgut \u00d6zal&#8217;a suikast giri\u015fiminde bulunan Kartal Demira\u011f, ilk kez Habert\u00fcrk TV&#8217;den Yasemin G\u00fcneri&#8217;ye konu\u015ftu. Adalet Bakanl\u0131\u011f\u0131&#8217;ndan ald\u0131\u011f\u0131 \u00f6zel izinle \u0130zmir 1 No&#8217;lu F Tipi Cezaevi&#8217;nde kalan Kartal Demira\u011f ile g\u00f6r\u00fc\u015fen G\u00fcneri, y\u0131llard\u0131r cevaplar\u0131 merak <\/p>\n","protected":false},"author":1,"featured_media":0,"comment_status":"open","ping_status":"closed","sticky":false,"template":"","format":"standard","meta":{"footnotes":""},"categories":[105],"tags":[],"class_list":["post-26116","post","type-post","status-publish","format-standard","hentry","category-gundem","odd"],"_links":{"self":[{"href":"http:\/\/www.korhanyilmaz.com\/index.php?rest_route=\/wp\/v2\/posts\/26116","targetHints":{"allow":["GET"]}}],"collection":[{"href":"http:\/\/www.korhanyilmaz.com\/index.php?rest_route=\/wp\/v2\/posts"}],"about":[{"href":"http:\/\/www.korhanyilmaz.com\/index.php?rest_route=\/wp\/v2\/types\/post"}],"author":[{"embeddable":true,"href":"http:\/\/www.korhanyilmaz.com\/index.php?rest_route=\/wp\/v2\/users\/1"}],"replies":[{"embeddable":true,"href":"http:\/\/www.korhanyilmaz.com\/index.php?rest_route=%2Fwp%2Fv2%2Fcomments&post=26116"}],"version-history":[{"count":0,"href":"http:\/\/www.korhanyilmaz.com\/index.php?rest_route=\/wp\/v2\/posts\/26116\/revisions"}],"wp:attachment":[{"href":"http:\/\/www.korhanyilmaz.com\/index.php?rest_route=%2Fwp%2Fv2%2Fmedia&parent=26116"}],"wp:term":[{"taxonomy":"category","embeddable":true,"href":"http:\/\/www.korhanyilmaz.com\/index.php?rest_route=%2Fwp%2Fv2%2Fcategories&post=26116"},{"taxonomy":"post_tag","embeddable":true,"href":"http:\/\/www.korhanyilmaz.com\/index.php?rest_route=%2Fwp%2Fv2%2Ftags&post=26116"}],"curies":[{"name":"wp","href":"https:\/\/api.w.org\/{rel}","templated":true}]}}