{"id":26106,"date":"2010-10-04T21:20:23","date_gmt":"2010-10-04T18:20:23","guid":{"rendered":"http:\/\/www.korhanyilmaz.com\/?p=26106"},"modified":"2010-10-04T21:20:23","modified_gmt":"2010-10-04T18:20:23","slug":"kurtulmusun-partisi-secimlere-yetisecek","status":"publish","type":"post","link":"http:\/\/www.korhanyilmaz.com\/?p=26106","title":{"rendered":"Kurtulmu\u015f&#8217;un partisi se\u00e7imlere yeti\u015fecek"},"content":{"rendered":"<p style=\"text-align: justify;\"><a href=\"http:\/\/www.korhanyilmaz.com\/wp-content\/uploads\/2010\/10\/022.jpg\"  class=\"lightview\"><img loading=\"lazy\" decoding=\"async\" class=\"size-full wp-image-26107 aligncenter\" src=\"http:\/\/www.korhanyilmaz.com\/wp-content\/uploads\/2010\/10\/022.jpg\" alt=\"\" width=\"292\" height=\"193\" \/><\/a><\/p>\n<p style=\"text-align: justify;\">Saadet Partisi&#8217;nden ve genel ba\u015fkanl\u0131k g\u00f6revinden istifa eden Numan Kurtulmu\u015f, &#8220;Se\u00e7ime girecek bir siyasi olu\u015fumun ger\u00e7ekle\u015fmesi i\u00e7in gayret ediyoruz&#8221;dedi.<\/p>\n<p style=\"text-align: justify;\">Kurtulmu\u015f, Ankara&#8217;dan \u0130stanbul&#8217;a geli\u015finde, Atat\u00fcrk Havaliman\u0131&#8217;nda, yakla\u015f\u0131k 40 ki\u015filik bir grup taraf\u0131ndan &#8220;Ba\u015fbakan Kurtulmu\u015f&#8221; sloganlar\u0131 ile kar\u015f\u0131land\u0131.<!--more--><\/p>\n<p style=\"text-align: justify;\">Burada bas\u0131n mensuplar\u0131na a\u00e7\u0131klamalarda bulunan Kurtulmu\u015f, &#8220;Saadet Partisi i\u00e7inde milletin ve kamuoyunun g\u00f6z\u00fc \u00f6n\u00fcnde olan olaylar neticesinde ge\u00e7en cuma g\u00fcn\u00fc partiden ve genel ba\u015fkanl\u0131k g\u00f6revinden ayr\u0131ld\u0131\u011f\u0131n\u0131&#8221; s\u00f6yledi.<\/p>\n<p style=\"text-align: justify;\">&#8220;Bir m\u00fcddet arkada\u015flar\u0131m\u0131zla birlikte durum de\u011ferlendirmesi yapaca\u011f\u0131z. Sadece bizim camiam\u0131z\u0131n de\u011fil b\u00fct\u00fcn T\u00fcrkiye&#8217;nin, b\u00fct\u00fcn kamuoyunun g\u00f6r\u00fc\u015flerini almaya gayret edece\u011fiz&#8221; diyen Kurtulmu\u015f, T\u00fcrkiye&#8217;yi ve Anadolu&#8217;yu dola\u015farak bu yolu en k\u0131sa zamanda tamamlamak, milletin ve tarihin kendilerine y\u00fckledi\u011fi sorumluluklar\u0131 yerine getirmek i\u00e7in gayret g\u00f6stereceklerini kaydetti.<\/p>\n<p style=\"text-align: justify;\">Bir bas\u0131n mensubunun &#8220;Genel se\u00e7imlerin 2011 y\u0131l\u0131n\u0131n Haziran ay\u0131nda yap\u0131laca\u011f\u0131 s\u00f6yleniyor. Partiniz bu se\u00e7imlere haz\u0131r olacak m\u0131?&#8221; \u015feklindeki sorusuna Kurtulmu\u015f, &#8220;Tabii se\u00e7ime girecek bir siyasi olu\u015fumun ger\u00e7ekle\u015fmesi i\u00e7in gayret ediyoruz&#8221; yan\u0131t\u0131n\u0131 verdi.<\/p>\n<p style=\"text-align: justify;\">Kurtulmu\u015f, T\u00fcrkiye&#8217;nin her taraf\u0131nda kendilerine y\u00f6nelik b\u00fcy\u00fck bir ilgi olu\u015ftu\u011funu ifade ederek &#8220;As\u0131l olan partileri masa ba\u015f\u0131nda kurmak de\u011fildir. Milletle birlikte, sahada, milletin ilgisini, tevecc\u00fch\u00fcn\u00fc do\u011fru bir \u015fekilde de\u011ferlendirmek esast\u0131r. Ne gerekiyorsa onu yapaca\u011f\u0131z&#8221; diye konu\u015ftu.<\/p>\n<p style=\"text-align: justify;\">Eski Ba\u015fbakanlardan Necmettin Erbakan&#8217;\u0131n &#8220;S\u00fcr\u00fcden ayr\u0131lan\u0131 kurt kapar&#8221; \u015feklindeki de\u011ferlendirmesinin hat\u0131rlat\u0131lmas\u0131 \u00fczerine de Kurtulmu\u015f, &#8220;Biz s\u00fcr\u00fc de\u011filiz ve s\u00fcr\u00fclerle ilgilenmiyoruz. Biz iradesi olan, iddias\u0131 olan, bu \u00fclkeye kar\u015f\u0131 sorumluluk hisseden herkesi arkada\u015f\u0131m\u0131z, karde\u015fimiz, yolda\u015f\u0131m\u0131z olarak g\u00f6r\u00fcyoruz&#8221; dedi.<\/p>\n<p style=\"text-align: justify;\"><a href=\"http:\/\/www.cnnturk.com\/2010\/turkiye\/10\/04\/kurtulmusun.partisi.secimlere.yetisecek\/591879.0\/index.html\" target=\"_blank\"><span style=\"color: #888888;\">CNN T\u00dcRK<\/span><\/a><\/p>\n","protected":false},"excerpt":{"rendered":"<p style=\"text-align: justify;\">\n<p style=\"text-align: justify;\">Saadet Partisi&#8217;nden ve genel ba\u015fkanl\u0131k g\u00f6revinden istifa eden Numan Kurtulmu\u015f, &#8220;Se\u00e7ime girecek bir siyasi olu\u015fumun ger\u00e7ekle\u015fmesi i\u00e7in gayret ediyoruz&#8221;dedi.<\/p>\n<p style=\"text-align: justify;\">Kurtulmu\u015f, Ankara&#8217;dan \u0130stanbul&#8217;a geli\u015finde, Atat\u00fcrk Havaliman\u0131&#8217;nda, yakla\u015f\u0131k 40 ki\u015filik bir grup taraf\u0131ndan &#8220;Ba\u015fbakan Kurtulmu\u015f&#8221; sloganlar\u0131 ile kar\u015f\u0131land\u0131.<\/p>\n","protected":false},"author":1,"featured_media":0,"comment_status":"open","ping_status":"closed","sticky":false,"template":"","format":"standard","meta":{"footnotes":""},"categories":[105],"tags":[],"class_list":["post-26106","post","type-post","status-publish","format-standard","hentry","category-gundem","odd"],"_links":{"self":[{"href":"http:\/\/www.korhanyilmaz.com\/index.php?rest_route=\/wp\/v2\/posts\/26106","targetHints":{"allow":["GET"]}}],"collection":[{"href":"http:\/\/www.korhanyilmaz.com\/index.php?rest_route=\/wp\/v2\/posts"}],"about":[{"href":"http:\/\/www.korhanyilmaz.com\/index.php?rest_route=\/wp\/v2\/types\/post"}],"author":[{"embeddable":true,"href":"http:\/\/www.korhanyilmaz.com\/index.php?rest_route=\/wp\/v2\/users\/1"}],"replies":[{"embeddable":true,"href":"http:\/\/www.korhanyilmaz.com\/index.php?rest_route=%2Fwp%2Fv2%2Fcomments&post=26106"}],"version-history":[{"count":0,"href":"http:\/\/www.korhanyilmaz.com\/index.php?rest_route=\/wp\/v2\/posts\/26106\/revisions"}],"wp:attachment":[{"href":"http:\/\/www.korhanyilmaz.com\/index.php?rest_route=%2Fwp%2Fv2%2Fmedia&parent=26106"}],"wp:term":[{"taxonomy":"category","embeddable":true,"href":"http:\/\/www.korhanyilmaz.com\/index.php?rest_route=%2Fwp%2Fv2%2Fcategories&post=26106"},{"taxonomy":"post_tag","embeddable":true,"href":"http:\/\/www.korhanyilmaz.com\/index.php?rest_route=%2Fwp%2Fv2%2Ftags&post=26106"}],"curies":[{"name":"wp","href":"https:\/\/api.w.org\/{rel}","templated":true}]}}