{"id":26098,"date":"2010-10-03T16:45:16","date_gmt":"2010-10-03T13:45:16","guid":{"rendered":"http:\/\/www.korhanyilmaz.com\/?p=26098"},"modified":"2010-10-03T16:45:16","modified_gmt":"2010-10-03T13:45:16","slug":"hayal-kirikligina-ugradik%e2%80%9d","status":"publish","type":"post","link":"http:\/\/www.korhanyilmaz.com\/?p=26098","title":{"rendered":"&#8220;Hayal k\u0131r\u0131kl\u0131\u011f\u0131na u\u011frad\u0131k\u201d"},"content":{"rendered":"<p style=\"text-align: center;\"><a href=\"http:\/\/www.korhanyilmaz.com\/wp-content\/uploads\/2010\/10\/019.jpeg\"  class=\"lightview\"><img loading=\"lazy\" decoding=\"async\" class=\"aligncenter size-full wp-image-26099\" src=\"http:\/\/www.korhanyilmaz.com\/wp-content\/uploads\/2010\/10\/019.jpeg\" alt=\"\" width=\"360\" height=\"210\" \/><\/a><\/p>\n<p style=\"text-align: justify;\">Ba\u015fbakan Erdo\u011fan, CHP Lideri Kemal K\u0131l\u0131\u00e7daro\u011flu&#8217;nun ba\u015f\u00f6rt\u00fcs\u00fc sorununun \u00e7\u00f6z\u00fcm\u00fc i\u00e7in \u0130ran ve  Pakistan modeli \u00f6nerisinin kendilerini hayal k\u0131r\u0131kl\u0131\u011f\u0131na u\u011fratt\u0131\u011f\u0131n\u0131 belirterek, \u201cY\u0131llarca toplumu k\u0131\u015fk\u0131rtmak i\u00e7in T\u00fcrkiye \u0130ran oluyor korkusunu \u00f6neren CHP bug\u00fcn d\u00f6nd\u00fc dola\u015ft\u0131, T\u00fcrkiye&#8217;nin k\u0131zlar\u0131na \u0130ran modeli \u00f6rt\u00fcnmeyi tavsiye eder hale geldi\u201d dedi.\u00a0 <!--more--><\/p>\n<p style=\"text-align: justify;\">\u0130STANBUL &#8211; Hali\u00e7 Kongre Merkezi\u2019nde d\u00fczenlenen partisinin \u0130stanbul \u0130l Dan\u0131\u015fma Meclisi Toplant\u0131s\u0131\u2019nda konu\u015fan Ba\u015fbakan Erdo\u011fan, CHP Lideri Kemal K\u0131l\u0131\u00e7daro\u011flu\u2019nun ba\u015f\u00f6rt\u00fcs\u00fc sorununun \u00e7\u00f6z\u00fcm\u00fc konusundaki yakla\u015f\u0131mlar\u0131n\u0131 ele\u015ftirdi. Bir s\u00fcredir CHP\u2019yi bu sorunun \u00e7\u00f6z\u00fcm\u00fcne davet ettiklerini ancak, \u00e7al\u0131\u015fma yap\u0131l\u0131yor yan\u0131t\u0131 ald\u0131klar\u0131 i\u00e7in beklediklerini belirten Erdo\u011fan, K\u0131l\u0131\u00e7daro\u011flu\u2019nun d\u00fcn a\u00e7\u0131klad\u0131\u011f\u0131 Pakistan ve \u0130ran modeli \u00f6nerisine sert \u00e7\u0131kt\u0131.<\/p>\n<p style=\"text-align: justify;\">\u201cY\u0131llarca toplumu k\u0131\u015fk\u0131rtmak i\u00e7in, sanal korkularla tedirgin etmek i\u00e7in T\u00fcrkiye \u0130ran oluyor korkusunu \u00f6neren CHP bug\u00fcn d\u00f6nd\u00fc dola\u015ft\u0131 T\u00fcrkiye\u2019nin k\u0131zlar\u0131na \u0130ran modeli \u00f6rt\u00fcnmeyi tavsiye eder hale geldi\u201d diyen Erdo\u011fan konu\u015fmas\u0131n\u0131 \u015f\u00f6yle s\u00fcrd\u00fcrd\u00fc:<\/p>\n<p style=\"text-align: justify;\">\u201cHer t\u00fcrl\u00fc hak aray\u0131\u015f\u0131 kar\u015f\u0131s\u0131nda mollalar \u0130ran\u2019a diyen CHP \u015fimdi \u0130ran modeli \u00f6rt\u00fcnmeyi T\u00fcrkiye\u2019nin k\u0131zlar\u0131n dayatma noktas\u0131na geldi. \u0130nan\u00e7 \u00f6zg\u00fcrl\u00fc\u011f\u00fc meselesini kak\u00fcl meselesine per\u00e7em meselesine indirgediler. Samimiyet bunun neresinde. Tutarl\u0131 siyaset ilkeli siyaset bunun neresinde. Meseleyi sadece kavram meselesi olarak g\u00f6renler sadece per\u00e7em z\u00fcl\u00fcf kak\u00fcl olarak g\u00f6renler milletin de\u011ferleri ile inan\u00e7lar\u0131 ile istihza ettiklerinin fark\u0131na varmal\u0131lar.<\/p>\n<p style=\"text-align: justify;\">Bu \u00fclkenin bir Diyanet \u0130\u015fleri Ba\u015fkanl\u0131\u011f\u0131 var. Bu kurum bu \u00fclkenin en \u00f6nemli en ciddi kurumudur. Dan\u0131\u015fma yapacaksan\u0131z b\u00f6yle bir kurum dururken ni\u00e7in farkl\u0131 yerlere gidip de kendinize g\u00f6re sipari\u015f bir \u015feyler istiyordunuz. Ni\u00e7in oras\u0131 de\u011fil de sa\u011fda solda ilgili ilgisiz yerlerden bir \u015feyler ara\u015ft\u0131r\u0131yorsunuz\u2026<\/p>\n<p style=\"text-align: justify;\">Kimse umut ticareti yapmas\u0131n. Kimse \u015fark kurnazl\u0131\u011f\u0131 i\u00e7inde olmas\u0131n. E\u011fer samimiyseniz gelin bu meseleyi isti\u015fare edelim konu\u015fal\u0131m ve art\u0131k \u00e7\u00f6zelim. Art\u0131k T\u00fcrkiye\u2019nin g\u00fcndeminden bunu \u00e7\u0131karal\u0131m. \u0130nanc\u0131mdan dolay\u0131 ba\u015f\u0131m\u0131 \u00f6rt\u00fcyorum diyen bir k\u0131za dayatma yapamazs\u0131n\u0131z. \u00c7ark edecekseniz samimi de\u011filseniz milletin de\u011ferleri ile gen\u00e7 k\u0131zlar\u0131n umudu ile oynamay\u0131n.\u201d<\/p>\n<p style=\"text-align: justify;\"><strong>HERHALDE CHP\u2019DE DEVAMLILIK ESAS DE\u011e\u0130L<\/strong><\/p>\n<p style=\"text-align: justify;\">Erdo\u011fan, Y\u00d6K\u2019\u00fcn kald\u0131r\u0131lmas\u0131 konusunda da muhalefetin s\u00f6ylemleri oldu\u011funa dikkat \u00e7ekerek, CHP eski Genel Ba\u015fkan\u0131 Deniz Baykal\u2019\u0131n \u201cY\u00d6K rejim meselesidir\u201d s\u00f6zlerini hat\u0131rlatt\u0131. &#8220;Herhalde CHP\u2019de devaml\u0131l\u0131k esas de\u011fil\u201d diyen Erdo\u011fan, \u201cBiz dedik ki, Y\u00d6K&#8217;\u00fc tart\u0131\u015f\u0131r\u0131z, konu\u015furuz. \u015eimdiden \u015fifreleri ele vermeyelim ne olur ne olmaz. \u00c7ok daha farkl\u0131 bir Y\u00d6K&#8217;le yola devam edelim. Ba\u015fka kurumlar i\u00e7in de ayn\u0131 \u015fey ge\u00e7erli. Yeter ki muhalefetle el ele olal\u0131m, konsessus kural\u0131m\u201d diye konu\u015ftu.<\/p>\n<p style=\"text-align: justify;\">Erdo\u011fan muhalefetin yeni Anayasa \u00e7a\u011fr\u0131lar\u0131n\u0131 da ele\u015ftirirken \u015funlar\u0131 s\u00f6yledi:<\/p>\n<p style=\"text-align: justify;\">\u201c\u0130nan\u0131n bu ana muhalefet siyaseti de bilmiyor. Ben ana muhalefetten &#8216;Millet 26 maddeye millet tamam dedi. Gelin uyum yasalar\u0131n\u0131 \u00e7\u0131karal\u0131m&#8217; demelerini beklerdim. Yapmam\u0131z gereken bu. Millete verdi\u011fimiz s\u00f6z var. Zaten demeseler de biz ba\u015flad\u0131k i\u015fimize. S\u00fcratle uyum yasalar\u0131n\u0131 \u00e7\u0131karaca\u011f\u0131z. \u00c7\u00fcnk\u00fc biz i\u015fimizi biliyoruz takvimi belirledik. G\u00f6revlendirmeleri yapt\u0131k \u00e7al\u0131\u015fmalara ba\u015flad\u0131k. 15 g\u00fcnde anayasa de\u011fi\u015fikli\u011fini yapar\u0131z diyenler var. Daha 1.5 sene varken se\u00e7im geldi yak\u0131nd\u0131r diyen siz de\u011fil miydiniz? Kendi parti i\u00e7 t\u00fcz\u00fc\u011f\u00fcn\u00fc bile bu kadar zamanda t\u00fcz\u00fck de\u011fi\u015fmez diye reddediyor. T\u00fcrkiye Cumhuriyeti\u2019nin Anayasas\u0131 senin t\u00fcz\u00fc\u011f\u00fcnden daha basit mi daha erken zamanda m\u0131 \u00e7\u0131kar? Bunlar\u0131 anlamak m\u00fcmk\u00fcn de\u011fil. Onlar bunlar\u0131 konu\u015fadursun biz i\u015fimize bakaca\u011f\u0131z.\u201d<\/p>\n<p style=\"text-align: justify;\"><strong>AN\u0130 HARABELER\u0130N\u0130 ONLAR B\u0130LMEZKEN B\u0130Z DUBLE YOL YAPTIK<\/strong><\/p>\n<p style=\"text-align: justify;\">Ba\u015fbakan Erdo\u011fan MHP Genel Ba\u015fkan\u0131 Devlet Bah\u00e7eli\u2019nin Cuma namaz\u0131n\u0131 Ani Harabeleri\u2019nde k\u0131lmas\u0131n\u0131 ise \u201cOnlar Ani Harabelerini ak\u0131llar\u0131na bile getirmezken, biz harabelere giden 42 kilometrelik duble yol yapt\u0131k. Daha da yap\u0131lacak yat\u0131r\u0131mlarla Ani Harabeleri \u00e7ok daha farkl\u0131 ve \u00e7ekici bir yer haline gelecek\u201d s\u00f6zleriyle de\u011ferlendirdi.<\/p>\n<p style=\"text-align: justify;\">\u0130stanbul \u0130l Te\u015fkilat\u0131n\u0131 \u2018siyasi bir test\u2019 s\u00f6zleriyle de\u011ferlendirdi\u011fi referandumdaki \u00e7al\u0131\u015fmalar\u0131ndan dolay\u0131 tebrik eden Erdo\u011fan Evet diyen vatanda\u015flar\u0131n beklentilerinin ve Hay\u0131r diyenlerin korku ve kayg\u0131lar\u0131n\u0131n da ara\u015ft\u0131r\u0131lmas\u0131, eksikliklerin tespit edilmesi talimat\u0131n\u0131 verdi.<\/p>\n<p style=\"text-align: justify;\"><strong>TUZA\u011eA D\u00dc\u015eMED\u0130K<\/strong><\/p>\n<p style=\"text-align: justify;\">Tophane\u2019de ya\u015fanan olaylar\u0131 da hat\u0131rlatan Erdo\u011fan, bu olaylarla toplumda kutupla\u015fma yarat\u0131lmaya \u00e7al\u0131\u015f\u0131ld\u0131\u011f\u0131n\u0131 ancak bu tuza\u011fa d\u00fc\u015fmediklerini s\u00f6yledi. Konu\u015fmas\u0131n\u0131n sonunda birlik ve beraberlik mesajlar\u0131 veren Ba\u015fbakan Erdo\u011fan, \u201cBiz b\u00fct\u00fcnle\u015ftirici olmaya devam edece\u011fiz. Milletin duygular\u0131n\u0131 istismar etmekten \u00e7ekinmeyenler her zaman kaybeder. Birileri b\u00f6l\u00fcnme, ihanet gibi kelimeleri kullanarak kutupla\u015fmalar yaratmaya \u00e7al\u0131\u015f\u0131yor\u2026Her zamankinden \u00e7ok daha fazla huzura ihtiyac\u0131m\u0131z var ve huzura \u00e7ok daha yak\u0131n\u0131z. B\u00f6l\u00fcc\u00fcl\u00fck, ihanet gibi kavramlarla ortal\u0131\u011f\u0131 kar\u0131\u015ft\u0131ranlar istediklerini alamayacaklar. Bu \u00fclkenin birli\u011fi, bu \u00fclkenin bayra\u011f\u0131, bu \u00fclkenin resmi dili, alt\u0131n\u0131 \u00e7izerek resmi dil olarak s\u00f6yl\u00fcyorum ve kutsal olan t\u00fcm de\u011ferleri her t\u00fcrl\u00fc tart\u0131\u015fman\u0131n \u00f6tesindedir. Konu\u015farak, isti\u015fare ederek TBMM i\u00e7erisinde sorunlar\u0131m\u0131za \u00e7\u00f6z\u00fcm arayaca\u011f\u0131z. Karar\u0131 her zaman millet verecek, parlamento verecek\u201d dedi.(anka)<\/p>\n<p style=\"text-align: justify;\"><a href=\"http:\/\/www.radikal.com.tr\/Radikal.aspx?aType=RadikalDetay&amp;ArticleID=1021939\" target=\"_blank\">Kaynak : Radikal<\/a><\/p>\n","protected":false},"excerpt":{"rendered":"<p style=\"text-align: center;\">\n<p style=\"text-align: justify;\">Ba\u015fbakan Erdo\u011fan, CHP Lideri Kemal K\u0131l\u0131\u00e7daro\u011flu&#8217;nun ba\u015f\u00f6rt\u00fcs\u00fc sorununun \u00e7\u00f6z\u00fcm\u00fc i\u00e7in \u0130ran ve Pakistan modeli \u00f6nerisinin kendilerini hayal k\u0131r\u0131kl\u0131\u011f\u0131na u\u011fratt\u0131\u011f\u0131n\u0131 belirterek, \u201cY\u0131llarca toplumu k\u0131\u015fk\u0131rtmak i\u00e7in T\u00fcrkiye \u0130ran oluyor korkusunu \u00f6neren CHP bug\u00fcn d\u00f6nd\u00fc dola\u015ft\u0131, T\u00fcrkiye&#8217;nin k\u0131zlar\u0131na \u0130ran modeli \u00f6rt\u00fcnmeyi tavsiye eder hale geldi\u201d dedi. <\/p>\n","protected":false},"author":1,"featured_media":0,"comment_status":"open","ping_status":"closed","sticky":false,"template":"","format":"standard","meta":{"footnotes":""},"categories":[105],"tags":[],"class_list":["post-26098","post","type-post","status-publish","format-standard","hentry","category-gundem","odd"],"_links":{"self":[{"href":"http:\/\/www.korhanyilmaz.com\/index.php?rest_route=\/wp\/v2\/posts\/26098","targetHints":{"allow":["GET"]}}],"collection":[{"href":"http:\/\/www.korhanyilmaz.com\/index.php?rest_route=\/wp\/v2\/posts"}],"about":[{"href":"http:\/\/www.korhanyilmaz.com\/index.php?rest_route=\/wp\/v2\/types\/post"}],"author":[{"embeddable":true,"href":"http:\/\/www.korhanyilmaz.com\/index.php?rest_route=\/wp\/v2\/users\/1"}],"replies":[{"embeddable":true,"href":"http:\/\/www.korhanyilmaz.com\/index.php?rest_route=%2Fwp%2Fv2%2Fcomments&post=26098"}],"version-history":[{"count":0,"href":"http:\/\/www.korhanyilmaz.com\/index.php?rest_route=\/wp\/v2\/posts\/26098\/revisions"}],"wp:attachment":[{"href":"http:\/\/www.korhanyilmaz.com\/index.php?rest_route=%2Fwp%2Fv2%2Fmedia&parent=26098"}],"wp:term":[{"taxonomy":"category","embeddable":true,"href":"http:\/\/www.korhanyilmaz.com\/index.php?rest_route=%2Fwp%2Fv2%2Fcategories&post=26098"},{"taxonomy":"post_tag","embeddable":true,"href":"http:\/\/www.korhanyilmaz.com\/index.php?rest_route=%2Fwp%2Fv2%2Ftags&post=26098"}],"curies":[{"name":"wp","href":"https:\/\/api.w.org\/{rel}","templated":true}]}}