{"id":26096,"date":"2010-10-04T09:38:36","date_gmt":"2010-10-04T06:38:36","guid":{"rendered":"http:\/\/www.korhanyilmaz.com\/?p=26096"},"modified":"2010-10-04T09:38:36","modified_gmt":"2010-10-04T06:38:36","slug":"mecliste-teror-konusunda-gizli-oturum-yapilacak","status":"publish","type":"post","link":"http:\/\/www.korhanyilmaz.com\/?p=26096","title":{"rendered":"Meclis&#8217;te ter\u00f6r konusunda gizli oturum yap\u0131lacak"},"content":{"rendered":"<p style=\"text-align: center;\"><a href=\"http:\/\/www.korhanyilmaz.com\/wp-content\/uploads\/2010\/10\/018.jpeg\"  class=\"lightview\"><img loading=\"lazy\" decoding=\"async\" class=\"aligncenter size-full wp-image-26097\" src=\"http:\/\/www.korhanyilmaz.com\/wp-content\/uploads\/2010\/10\/018.jpeg\" alt=\"\" width=\"357\" height=\"238\" \/><\/a><\/p>\n<p style=\"text-align: justify;\">Ba\u015fbakan Recep Tayyip Erdo\u011fan, h\u00fck\u00fcmetin, ter\u00f6rle m\u00fccadele konusunda y\u00fcr\u00fctt\u00fc\u011f\u00fc g\u00f6r\u00fc\u015fmelerle ilgili Meclise, d\u00fczenlenecek gizli oturumla bilgilendirme yap\u0131labilece\u011fini bildirdi. <!--more--><\/p>\n<p style=\"text-align: justify;\">Bulgaristan seyahati \u00f6ncesinde havaalan\u0131nda bir bas\u0131n a\u00e7\u0131klamas\u0131 yapan Erdo\u011fan, g\u00fcndemdeki konular\u0131 de\u011ferlendirirken, ter\u00f6rle m\u00fccadele konusunda y\u00fcr\u00fctt\u00fc\u011f\u00fc g\u00f6r\u00fc\u015fmelerle ilgili Meclise, gizli bir oturumla bilgilendirme yap\u0131labilece\u011fini s\u00f6yledi.<\/p>\n<p style=\"text-align: justify;\">H\u00fck\u00fcmet bu g\u00f6r\u00fc\u015fmeleri bir s\u00fcredir \u0130\u00e7i\u015fleri Bakan\u0131 Be\u015fir Atalay arac\u0131l\u0131\u011f\u0131yla s\u00fcrd\u00fcr\u00fcyordu. Kuzey Irak\u2019taki K\u00fcrt y\u00f6netimi ve Suriye ile g\u00f6r\u00fc\u015fen Atalay\u2019\u0131n ajandas\u0131nda s\u0131rada \u0130ran var.<\/p>\n<p style=\"text-align: justify;\"><strong>&#8220;K\u0130MSE B\u0130ZE 2011 \u0130\u00c7\u0130NDE YEN\u0130 B\u0130R ANAYASAYLA \u0130LG\u0130L\u0130 GELMES\u0130N&#8221;<\/strong><\/p>\n<p style=\"text-align: justify;\"><a href=\"http:\/\/www.korhanyilmaz.com\/?p=26098\"><img loading=\"lazy\" decoding=\"async\" class=\"alignleft size-full wp-image-26102\" style=\"margin-left: 10px; margin-right: 10px;\" src=\"http:\/\/www.korhanyilmaz.com\/wp-content\/uploads\/2010\/10\/021.jpeg\" alt=\"\" width=\"250\" height=\"167\" \/ class=\"lightview\"><\/a>Se\u00e7imlerden \u00f6nce yeni bir anayasa \u00e7al\u0131\u015fmas\u0131 yap\u0131lmas\u0131 konusundaki soru \u00fczerine de Erdo\u011fan, \u015fu yan\u0131t\u0131 verdi:<\/p>\n<p style=\"text-align: justify;\">\u201cOkullar tatile \u00e7\u0131kmadan se\u00e7imi yapal\u0131m istiyoruz. 90 g\u00fcnl\u00fck bir se\u00e7im takvimini d\u00fc\u015f\u00fcnecek olursak. o zaman mart ay\u0131 i\u00e7inde takvim \u00e7al\u0131\u015fmaya ba\u015flayacakt\u0131r. Bu ne demektir? 2011&#8217;de zaten 2 ay\u0131n\u0131z var. Nerede gelip hangi \u00e7al\u0131\u015fmay\u0131 yapacaks\u0131n\u0131z. yani ger\u00e7ekleri sapt\u0131rmayal\u0131m.<\/p>\n<p style=\"text-align: justify;\">Ne diyoruz, siz ekiplerinizi kurun, yeni bir anayasayla ilgili \u00e7al\u0131\u015fmay\u0131 anamuhalefet de muhalefet de STK&#8217;lar da biz de hep birlikte bu \u00e7al\u0131\u015fmalar\u0131m\u0131z\u0131 yapal\u0131m 2011 se\u00e7imlerinin hemen ard\u0131ndan yeni anayasa ile ilgili ad\u0131m\u0131 atal\u0131m. Yani \u015fu anda \u00e7ok a\u00e7\u0131k ve net s\u00f6yl\u00fcyorum. 12 Eyl\u00fcl&#8217;de de meydanlarda da s\u00f6yledim. Biz bir s\u00f6yledi\u011fimizi bir daha geri vitese tak\u0131p tekrar etmeyiz, t\u00fck\u00fcrd\u00fc\u011f\u00fcm\u00fcz\u00fc de yalamay\u0131z ve bunlar\u0131 her\u015feyini takvimine var\u0131ncaya kadar d\u00fc\u015f\u00fcnd\u00fck, konu\u015ftuk ve \u015fimdi de \u00e7al\u0131\u015fmalar\u0131m\u0131z\u0131 ayn\u0131 \u015fekilde s\u00fcrd\u00fcr\u00fcyoruz.<\/p>\n<p style=\"text-align: justify;\">Art\u0131k yeni anayasa ile ilgili verdi\u011fimiz s\u00f6z ne ise biz o s\u00f6z\u00fcn arkas\u0131nday\u0131z, kimse bize 2011 i\u00e7inde yeni bir anayasayla ilgili &#8216;yok komisyon kural\u0131m, yok \u015fu, yok bu&#8217; filan gibi tekliflerle gelmesin, \u00e7\u00fcnk\u00fc bizim art\u0131k 2011 se\u00e7imi \u00f6ncesi g\u00fcndemimizde b\u00f6yle bir \u00e7al\u0131\u015fma yok. \u015eu anda tek \u00e7al\u0131\u015fma 12 eyl\u00fcl&#8217;de milletimizin verdi\u011fi talimat do\u011frultusunda uyum yasalar\u0131n\u0131 \u00e7\u0131karmakt\u0131r. Zaten bu araya bu s\u0131\u011far, di\u011feri sadece milleti aldatmaya y\u00f6nelik yakla\u015f\u0131m tarzlar\u0131d\u0131r.\u201d &#8220;<\/p>\n<p style=\"text-align: justify;\"><a href=\"http:\/\/www.radikal.com.tr\/Radikal.aspx?aType=RadikalDetay&amp;ArticleID=1022051&amp;Date=05.10.2010&amp;CategoryID=78\" target=\"_blank\"><span style=\"color: #888888;\">Kaynak : Radikal<\/span><\/a><\/p>\n","protected":false},"excerpt":{"rendered":"<p style=\"text-align: center;\">\n<p style=\"text-align: justify;\">Ba\u015fbakan Recep Tayyip Erdo\u011fan, h\u00fck\u00fcmetin, ter\u00f6rle m\u00fccadele konusunda y\u00fcr\u00fctt\u00fc\u011f\u00fc g\u00f6r\u00fc\u015fmelerle ilgili Meclise, d\u00fczenlenecek gizli oturumla bilgilendirme yap\u0131labilece\u011fini bildirdi. <\/p>\n","protected":false},"author":1,"featured_media":0,"comment_status":"open","ping_status":"closed","sticky":false,"template":"","format":"standard","meta":{"footnotes":""},"categories":[105],"tags":[],"class_list":["post-26096","post","type-post","status-publish","format-standard","hentry","category-gundem","odd"],"_links":{"self":[{"href":"http:\/\/www.korhanyilmaz.com\/index.php?rest_route=\/wp\/v2\/posts\/26096","targetHints":{"allow":["GET"]}}],"collection":[{"href":"http:\/\/www.korhanyilmaz.com\/index.php?rest_route=\/wp\/v2\/posts"}],"about":[{"href":"http:\/\/www.korhanyilmaz.com\/index.php?rest_route=\/wp\/v2\/types\/post"}],"author":[{"embeddable":true,"href":"http:\/\/www.korhanyilmaz.com\/index.php?rest_route=\/wp\/v2\/users\/1"}],"replies":[{"embeddable":true,"href":"http:\/\/www.korhanyilmaz.com\/index.php?rest_route=%2Fwp%2Fv2%2Fcomments&post=26096"}],"version-history":[{"count":0,"href":"http:\/\/www.korhanyilmaz.com\/index.php?rest_route=\/wp\/v2\/posts\/26096\/revisions"}],"wp:attachment":[{"href":"http:\/\/www.korhanyilmaz.com\/index.php?rest_route=%2Fwp%2Fv2%2Fmedia&parent=26096"}],"wp:term":[{"taxonomy":"category","embeddable":true,"href":"http:\/\/www.korhanyilmaz.com\/index.php?rest_route=%2Fwp%2Fv2%2Fcategories&post=26096"},{"taxonomy":"post_tag","embeddable":true,"href":"http:\/\/www.korhanyilmaz.com\/index.php?rest_route=%2Fwp%2Fv2%2Ftags&post=26096"}],"curies":[{"name":"wp","href":"https:\/\/api.w.org\/{rel}","templated":true}]}}