{"id":26091,"date":"2010-10-04T13:14:01","date_gmt":"2010-10-04T10:14:01","guid":{"rendered":"http:\/\/www.korhanyilmaz.com\/?p=26091"},"modified":"2010-10-04T13:14:01","modified_gmt":"2010-10-04T10:14:01","slug":"kilicdaroglundan-basbakana-turban-cevabi","status":"publish","type":"post","link":"http:\/\/www.korhanyilmaz.com\/?p=26091","title":{"rendered":"K\u0131l\u0131\u00e7daro\u011flu&#8217;ndan Ba\u015fbakan&#8217;a t\u00fcrban cevab\u0131"},"content":{"rendered":"<p style=\"text-align: justify;\"><a href=\"http:\/\/www.korhanyilmaz.com\/wp-content\/uploads\/2010\/10\/017.jpeg\"  class=\"lightview\"><img loading=\"lazy\" decoding=\"async\" class=\"aligncenter size-full wp-image-26093\" src=\"http:\/\/www.korhanyilmaz.com\/wp-content\/uploads\/2010\/10\/017.jpeg\" alt=\"\" width=\"370\" height=\"247\" \/><\/a><\/p>\n<p style=\"text-align: justify;\">CHP Genel Ba\u015fkan\u0131 Kemal K\u0131l\u0131\u00e7daro\u011flu, ba\u015f\u00f6rt\u00fcs\u00fc konusunda Ba\u015fbakan Recep Tayyip Erdo\u011fan&#8217;\u0131n CHP&#8217;ye y\u00f6nelik s\u00f6zlerine ili\u015fkin, \u201cBilimi egemen k\u0131larsak bu t\u00fcr yapay sorunlar\u0131 da tart\u0131\u015fma konusu olmaktan \u00e7\u0131kar\u0131r\u0131z\u201d dedi. <!--more--><\/p>\n<p style=\"text-align: justify;\">ANKARA &#8211; K\u0131l\u0131\u00e7daro\u011flu, Ankara \u00dcniversitesinin Dil ve Tarih-Co\u011frafya Fak\u00fcltesinde yap\u0131lan yeni akademik y\u0131l\u0131 a\u00e7\u0131l\u0131\u015f t\u00f6reninden sonra gazetecilerin sorular\u0131n\u0131 yan\u0131tlad\u0131.<\/p>\n<p style=\"text-align: justify;\">Bir gazetecinin Ba\u015fbakan Erdo\u011fan&#8217;\u0131n, \u201cToplumu tehdit etmek i\u00e7in T\u00fcrkiye \u0130ran oluyor korkusunu pompalayan CHP bug\u00fcn d\u00f6nd\u00fc dola\u015ft\u0131 T\u00fcrkiye&#8217;nin ba\u015f \u00f6rt\u00fcl\u00fc k\u0131zlar\u0131na \u0130ran modeli \u00f6rt\u00fcnmeyi tavsiye eder hale geldi\u201d \u015feklindeki s\u00f6zlerini an\u0131msatarak bu konudaki de\u011ferlendirmesini sormas\u0131 \u00fczerine K\u0131l\u0131\u00e7daro\u011flu, \u201cBir bilim yuvas\u0131nday\u0131z. Bilimin, akl\u0131n ve mant\u0131\u011f\u0131n kullan\u0131lmas\u0131 gerekti\u011fini \u00f6\u011fretiyor buras\u0131. Bilimi egemen k\u0131larsak bu t\u00fcr yapay sorunlar\u0131 da tart\u0131\u015fma konusu olmaktan \u00e7\u0131kar\u0131r\u0131z\u201d diye konu\u015ftu. (aa)<\/p>\n<p style=\"text-align: justify;\"><a href=\"http:\/\/www.radikal.com.tr\/Radikal.aspx?aType=RadikalDetay&amp;ArticleID=1022080&amp;Date=05.10.2010&amp;CategoryID=78\" target=\"_blank\"><span style=\"color: #888888;\">Kaynak : Radikal<\/span><\/a><\/p>\n","protected":false},"excerpt":{"rendered":"<p style=\"text-align: justify;\">\n<p style=\"text-align: justify;\">CHP Genel Ba\u015fkan\u0131 Kemal K\u0131l\u0131\u00e7daro\u011flu, ba\u015f\u00f6rt\u00fcs\u00fc konusunda Ba\u015fbakan Recep Tayyip Erdo\u011fan&#8217;\u0131n CHP&#8217;ye y\u00f6nelik s\u00f6zlerine ili\u015fkin, \u201cBilimi egemen k\u0131larsak bu t\u00fcr yapay sorunlar\u0131 da tart\u0131\u015fma konusu olmaktan \u00e7\u0131kar\u0131r\u0131z\u201d dedi. <\/p>\n","protected":false},"author":1,"featured_media":0,"comment_status":"open","ping_status":"closed","sticky":false,"template":"","format":"standard","meta":{"footnotes":""},"categories":[105],"tags":[],"class_list":["post-26091","post","type-post","status-publish","format-standard","hentry","category-gundem","odd"],"_links":{"self":[{"href":"http:\/\/www.korhanyilmaz.com\/index.php?rest_route=\/wp\/v2\/posts\/26091","targetHints":{"allow":["GET"]}}],"collection":[{"href":"http:\/\/www.korhanyilmaz.com\/index.php?rest_route=\/wp\/v2\/posts"}],"about":[{"href":"http:\/\/www.korhanyilmaz.com\/index.php?rest_route=\/wp\/v2\/types\/post"}],"author":[{"embeddable":true,"href":"http:\/\/www.korhanyilmaz.com\/index.php?rest_route=\/wp\/v2\/users\/1"}],"replies":[{"embeddable":true,"href":"http:\/\/www.korhanyilmaz.com\/index.php?rest_route=%2Fwp%2Fv2%2Fcomments&post=26091"}],"version-history":[{"count":0,"href":"http:\/\/www.korhanyilmaz.com\/index.php?rest_route=\/wp\/v2\/posts\/26091\/revisions"}],"wp:attachment":[{"href":"http:\/\/www.korhanyilmaz.com\/index.php?rest_route=%2Fwp%2Fv2%2Fmedia&parent=26091"}],"wp:term":[{"taxonomy":"category","embeddable":true,"href":"http:\/\/www.korhanyilmaz.com\/index.php?rest_route=%2Fwp%2Fv2%2Fcategories&post=26091"},{"taxonomy":"post_tag","embeddable":true,"href":"http:\/\/www.korhanyilmaz.com\/index.php?rest_route=%2Fwp%2Fv2%2Ftags&post=26091"}],"curies":[{"name":"wp","href":"https:\/\/api.w.org\/{rel}","templated":true}]}}