{"id":26085,"date":"2010-10-05T01:11:49","date_gmt":"2010-10-04T22:11:49","guid":{"rendered":"http:\/\/www.korhanyilmaz.com\/?p=26085"},"modified":"2010-10-05T01:11:49","modified_gmt":"2010-10-04T22:11:49","slug":"tuz-kokunca-telafisi-yok","status":"publish","type":"post","link":"http:\/\/www.korhanyilmaz.com\/?p=26085","title":{"rendered":"&#8220;Tuz kokunca telafisi yok&#8221;"},"content":{"rendered":"<p style=\"text-align: center;\"><a href=\"http:\/\/www.korhanyilmaz.com\/wp-content\/uploads\/2010\/10\/015.jpg\"  class=\"lightview\"><img loading=\"lazy\" decoding=\"async\" class=\"aligncenter size-full wp-image-26086\" src=\"http:\/\/www.korhanyilmaz.com\/wp-content\/uploads\/2010\/10\/015.jpg\" alt=\"\" width=\"385\" height=\"198\" \/><\/a><\/p>\n<p style=\"text-align: justify;\">Devrimci Karargah soru\u015fturmas\u0131 kapsam\u0131nda, \u00f6rg\u00fcte bilgi s\u0131zd\u0131rd\u0131\u011f\u0131 iddias\u0131yla tutuklanan Emniyet M\u00fcd\u00fcr\u00fc Hanefi Avc\u0131 tutuklanmadan \u00f6nce, Ada Yay\u0131nlar\u0131&#8217;nda imza g\u00fcn\u00fcnde Gazeteport \u0130stihbarat M\u00fcd\u00fcr\u00fc  \u0130hsan Demir ile g\u00f6r\u00fc\u015fm\u00fc\u015ft\u00fc.<\/p>\n<p style=\"text-align: justify;\">Hali\u00e7&#8217;te Ya\u015fayan Simonlar kitab\u0131n\u0131 imzalayan Avc\u0131&#8217;n\u0131n emniyet ve adalet te\u015fkilat\u0131 i\u00e7indeki cemaat \u00f6rg\u00fctlenmesi ile ilgili iddialar\u0131n\u0131 &#8220;Tuz kokunca telafisi yok&#8221; \u015feklinde \u00f6zetlemi\u015fti.<!--more--><\/p>\n<p style=\"text-align: justify;\">\u0130STANBUL &#8211;  Devrimci Karargah soru\u015fturmas\u0131 kapsam\u0131nda, soru\u015fturma kapsam\u0131nda tutuklanan Necdet K\u0131l\u0131\u00e7&#8217;a bilgi s\u0131zd\u0131rd\u0131\u011f\u0131 iddias\u0131yla tutuklanan Emniyet M\u00fcd\u00fcr\u00fc Hanefi avc\u0131 tutuklanmadan \u00f6nce, imza g\u00fcn\u00fcnde konu\u015ftu\u011fu GAZETEPORT&#8217;tan \u0130hsan DEM\u0130R&#8217;e, o g\u00fcne kadar ya\u015fad\u0131klar\u0131 i\u00e7in &#8220;Tuz kokunca telafisi yok&#8221;  \u015feklinde \u00f6zetlemi\u015fti.<\/p>\n<p style=\"text-align: justify;\">Ada yay\u0131nevi&#8217;ndeki imza g\u00fcn\u00fcnde kitaplar\u0131n\u0131 imzalayan Hanefi Avc\u0131, bir yandan da sorular\u0131ma yan\u0131t vermeye \u00e7al\u0131\u015f\u0131yordu. Yay\u0131nevine imza i\u00e7in gelenler, kitaplar\u0131n\u0131 imzalatt\u0131ktan sonra, Hanefi Avc\u0131&#8217;y\u0131 cesaretinden \u00f6t\u00fcr\u00fc kutluyordu. Aradan bir hafta ge\u00e7tikten sonra Hanefi Avc\u0131 Devrimci Karargah adl\u0131 ter\u00f6r \u00f6rg\u00fct\u00fcne bilgi s\u0131zd\u0131rd\u0131\u011f\u0131 iddias\u0131yla tutuklanarak cezaevine g\u00f6nderildi . Hanefi Avc\u0131&#8217;n\u0131n tutuklanmas\u0131n\u0131n yaratt\u0131\u011f\u0131 etki ve hakk\u0131nda ileri s\u00fcr\u00fclenler o denli farkl\u0131yd\u0131 ki, kitab\u0131ndaki iddialarla ilgili konu\u015fmalar\u0131m\u0131z, bana g\u00f6re hafif kal\u0131yordu.<\/p>\n<p style=\"text-align: justify;\"><strong>TUZU KOKUTAN SORU\u015eTURMALAR<\/strong><\/p>\n<p style=\"text-align: justify;\">Hanefi Avc\u0131 ile g\u00f6r\u00fc\u015fme yapt\u0131\u011f\u0131m\u0131z g\u00fcn, Ankara \u00d6zel Yetkili Ba\u015fsavc\u0131 vekili Hamza Kele\u015f&#8217;e g\u00f6r\u00fc\u015fm\u00fc\u015ft\u00fc. Kitab\u0131nda dile getirdi\u011fi iddialar\u0131 ile ilgili olarak Hamza Kele\u015f&#8217;e bilgi ve belge vermi\u015fti. Ancak bir yandan da kitab\u0131nda yer alan iddialarla ilgili olarak iddialar\u0131 ara\u015ft\u0131r\u0131lacak yerde, iddialar\u0131n kendisine d\u00f6nmesinden \u015fikayet ediyordu. \u00d6rne\u011fin, Eski\u015fehir Emniyet M\u00fcd\u00fcr\u00fcne tahsis edilen konutun b\u00fcy\u00fckl\u00fc\u011f\u00fc, evdeki hizmet\u00e7i ile kendisi, e\u015fi ve misafirlerine tahsis edilen ara\u00e7lardan \u00f6t\u00fcr\u00fc savurganl\u0131ktan \u015fikayet ediyordu. Ancak kitab\u0131nda g\u00fcndeme getirdi\u011fi bu \u015fikayet, sanki bu tahsisat\u0131 kendisi yapm\u0131\u015f gibi hakk\u0131nda soru\u015fturma olarak kendisine d\u00f6nmesinden \u015fikayet ediyordu.<\/p>\n<p style=\"text-align: justify;\">\u0130\u00e7i\u015fleri Bakanl\u0131\u011f\u0131 g\u00f6revlendirdi\u011fi m\u00fcfetti\u015fler arac\u0131l\u0131\u011f\u0131 ile, ikisi izinsiz kat\u0131ld\u0131\u011f\u0131 televizyon programlar\u0131, alt\u0131s\u0131 da kitab\u0131ndaki iddialar\u0131 nedeniyle Avc\u0131 hakk\u0131nda soru\u015fturma y\u00fcr\u00fct\u00fcyordu. Bana cehennemi ya\u015fatacaklar \u00f6ng\u00f6r\u00fcs\u00fcnde bulunan Avc\u0131, &#8220;Bundan sonraki y\u0131llar\u0131m hi\u00e7 de kolay olmayacak&#8221; derken, ter\u00f6r \u00f6rg\u00fct\u00fcne yard\u0131mc\u0131 oldu\u011fu iddias\u0131yla bir hafta sonra tutuklanaca\u011f\u0131n\u0131 akl\u0131n\u0131n ucundan ge\u00e7irmiyordu.<\/p>\n<p style=\"text-align: justify;\"><strong>BA\u015eBAKAN DESTEKLEMEZSE SONU\u00c7 \u00c7IKMAZ<\/strong><\/p>\n<p style=\"text-align: justify;\">Hanefi Avc\u0131, kitab\u0131nda ileri s\u00fcrd\u00fc\u011f\u00fc emniyet ve adalet te\u015fkilat\u0131 i\u00e7indeki cemaat yap\u0131lanmas\u0131n\u0131n \u00e7ok tehlikeli bir yap\u0131ya d\u00f6n\u00fc\u015ft\u00fc\u011f\u00fcn\u00fc s\u00f6yl\u00fcyordu. Kitab\u0131ndaki iddialar\u0131n arkas\u0131nda duran Hanefi Avc\u0131 &#8220;Emniyet bir yanl\u0131\u015f soru\u015fturma yaparsa, yarg\u0131lanma a\u015famas\u0131nda bu yanl\u0131\u015f mahkemeler taraf\u0131ndan bozulur. Mahkeme yanl\u0131\u015f yaparsa Yarg\u0131tay bu yanl\u0131\u015f\u0131 d\u00fczeltir. Ancak emniyet ve adalet te\u015fkilat\u0131 i\u00e7inde olu\u015fan bir yap\u0131lanma bir araya gelerek bir yanl\u0131\u015f yaparsa bunu d\u00fczeltecek bir yap\u0131 yok. Bu defa tuz kokar. Tuz kokunca bunun telafisi yok. Bu yanl\u0131\u015f\u0131 d\u00fczeltecek bir yap\u0131 yok. Bana sorarsan\u0131z ba\u015flat\u0131lan adli soru\u015fturma desteklenmezse soru\u015fturan\u0131n da ba\u015f\u0131na dert olur&#8221; demi\u015fti.<\/p>\n<p style=\"text-align: justify;\">\u0130ddialar\u0131yla ilgili olarak &#8220;Elinizde belge var m\u0131?&#8221; sorusuna verdi\u011fi yan\u0131t ise, &#8220;Ben kitab\u0131mda iddialar\u0131m\u0131 i\u015faret ettim. \u0130ddialar\u0131mla ilgili soru\u015fturma ba\u015flat\u0131l\u0131r ve i\u015faret etti\u011fim ki\u015filer ifadeye \u00e7a\u011fr\u0131l\u0131rsa her \u015fey \u00e7orap s\u00f6k\u00fc\u011f\u00fc gibi gelir. Elimdeki bilgileri ve belgeleri savc\u0131larla payla\u015ft\u0131m&#8221; olmu\u015ftu. &#8220;Devletin i\u00e7indeki cemaat yap\u0131lanmas\u0131 sistemi tehdit edecek kadar b\u00fcy\u00fck boyutta m\u0131?&#8221; sorusuna ise &#8220;Burada y\u00f6netici ve y\u00f6nlendirici kademenin tespiti \u00f6nemli.&#8221; dedi.<\/p>\n<p style=\"text-align: justify;\"><strong>B\u0130R HAFTA SONRA TUTUKLANDI<\/strong><\/p>\n<p style=\"text-align: justify;\">Devrimci Karargah soru\u015fturmas\u0131 kapsam\u0131nda bir hafta sonra tutuklanarak cezaevine g\u00f6nderilen Hanefi Avc\u0131, kitab\u0131ndaki iddialar\u0131 nedeniyle tutukland\u0131\u011f\u0131na inan\u0131yor. Hayat\u0131 boyunca sol \u00f6rg\u00fctlere ve PKK ter\u00f6r \u00f6rg\u00fct\u00fcne kar\u015f\u0131 m\u00fccadele vermi\u015f bir ki\u015fi olarak, ter\u00f6r \u00f6rg\u00fct\u00fc Devrimci Karargah&#8217;a bilgi s\u0131zd\u0131rd\u0131\u011f\u0131 ve soru\u015fturman\u0131n gizlili\u011fini ihlal etti\u011fi iddias\u0131yla tutukland\u0131. Bundan sonra ya\u015fanacak geli\u015fmelerin neler olaca\u011f\u0131n\u0131 ise hep birlikte g\u00f6rece\u011fiz.<\/p>\n<p style=\"text-align: justify;\"><span style=\"color: #888888;\">Kaynak : \u0130hsan Demir &#8211;<a href=\"http:\/\/www.gazeteport.com.tr\/GUNCEL\/NEWS\/GP_775533\" target=\"_blank\"> GAZETEPORT<\/a><\/span><\/p>\n","protected":false},"excerpt":{"rendered":"<p style=\"text-align: center;\">\n<p style=\"text-align: justify;\">Devrimci Karargah soru\u015fturmas\u0131 kapsam\u0131nda, \u00f6rg\u00fcte bilgi s\u0131zd\u0131rd\u0131\u011f\u0131 iddias\u0131yla tutuklanan Emniyet M\u00fcd\u00fcr\u00fc Hanefi Avc\u0131 tutuklanmadan \u00f6nce, Ada Yay\u0131nlar\u0131&#8217;nda imza g\u00fcn\u00fcnde Gazeteport \u0130stihbarat M\u00fcd\u00fcr\u00fc \u0130hsan Demir ile g\u00f6r\u00fc\u015fm\u00fc\u015ft\u00fc.<\/p>\n<p style=\"text-align: justify;\">Hali\u00e7&#8217;te Ya\u015fayan Simonlar kitab\u0131n\u0131 imzalayan Avc\u0131&#8217;n\u0131n emniyet ve adalet te\u015fkilat\u0131 i\u00e7indeki cemaat \u00f6rg\u00fctlenmesi ile ilgili iddialar\u0131n\u0131 &#8220;Tuz kokunca telafisi yok&#8221; \u015feklinde \u00f6zetlemi\u015fti.<\/p>\n","protected":false},"author":1,"featured_media":0,"comment_status":"open","ping_status":"closed","sticky":false,"template":"","format":"standard","meta":{"footnotes":""},"categories":[105],"tags":[],"class_list":["post-26085","post","type-post","status-publish","format-standard","hentry","category-gundem","odd"],"_links":{"self":[{"href":"http:\/\/www.korhanyilmaz.com\/index.php?rest_route=\/wp\/v2\/posts\/26085","targetHints":{"allow":["GET"]}}],"collection":[{"href":"http:\/\/www.korhanyilmaz.com\/index.php?rest_route=\/wp\/v2\/posts"}],"about":[{"href":"http:\/\/www.korhanyilmaz.com\/index.php?rest_route=\/wp\/v2\/types\/post"}],"author":[{"embeddable":true,"href":"http:\/\/www.korhanyilmaz.com\/index.php?rest_route=\/wp\/v2\/users\/1"}],"replies":[{"embeddable":true,"href":"http:\/\/www.korhanyilmaz.com\/index.php?rest_route=%2Fwp%2Fv2%2Fcomments&post=26085"}],"version-history":[{"count":0,"href":"http:\/\/www.korhanyilmaz.com\/index.php?rest_route=\/wp\/v2\/posts\/26085\/revisions"}],"wp:attachment":[{"href":"http:\/\/www.korhanyilmaz.com\/index.php?rest_route=%2Fwp%2Fv2%2Fmedia&parent=26085"}],"wp:term":[{"taxonomy":"category","embeddable":true,"href":"http:\/\/www.korhanyilmaz.com\/index.php?rest_route=%2Fwp%2Fv2%2Fcategories&post=26085"},{"taxonomy":"post_tag","embeddable":true,"href":"http:\/\/www.korhanyilmaz.com\/index.php?rest_route=%2Fwp%2Fv2%2Ftags&post=26085"}],"curies":[{"name":"wp","href":"https:\/\/api.w.org\/{rel}","templated":true}]}}