{"id":26076,"date":"2010-10-03T18:15:53","date_gmt":"2010-10-03T15:15:53","guid":{"rendered":"http:\/\/www.korhanyilmaz.com\/?p=26076"},"modified":"2010-10-03T18:15:53","modified_gmt":"2010-10-03T15:15:53","slug":"zihinsel-engelli-kiza-5-saat-tecavuz","status":"publish","type":"post","link":"http:\/\/www.korhanyilmaz.com\/?p=26076","title":{"rendered":"Zihinsel engelli k\u0131za 5 saat tecav\u00fcz!"},"content":{"rendered":"<p style=\"text-align: justify;\"><a href=\"http:\/\/www.korhanyilmaz.com\/wp-content\/uploads\/2010\/10\/014.jpg\"  class=\"lightview\"><img loading=\"lazy\" decoding=\"async\" class=\"aligncenter size-full wp-image-26077\" src=\"http:\/\/www.korhanyilmaz.com\/wp-content\/uploads\/2010\/10\/014.jpg\" alt=\"\" width=\"292\" height=\"162\" \/><\/a><\/p>\n<p style=\"text-align: justify;\">Ayd\u0131n&#8217;\u0131n \u00c7ine il\u00e7esinde, zihinsel engelli 16 ya\u015f\u0131ndaki S.C.&#8217;ye tecav\u00fcz ettikleri iddias\u0131yla yakalanarak g\u00f6zalt\u0131na al\u0131nan 3 ki\u015fi tutukland\u0131.<\/p>\n<p style=\"text-align: justify;\">Olay, ge\u00e7ti\u011fimiz \u00e7ar\u015famba g\u00fcn\u00fc ak\u015fam saatlerinde \u00c7ine il\u00e7esine ba\u011fl\u0131 Ak\u00e7akoca beldesinde meydana geldi. <!--more--><\/p>\n<p style=\"text-align: justify;\">Ailesiyle birlikte ya\u015fayan, 16 ya\u015f\u0131ndaki zihinsel engelli S.C.&#8217;yi, ayn\u0131 mahallede ya\u015fayan 19 ya\u015f\u0131ndaki F.B., 21 ya\u015f\u0131ndaki A.D. ve 23 ya\u015f\u0131ndaki M.\u00c7., iddiaya g\u00f6re, Ak\u00e7aova \u0130lk\u00f6\u011fretim Okulu&#8217;nun konferans salonuna g\u00f6t\u00fcrerek, 5 saat boyunca defalarca tecav\u00fcz etti.<\/p>\n<p style=\"text-align: justify;\">Bir g\u00fcn sonra S.C.&#8217;nin ya\u015fad\u0131klar\u0131n\u0131 kuzeni 16 ya\u015f\u0131ndaki Ay\u015fe C.&#8217;ye anlatmas\u0131 \u00fczerine olay ortaya \u00e7\u0131kt\u0131.<\/p>\n<p style=\"text-align: justify;\">S.C.&#8217;nin 34 ya\u015f\u0131ndaki annesi Serpil C. ve 45 ya\u015f\u0131ndaki babas\u0131 Muammer C., olay\u0131 jandarmaya bildirerek \u015fikayet\u00e7i oldu.<\/p>\n<p style=\"text-align: justify;\">Harekete ge\u00e7en jandarma ekipleri, olayla ilgili F.B., A.D. ve M.\u00c7&#8217;yi g\u00f6zalt\u0131na ald\u0131.<\/p>\n<p style=\"text-align: justify;\">Hastaneye g\u00f6t\u00fcr\u00fclen gen\u00e7 k\u0131z\u0131n muayenesinde ise tecav\u00fcze u\u011frad\u0131\u011f\u0131 belirlendi.<\/p>\n<p style=\"text-align: justify;\">\u0130l\u00e7e Jandarma Komutanl\u0131\u011f\u0131&#8217;nda i\u015flemleri tamamlanan 3 zanl\u0131, bug\u00fcn sevkedildikleri adliyeyede, \u00e7\u0131kar\u0131ld\u0131klar\u0131 mahkemece tutukland\u0131.<\/p>\n<p style=\"text-align: justify;\"><a href=\"http:\/\/www.cnnturk.com\/2010\/turkiye\/10\/03\/zihinsel.engelli.kiza.5.saat.tecavuz\/591711.0\/index.html\" target=\"_blank\"><span style=\"color: #888888;\">CNN T\u00dcRK<\/span><\/a><\/p>\n","protected":false},"excerpt":{"rendered":"<p style=\"text-align: justify;\">\n<p style=\"text-align: justify;\">Ayd\u0131n&#8217;\u0131n \u00c7ine il\u00e7esinde, zihinsel engelli 16 ya\u015f\u0131ndaki S.C.&#8217;ye tecav\u00fcz ettikleri iddias\u0131yla yakalanarak g\u00f6zalt\u0131na al\u0131nan 3 ki\u015fi tutukland\u0131.<\/p>\n<p style=\"text-align: justify;\">Olay, ge\u00e7ti\u011fimiz \u00e7ar\u015famba g\u00fcn\u00fc ak\u015fam saatlerinde \u00c7ine il\u00e7esine ba\u011fl\u0131 Ak\u00e7akoca beldesinde meydana geldi. <\/p>\n","protected":false},"author":1,"featured_media":0,"comment_status":"open","ping_status":"closed","sticky":false,"template":"","format":"standard","meta":{"footnotes":""},"categories":[105],"tags":[],"class_list":["post-26076","post","type-post","status-publish","format-standard","hentry","category-gundem","odd"],"_links":{"self":[{"href":"http:\/\/www.korhanyilmaz.com\/index.php?rest_route=\/wp\/v2\/posts\/26076","targetHints":{"allow":["GET"]}}],"collection":[{"href":"http:\/\/www.korhanyilmaz.com\/index.php?rest_route=\/wp\/v2\/posts"}],"about":[{"href":"http:\/\/www.korhanyilmaz.com\/index.php?rest_route=\/wp\/v2\/types\/post"}],"author":[{"embeddable":true,"href":"http:\/\/www.korhanyilmaz.com\/index.php?rest_route=\/wp\/v2\/users\/1"}],"replies":[{"embeddable":true,"href":"http:\/\/www.korhanyilmaz.com\/index.php?rest_route=%2Fwp%2Fv2%2Fcomments&post=26076"}],"version-history":[{"count":0,"href":"http:\/\/www.korhanyilmaz.com\/index.php?rest_route=\/wp\/v2\/posts\/26076\/revisions"}],"wp:attachment":[{"href":"http:\/\/www.korhanyilmaz.com\/index.php?rest_route=%2Fwp%2Fv2%2Fmedia&parent=26076"}],"wp:term":[{"taxonomy":"category","embeddable":true,"href":"http:\/\/www.korhanyilmaz.com\/index.php?rest_route=%2Fwp%2Fv2%2Fcategories&post=26076"},{"taxonomy":"post_tag","embeddable":true,"href":"http:\/\/www.korhanyilmaz.com\/index.php?rest_route=%2Fwp%2Fv2%2Ftags&post=26076"}],"curies":[{"name":"wp","href":"https:\/\/api.w.org\/{rel}","templated":true}]}}