{"id":26072,"date":"2010-10-03T19:08:55","date_gmt":"2010-10-03T16:08:55","guid":{"rendered":"http:\/\/www.korhanyilmaz.com\/?p=26072"},"modified":"2010-10-03T19:08:55","modified_gmt":"2010-10-03T16:08:55","slug":"kaplan-cek-elini-halkimdan","status":"publish","type":"post","link":"http:\/\/www.korhanyilmaz.com\/?p=26072","title":{"rendered":"Kaplan : &#8220;\u00c7ek elini halk\u0131mdan&#8221;"},"content":{"rendered":"<p style=\"text-align: justify;\"><a href=\"http:\/\/www.korhanyilmaz.com\/wp-content\/uploads\/2010\/10\/013.jpg\"  class=\"lightview\"><img loading=\"lazy\" decoding=\"async\" class=\"aligncenter size-full wp-image-26073\" src=\"http:\/\/www.korhanyilmaz.com\/wp-content\/uploads\/2010\/10\/013.jpg\" alt=\"\" width=\"292\" height=\"218\" \/><\/a><\/p>\n<p style=\"text-align: justify;\">\u015eanl\u0131urfa&#8217;da, 25 BDP&#8217;linin g\u00f6zalt\u0131na al\u0131nmas\u0131 protesto edilirken bir konu\u015fma yapan BDP \u015e\u0131rnak Milletvekili Hasip Kaplan, Ba\u015fbakan Erdo\u011fan&#8217;a &#8220;\u00c7ek elini halk\u0131mdan&#8221; diye seslendi.<\/p>\n<p style=\"text-align: justify;\">\u015eanl\u0131urfa&#8217;da, \u00f6nceki g\u00fcn aralar\u0131nda \u0130l Ba\u015fkan\u0131 \u0130brahim Ayhan&#8217;\u0131n da bulundu\u011fu 25 BDP&#8217;linin, ter\u00f6r \u00f6rg\u00fct\u00fc PKK  lehine korsan g\u00f6steri d\u00fczenlemek ve bu \u00f6rg\u00fcte adam kazand\u0131rmak su\u00e7lamas\u0131yla g\u00f6zalt\u0131na al\u0131nmas\u0131, BDP&#8217;li milletvekillerinin de bulundu\u011fu grup taraf\u0131ndan protesto edildi. <!--more--><\/p>\n<p style=\"text-align: justify;\">PKK ve Abdullah \u00d6calan lehine slogan atan g\u00f6stericilere konu\u015fan BDP \u015e\u0131rnak Milletvekili Hasip Kaplan, &#8220;Say\u0131n Ba\u015fbakan! Elini \u00e7ek buradan, elini \u00e7ek belediyelerden, elini \u00e7ek halk\u0131mdan&#8221; dedi.<\/p>\n<p style=\"text-align: justify;\">Ge\u00e7en cuma g\u00fcn\u00fc \u015eanl\u0131urfa&#8217;da 250 polisin kat\u0131l\u0131m\u0131yla, 33 adrese e\u015f zamanl\u0131 operasyon d\u00fczenlendi ve 26 ki\u015fi g\u00f6zalt\u0131na al\u0131nd\u0131. BDP \u0130l Ba\u015fkan\u0131 \u0130brahim Ayhan ile il genel meclisi ve belediye meclisi \u00fcyesi 25 \u015f\u00fcpheli, ter\u00f6r \u00f6rg\u00fct\u00fcne yard\u0131m yapmak, eleman kazand\u0131rmak, korsan g\u00f6steri, molotoflu sald\u0131r\u0131, bombal\u0131 sald\u0131r\u0131 ve ara\u00e7 yakma su\u00e7lamalar\u0131yla Ter\u00f6rle M\u00fccadele \u015eubesi&#8217;nde sorgulan\u0131yor.<\/p>\n<p style=\"text-align: justify;\">BDP&#8217;lilerin g\u00f6zalt\u0131na al\u0131nmas\u0131n\u0131 protesto i\u00e7in yakla\u015f\u0131k 2 bin ki\u015fi bug\u00fcn \u00f6\u011fle saatlerinde Ali \u015eelli Park\u0131&#8217;nda topland\u0131. Polisin geni\u015f g\u00fcvenlik \u00f6nlemi ald\u0131\u011f\u0131 parka \u00fcstleri arand\u0131ktan sonra al\u0131nan BDP&#8217;liler, zaman zaman \u00d6calan lehine slogan at\u0131p, z\u0131lg\u0131t ve alk\u0131\u015flarla, g\u00f6zalt\u0131lar\u0131 protesto etti.<\/p>\n<p style=\"text-align: justify;\">Kalabal\u0131k, saat 14.00 s\u0131ralar\u0131nda BDP \u015e\u0131rnak Milletvekili Hasip Kaplan, \u015eanl\u0131urfa Milletvekili \u0130brahim Binici ve Bitlis Milletvekili Nazif Karaba\u015f&#8217;\u0131n geli\u015finin ard\u0131ndan y\u00fcr\u00fcy\u00fc\u015f i\u00e7in Atat\u00fcrk Bulvar\u0131&#8217;na \u00e7\u0131kt\u0131. Polisin megafonla uyar\u0131da bulunmas\u0131na ra\u011fmen kalabal\u0131k, \u00fczerinde &#8216;AKP&#8217;nin \u00e7\u00f6z\u00fcm\u00fc siyasi ve askeri operasyondur&#8217; pankart\u0131n\u0131n ard\u0131nda y\u00fcr\u00fcmeye ba\u015flad\u0131. Polisin birka\u00e7 kez uyar\u0131da bulunmas\u0131na ald\u0131r\u0131\u015f etmeyen ve en \u00f6nde milletvekilleri ile \u00e7e\u015fitli sivil toplum \u00f6rg\u00fct\u00fc temsilcisinin yer ald\u0131\u011f\u0131 kalabal\u0131k, &#8216;PKK halkt\u0131r, halk burada&#8217;, &#8216;\u00d6calan&#8217;s\u0131z d\u00fcnyay\u0131 ba\u015f\u0131n\u0131za y\u0131kar\u0131z&#8217;, &#8216;Biji serok Apo&#8217;, &#8216;Bask\u0131lar bizi y\u0131ld\u0131r\u0131maz&#8217; sloganlar\u0131 atarak BDP il binas\u0131n\u0131n da bulundu\u011fu Ahmet Bah\u00e7\u0131van \u0130\u015f Merkezi&#8217;ne y\u00fcr\u00fcd\u00fc. Yakla\u015f\u0131k 20 dakika s\u00fcren y\u00fcr\u00fcy\u00fc\u015f\u00fcn ard\u0131ndan Ahmet Bah\u00e7\u0131van \u0130\u015f Merkezi&#8217;ne ula\u015fan kalabal\u0131\u011fa burada PKK eleba\u015f\u0131 Abdullah \u00d6calan&#8217;\u0131n karde\u015fi Mehmet \u00d6calan da kat\u0131ld\u0131.<\/p>\n<p style=\"text-align: justify;\"><strong>Hasip Kaplan&#8217;\u0131n yorumu <\/strong><\/p>\n<p style=\"text-align: justify;\">Protestocu kalabal\u0131\u011fa burada se\u00e7im otob\u00fcs\u00fc \u00fczerinden hitap eden BDP Milletvekili Hasip Kaplan, T\u00fcrkiye&#8217;de bar\u0131\u015f i\u00e7in olumlu geli\u015fmelerin ya\u015fand\u0131\u011f\u0131 bir d\u00f6nemde BDP&#8217;lilerin g\u00f6zalt\u0131na al\u0131nmas\u0131n\u0131n kabul edilemez oldu\u011funu s\u00f6yledi.<\/p>\n<p style=\"text-align: justify;\">30 y\u0131ll\u0131k \u00e7at\u0131\u015fma ortam\u0131n\u0131 sona erdirmek i\u00e7in Ak Parti h\u00fck\u00fcmeti ile BDP aras\u0131nda g\u00f6r\u00fc\u015fmelerin devam etti\u011fi s\u0131rada, parti mensuplar\u0131n\u0131n \u015eanl\u0131urfa&#8217;da g\u00f6zalt\u0131na al\u0131nd\u0131\u011f\u0131n\u0131 belirten Kaplan, &#8220;Bunca \u00e7aba sarf edilirken, e\u015f ba\u015fkanlar\u0131m\u0131z AK Parti h\u00fck\u00fcmetiyle g\u00f6r\u00fc\u015fme yaparken, ayn\u0131 g\u00fcn\u00fcn ak\u015fam\u0131 Say\u0131n Cumhurba\u015fkan\u0131yla resepsiyonda g\u00f6r\u00fc\u015f\u00fcrken \u015eanl\u0131urfa&#8217;da partililerimizin g\u00f6zalt\u0131na al\u0131nd\u0131\u011f\u0131n\u0131 \u00f6\u011frendik. Bir gecede hepsi kelep\u00e7eleniyor&#8221; dedi.<\/p>\n<p style=\"text-align: justify;\">&#8220;<strong>Say\u0131n Ba\u015fbakan, Say\u0131n h\u00fck\u00fcmet yanl\u0131\u015f yap\u0131yorsunuz<\/strong>&#8221; diyen Hasip Kaplan, s\u00f6zlerini \u015f\u00f6yle s\u00fcrd\u00fcrd\u00fc:<\/p>\n<p style=\"text-align: justify;\">&#8220;T\u00fcrkiye&#8217;nin bar\u0131\u015f\u0131na ve bar\u0131\u015f s\u00fcrecine zarar veriyorsunuz. Pusuya yatm\u0131\u015f kalle\u015f\u00e7e bir el durmadan bar\u0131\u015f\u0131 han\u00e7erliyor. \u00c7iller d\u00f6nemi gibi mi yapmak istiyorsunuz? \u015eanl\u0131urfa&#8217;da benim partililerimin hepsini i\u00e7eri ald\u0131n. Ne yapt\u0131lar? \u015eanl\u0131urfa&#8217;da ihale mi ald\u0131lar, banka m\u0131 bat\u0131rd\u0131lar, r\u00fc\u015fvet mi ald\u0131lar, bir yere bomba m\u0131 koydular? Ne yapt\u0131lar? Referandumda halk\u0131n iradesine sahip \u00e7\u0131kt\u0131lar.<\/p>\n<p style=\"text-align: justify;\">\u015eimdi ter\u00f6rist diyorsun, yanl\u0131\u015f yap\u0131yorsun Say\u0131n Ba\u015fbakan. \u015eanl\u0131urfa&#8217;dan sesleniyorum; sittin sene parti olarak \u015faha da kalksan\u0131z, K\u00fcrt\u00e7e e\u011fitim bu \u00fclkede olacak. Sen, partin, arkandaki sermaye, Amerika, AB, arkandaki para babalar\u0131 K\u00fcrt\u00e7e e\u011fitimi, K\u00fcrt dilini yasaklayamayacak. Hi\u00e7bir ordu zaman\u0131 gelmi\u015f bir fikrin \u00f6n\u00fcnde duramaz. Hi\u00e7bir ordu, hi\u00e7bir g\u00fc\u00e7 K\u00fcrt halk\u0131n\u0131n uyan\u0131\u015f\u0131n\u0131 ve do\u011fu\u015ftan gelen haklar\u0131n\u0131 \u00f6n\u00fcnde duramaz. Duranlar\u0131 ezer ge\u00e7eriz. Kenan Evren de kendileri gibi d\u00fc\u015f\u00fcnmeyenleri i\u00e7eriye al\u0131yordu, i\u015fkence yap\u0131yordu, haks\u0131z yere hapis cezas\u0131 veriyordu. Sen benim parti \u00f6rg\u00fct\u00fcmden ne istiyorsun? Say\u0131n Ba\u015fbakan elini \u00e7ek buradan, elini \u00e7ek belediyelerden, elini \u00e7ek halk\u0131mdan.&#8221;<\/p>\n<p style=\"text-align: justify;\">Hasip Kaplan&#8217;\u0131n konu\u015fmas\u0131 s\u0131ras\u0131nda s\u0131k s\u0131k Abdullah \u00d6calan ve PKK lehine slogan atan g\u00f6stericiler daha sonra da\u011f\u0131ld\u0131.<\/p>\n<p style=\"text-align: justify;\"><a href=\"http:\/\/www.cnnturk.com\/2010\/turkiye\/10\/03\/bdpliler.gozaltilari.protesto.etti\/591749.0\/index.html\" target=\"_blank\"><span style=\"color: #888888;\">CNN T\u00dcRK<\/span><\/a><\/p>\n","protected":false},"excerpt":{"rendered":"<p style=\"text-align: justify;\">\n<p style=\"text-align: justify;\">\u015eanl\u0131urfa&#8217;da, 25 BDP&#8217;linin g\u00f6zalt\u0131na al\u0131nmas\u0131 protesto edilirken bir konu\u015fma yapan BDP \u015e\u0131rnak Milletvekili Hasip Kaplan, Ba\u015fbakan Erdo\u011fan&#8217;a &#8220;\u00c7ek elini halk\u0131mdan&#8221; diye seslendi.<\/p>\n<p style=\"text-align: justify;\">\u015eanl\u0131urfa&#8217;da, \u00f6nceki g\u00fcn aralar\u0131nda \u0130l Ba\u015fkan\u0131 \u0130brahim Ayhan&#8217;\u0131n da bulundu\u011fu 25 BDP&#8217;linin, ter\u00f6r \u00f6rg\u00fct\u00fc PKK lehine korsan g\u00f6steri d\u00fczenlemek ve bu \u00f6rg\u00fcte adam kazand\u0131rmak su\u00e7lamas\u0131yla g\u00f6zalt\u0131na <\/p>\n","protected":false},"author":1,"featured_media":0,"comment_status":"open","ping_status":"closed","sticky":false,"template":"","format":"standard","meta":{"footnotes":""},"categories":[105],"tags":[],"class_list":["post-26072","post","type-post","status-publish","format-standard","hentry","category-gundem","odd"],"_links":{"self":[{"href":"http:\/\/www.korhanyilmaz.com\/index.php?rest_route=\/wp\/v2\/posts\/26072","targetHints":{"allow":["GET"]}}],"collection":[{"href":"http:\/\/www.korhanyilmaz.com\/index.php?rest_route=\/wp\/v2\/posts"}],"about":[{"href":"http:\/\/www.korhanyilmaz.com\/index.php?rest_route=\/wp\/v2\/types\/post"}],"author":[{"embeddable":true,"href":"http:\/\/www.korhanyilmaz.com\/index.php?rest_route=\/wp\/v2\/users\/1"}],"replies":[{"embeddable":true,"href":"http:\/\/www.korhanyilmaz.com\/index.php?rest_route=%2Fwp%2Fv2%2Fcomments&post=26072"}],"version-history":[{"count":0,"href":"http:\/\/www.korhanyilmaz.com\/index.php?rest_route=\/wp\/v2\/posts\/26072\/revisions"}],"wp:attachment":[{"href":"http:\/\/www.korhanyilmaz.com\/index.php?rest_route=%2Fwp%2Fv2%2Fmedia&parent=26072"}],"wp:term":[{"taxonomy":"category","embeddable":true,"href":"http:\/\/www.korhanyilmaz.com\/index.php?rest_route=%2Fwp%2Fv2%2Fcategories&post=26072"},{"taxonomy":"post_tag","embeddable":true,"href":"http:\/\/www.korhanyilmaz.com\/index.php?rest_route=%2Fwp%2Fv2%2Ftags&post=26072"}],"curies":[{"name":"wp","href":"https:\/\/api.w.org\/{rel}","templated":true}]}}