{"id":26066,"date":"2010-10-03T19:35:16","date_gmt":"2010-10-03T16:35:16","guid":{"rendered":"http:\/\/www.korhanyilmaz.com\/?p=26066"},"modified":"2010-10-03T19:35:16","modified_gmt":"2010-10-03T16:35:16","slug":"basbakan-erdogan-secim-tarihini-acikladi","status":"publish","type":"post","link":"http:\/\/www.korhanyilmaz.com\/?p=26066","title":{"rendered":"Ba\u015fbakan Erdo\u011fan se\u00e7im tarihini a\u00e7\u0131klad\u0131"},"content":{"rendered":"<p style=\"text-align: center;\"><a href=\"http:\/\/www.korhanyilmaz.com\/wp-content\/uploads\/2010\/10\/011.jpg\"  class=\"lightview\"><img loading=\"lazy\" decoding=\"async\" class=\"aligncenter size-full wp-image-26067\" src=\"http:\/\/www.korhanyilmaz.com\/wp-content\/uploads\/2010\/10\/011.jpg\" alt=\"\" width=\"307\" height=\"236\" \/><\/a><\/p>\n<p style=\"text-align: justify;\">\u0130stanbul&#8217;da yap\u0131lan AK Parti \u0130l Dan\u0131\u015fma Meclisi Toplant\u0131s\u0131&#8217;na kat\u0131lan Ba\u015fbakan Recep Tayyip Erdo\u011fan, 2011 y\u0131l\u0131 se\u00e7imlerinin Haziran ay\u0131n\u0131n ilk haftas\u0131nda yap\u0131laca\u011f\u0131n\u0131 a\u00e7\u0131klad\u0131.<\/p>\n<p style=\"text-align: justify;\">Ba\u015fbakan Erdo\u011fan, 2011 y\u0131l\u0131nda yap\u0131lacak olan se\u00e7imlerin &#8220;start&#8221;\u0131n\u0131 \u0130stanbul&#8217;dan verdi. <!--more--><\/p>\n<p style=\"text-align: justify;\">Konu\u015fmas\u0131nda referandumda y\u00fczde 58&#8217;in \u00fczerinde oy almay\u0131 beklediklerini ancak bunun alt\u0131nda kald\u0131klar\u0131n\u0131 belirten Erdo\u011fan , &#8220;A\u00e7\u0131\u011f\u0131m\u0131z var, bu a\u00e7\u0131\u011f\u0131 2011&#8217;de giderece\u011fiz. Bu 2011&#8217;in start\u0131d\u0131r&#8221; diye konu\u015ftu.<\/p>\n<p style=\"text-align: justify;\">2011 y\u0131l\u0131 se\u00e7imlerinin Haziran&#8217;\u0131n ilk haftas\u0131nda yap\u0131laca\u011f\u0131n\u0131 ifade eden Erdo\u011fan, Mart ay\u0131na kadar \u00e7al\u0131\u015fmalar\u0131n\u0131n bitirmeleri gerekti\u011fini s\u00f6yledi.<\/p>\n<p style=\"text-align: justify;\">Yeni Anayasa \u00fczerinde de \u00e7al\u0131\u015ft\u0131klar\u0131n\u0131 belirten Erdo\u011fan, muhalefete de mesaj g\u00f6ndererek yeni Anayasa&#8217;n\u0131n ilk ad\u0131mlar\u0131n\u0131n 2011 y\u0131l\u0131nda yap\u0131lacak se\u00e7imlerden sonra at\u0131laca\u011f\u0131n\u0131n da alt\u0131n\u0131 \u00e7izdi.<\/p>\n<p style=\"text-align: justify;\"><strong>Uzun uzun konu\u015ftu <\/strong><\/p>\n<p style=\"text-align: justify;\">AK Parti Geni\u015fletilmi\u015f \u0130l Divan Toplant\u0131s\u0131&#8217;nda konu\u015fan Erdo\u011fan, 12 Eyl\u00fcl \u00f6ncesinde miting meydanlar\u0131nda s\u00f6ylenen s\u00f6zlerin, verilen vaatlerin milletin haf\u0131zas\u0131nda oldu\u011funu belirterek, AK Parti olarak bu anayasa de\u011fi\u015fikli\u011fine b\u00fcy\u00fck \u00f6nem veren kesimlere de &#8220;yetmez ama evet&#8221; diyenlere de onlarla birlikte t\u00fcm millete yeni anayasa \u00e7al\u0131\u015fmalar\u0131na 12 Eyl\u00fcl\u00fcn hemen ard\u0131ndan ba\u015flayacaklar\u0131 s\u00f6z\u00fcn\u00fc verdiklerini hat\u0131rlatt\u0131.<\/p>\n<p style=\"text-align: justify;\">Erdo\u011fan, 12 Eyl\u00fcl ak\u015fam\u0131 yapt\u0131\u011f\u0131 konu\u015fmada yeni anayasa i\u00e7in haz\u0131rl\u0131klar\u0131n start\u0131n\u0131 verdi\u011fini belirterek, &#8220;Ba\u015fta ana muhalefet Partisi olmak \u00fczere t\u00fcm muhalefet partilerinin de meydanlarda dile getirdikleri, vadettikleri s\u00f6zlerin arkas\u0131nda durmalar\u0131, bu s\u00fcrece, alt\u0131n\u0131 \u00e7izerek ifade ediyorum, samimi \u015fekilde katk\u0131 vermeleri, sadece katk\u0131 de\u011fil, samimi \u015fekilde s\u00fcrecin i\u00e7inde<\/p>\n<p style=\"text-align: justify;\">olmalar\u0131 \u00e7a\u011fr\u0131m\u0131 yineliyorum. Samimiyet kavram\u0131n\u0131 dile getirdi\u011fimizde baz\u0131lar\u0131 buna bozuluyor, k\u0131z\u0131yor, \u00f6fkeleniyor. Daha \u00f6nce de s\u00f6yledim. Siyaset\u00e7inin samimiyet testini biz yapmay\u0131z, siyaset\u00e7inin samimiyet testini millet yapar, se\u00e7men yapar, se\u00e7menin haf\u0131zas\u0131 yapar &#8221; diye konu\u015ftu.<\/p>\n<p style=\"text-align: justify;\">&#8220;Ba\u015f \u00f6rt\u00fcs\u00fc sorununu \u00e7\u00f6zeriz&#8221; diye her gittikleri yerde millete vaadde bulunanlara, &#8220;Nas\u0131l \u00e7\u00f6zeceksiniz?&#8221; diye sorduklar\u0131nda &#8220;Arkada\u015flar \u00fczerinde \u00e7al\u0131\u015f\u0131yor&#8221; yan\u0131t\u0131n\u0131 verdiklerini ifade eden Erdo\u011fan, \u015funlar\u0131 s\u00f6yledi:<\/p>\n<p style=\"text-align: justify;\">&#8220;Samimi olmalar\u0131n\u0131 umduk, ger\u00e7ekten samimiyetle bu meselenin \u00e7\u00f6z\u00fcm\u00fcne katk\u0131 sa\u011flamalar\u0131n\u0131 umut ettik. \u00c7\u00fcnk\u00fc bizim meselemiz ba\u011fc\u0131y\u0131 d\u00f6vmek de\u011fil \u00fcz\u00fcm\u00fc yemek. Meselenin \u00fczerinde \u00e7al\u0131\u015fan arkada\u015flar\u0131n meselenin tasar\u0131m boyutu \u00fczerinde yo\u011funla\u015ft\u0131\u011f\u0131n\u0131 g\u00f6rd\u00fc\u011f\u00fcm\u00fczde de umutlar\u0131m\u0131z\u0131 kaybetmedik. Ama maalesef d\u00fcn, meselenin \u00fczerinde \u00e7al\u0131\u015fan arkada\u015flar\u0131n nas\u0131l bir sonuca ula\u015ft\u0131klar\u0131n\u0131 g\u00f6rd\u00fck ve b\u00fcy\u00fck bir hayal k\u0131r\u0131kl\u0131\u011f\u0131 ya\u015fad\u0131k.Ortaya \u00e7\u0131ka \u00e7\u0131ka Pakistan \u0130slam Cumhuriyeti modeli \u00e7\u0131kt\u0131.<\/p>\n<p style=\"text-align: justify;\">Ortaya \u00e7\u0131ka \u00e7\u0131ka \u0130ran \u0130slam Cumhuriyeti modeli \u00e7\u0131kt\u0131. Y\u0131llarca, toplumu k\u0131\u015fk\u0131rtmak i\u00e7in, ayr\u0131\u015ft\u0131rmak i\u00e7in, sanal korkularla toplumu tehdit etmek i\u00e7in T\u00fcrkiye \u0130ran oluyor korkusunu pompalayan CHP bug\u00fcn d\u00f6nd\u00fc dola\u015ft\u0131 T\u00fcrkiye&#8217;nin ba\u015f \u00f6rt\u00fcl\u00fc k\u0131zlar\u0131na \u0130ran modeli \u00f6rt\u00fcnmeyi tavsiye eder hale geldi. Her t\u00fcrl\u00fc hak aray\u0131\u015f\u0131 kar\u015f\u0131s\u0131nda, inan\u00e7 \u00f6zg\u00fcrl\u00fc\u011f\u00fcne y\u00f6nelik her t\u00fcrl\u00fc ifade kar\u015f\u0131s\u0131nda &#8216;mollalar \u0130ran&#8217;a&#8217; diyen CHP \u015fimdi \u0130ran modeli \u00f6rt\u00fcnmeyi T\u00fcrkiye&#8217;nin k\u0131zlar\u0131na dayatma noktas\u0131na geldi. Bir \u00f6zg\u00fcrl\u00fck meselesini, bir insan hakk\u0131n\u0131, bir inan\u00e7 \u00f6zg\u00fcrl\u00fc\u011f\u00fc meselesini kak\u00fcl meselesine, per\u00e7em meselesine indirgediler. Samimiyet bunun neresinde, tutarl\u0131l\u0131k, tutarl\u0131 siyaset, ilkeli siyaset bunun neresinde? Meseleyi sadece bir t\u00fcrban, ba\u015f \u00f6rt\u00fcs\u00fc \u015feklinde kavram meselesi olarak g\u00f6renler, meseleyi sadece bir per\u00e7em, z\u00fcl\u00fcf, kak\u00fcl meselesi olarak g\u00f6renler, milletin de\u011ferleriyle, inan\u00e7lar\u0131yla \u00fcniversite kap\u0131s\u0131 \u00f6n\u00fcndeki gen\u00e7 k\u0131zlar\u0131n ciddi meseleleriyle istihza ettiklerinin fark\u0131na varmal\u0131d\u0131rlar.&#8221;<\/p>\n<p style=\"text-align: justify;\"><strong>&#8220;Y\u00fczde 42 niye hay\u0131r dedi?&#8221; <\/strong><\/p>\n<p style=\"text-align: justify;\">AK Parti Genel Ba\u015fkan\u0131 ve Ba\u015fbakan Recep Tayyip Erdo\u011fan, &#8220;Y\u00fczde 58&#8217;i nas\u0131l ald\u0131k de\u011fil, y\u00fczde 42 ni\u00e7in bize &#8216;hay\u0131r&#8217; dedi, bunun nedenini, ni\u00e7inini ara\u015ft\u0131r\u0131yoruz. Nerede eksi\u011fimiz var, nerede yanl\u0131\u015f\u0131m\u0131z var bunun \u00fczerinde \u00e7al\u0131\u015f\u0131yoruz&#8221; dedi.<\/p>\n<p style=\"text-align: justify;\">Erdo\u011fan, yapt\u0131\u011f\u0131 konu\u015fmada, Y\u00d6K meselesinin de g\u00fcndemde tutuldu\u011funu dile getirerek, ge\u00e7mi\u015fte eski CHP Genel Ba\u015fkan\u0131 Deniz Baykal ile yapt\u0131\u011f\u0131 g\u00f6r\u00fc\u015fmeyi de an\u0131msatt\u0131.<\/p>\n<p style=\"text-align: justify;\">Baykal&#8217;\u0131n &#8220;Y\u00d6K meselesi rejim meselesidir&#8221; dedi\u011fini ifade eden Erdo\u011fan, CHP&#8217;nin yeni genel ba\u015fkan\u0131n\u0131n &#8220;Gelin Y\u00d6K&#8217;\u00fc kald\u0131ral\u0131m&#8221; dedi\u011fini s\u00f6yledi.<\/p>\n<p style=\"text-align: justify;\">Erdo\u011fan, \u015funlar\u0131 kaydetti:<\/p>\n<p style=\"text-align: justify;\">&#8220;CHP de herhalde devaml\u0131l\u0131k esas de\u011fil. AK Parti fanilerin egemen oldu\u011fu de\u011fil, ilkelerin egemen oldu\u011fu bir partidir. Bizim ilkelerimiz var. Biz onunla y\u00fcr\u00fcyoruz. Biz bug\u00fcn var\u0131z, yar\u0131n yokuz, faniyiz. Ama koydu\u011fumuz ilkeler \u00e7ok \u00f6nemli. Biz dedik ki; &#8216;Biz Y\u00d6K&#8217;\u00fc tart\u0131\u015f\u0131r\u0131z, konu\u015furuz. \u015eu andaki Y\u00d6K&#8217;\u00fcn mevzuat\u0131ndan bizim de \u015fikayetimiz var. Biz rahat\u0131z. 12 Eyl\u00fcl&#8217;den sonra i\u015fte bu yeni Anayasa&#8217;da Y\u00d6K de var. Gelin orada Y\u00d6K&#8217;\u00fc de konu\u015fal\u0131m. Y\u00d6K&#8217;\u00fc bu konuda nas\u0131l ele alaca\u011f\u0131m\u0131z\u0131, \u015fimdiden \u015fifreleri vermeyelim ne olur, ne olmaz, orada bunlar\u0131n hepsini konu\u015furuz ve \u00e7ok daha farkl\u0131 bir Y\u00d6K ile yolumuza devam ederiz.<\/p>\n<p style=\"text-align: justify;\">Ben baz\u0131 ba\u011f\u0131ms\u0131z kurumlar\u0131 da otural\u0131m konu\u015fal\u0131m diyorum. Bunlar\u0131n \u00fczerinde de durmam\u0131z laz\u0131m. Niye? \u00c7\u00fcnk\u00fc T\u00fcrkiye&#8217;de reforme edilmesi gereken kurumlar var. Yeter ki muhalefetle bu konuda el ele olal\u0131m, omuz omuza olal\u0131m, bir konsens\u00fcs sa\u011flayal\u0131m. Bizim s\u0131k\u0131nt\u0131m\u0131z yok. Zira 30-40 sene \u00f6ncekilere el dokundurtmayanlar bizden 7-8 y\u0131l \u00f6ncesinin kurumlar\u0131yla ilgili el dokundurtmay\u0131 bekliyorlar. Biz ona da var\u0131z. \u00c7\u00fcnk\u00fc, d\u00fcnya h\u0131zla de\u011fi\u015fiyor, h\u0131zla geli\u015fiyor. E\u011fer h\u0131za ayak uyduramazsan\u0131z, oldu\u011funuz yerde patinaj yapars\u0131n\u0131z, di\u011ferleri al\u0131r gider, siz geri geri gitmeye ba\u015flars\u0131n\u0131z. Biz bunu da ba\u015faral\u0131m istiyoruz. Bunu ba\u015farmaya da mecburuz.&#8221;<\/p>\n<p style=\"text-align: justify;\"><strong>&#8220;H\u00fck\u00fcmetimiz \u00e7ok \u00e7ile \u00e7ekti&#8221; <\/strong><\/p>\n<p style=\"text-align: justify;\">Ba\u015fbakan Erdo\u011fan, son 8 y\u0131lda ya\u015fananlara da i\u015faret ederek, &#8220;\u015eu 8 y\u0131lda h\u00fck\u00fcmetimiz \u00e7ok \u00e7ile \u00e7ekti, \u00e7ok ac\u0131 \u00e7ekti. Nerelerde bizi nas\u0131l engellediklerini biz asl\u0131nda sizlerle tam payla\u015fam\u0131yoruz. O f\u0131rsat\u0131 bulam\u0131yoruz. E\u011fer o sorunlar\u0131 a\u015fabilseydik, \u015fu anda T\u00fcrkiye \u00e7ok daha farkl\u0131 bir yerde olurdu&#8221; dedi.<\/p>\n<p style=\"text-align: justify;\">Baz\u0131 kurumlar\u0131n reforme edilmesinin \u00e7ok \u00f6nemli oldu\u011funu ve 2011 se\u00e7imlerinin de bunlar\u0131n \u00f6nemli bir s\u0131\u00e7ramas\u0131 olaca\u011f\u0131n\u0131 dile getiren Erdo\u011fan, \u015f\u00f6yle devam etti:<\/p>\n<p style=\"text-align: justify;\">&#8220;Biz gelin, konu\u015fal\u0131m ve isti\u015fare yapal\u0131m diyoruz. \u015eunu unutmayal\u0131m, AK Parti&#8217;nin dili, milletin dilidir, sizin dilinizdir. G\u00f6n\u00fcl dilidir, samimiyet dilidir. Biz d\u00fcn s\u00f6yledi\u011fimizi bug\u00fcn unutanlardan de\u011filiz. Biz d\u00fcn ne s\u00f6ylediysek arkas\u0131nda durduk. Bug\u00fcn ne s\u00f6yl\u00fcyorsak dimdik arkas\u0131nda duraca\u011f\u0131z. Siyaseti bir g\u00f6z boyama sanat\u0131 olarak g\u00f6rmedik, g\u00f6rm\u00fcyoruz ve siyaset de zaten bizim ilkelerimize g\u00f6re bir g\u00f6z boyama sanat\u0131 de\u011fildir. Kand\u0131rma sanat\u0131 de\u011fildir. Siyaset korkutarak, aldatarak, k\u0131\u015fk\u0131rtarak, istismar ederek oy toplama sanat\u0131 da de\u011fildir. Siyaset hizmet etme sanat\u0131d\u0131r, eser \u00fcretme sanat\u0131d\u0131r, milletle g\u00f6n\u00fcl ba\u011f\u0131 kurma, milletle g\u00f6n\u00fcl k\u00f6pr\u00fcleri in\u015fa etme sanat\u0131d\u0131r.<\/p>\n<p style=\"text-align: justify;\">12 Eyl\u00fcl 2010&#8217;da aziz milletimiz demokrasiye &#8216;evet&#8217; dedi\u011fi kadar, \u00f6zg\u00fcrl\u00fcklere &#8216;evet&#8217; dedi\u011fi kadar, b\u00fcy\u00fck T\u00fcrkiye&#8217;ye &#8216;evet&#8217; dedi\u011fi kadar, t\u00fcm siyaset\u00e7ilere, t\u00fcm siyasi partilere de kendi lisan\u0131 halleriyle \u00e7e\u015fitli mesajlar vermi\u015ftir. CHP&#8217;nin de, MHP&#8217;nin de, BDP&#8217;nin de, Meclis i\u00e7inde olan ya da olmayan di\u011fer t\u00fcm siyasi partilerin de hatta sivil toplum \u00f6rg\u00fctlerin de milletin bu mesaj\u0131n\u0131 do\u011fru okumalar\u0131n\u0131, do\u011fru analiz etmelerini temenni ediyoruz. Bu milletin k\u0131\u015fk\u0131rtmaya, \u00f6fkeye, b\u00f6l\u00fcc\u00fc, ayr\u0131\u015ft\u0131r\u0131c\u0131, kutupla\u015ft\u0131r\u0131c\u0131 bir dile pirim vermedi\u011fi 12 Eyl\u00fcl&#8217;de bir kez daha g\u00f6r\u00fclm\u00fc\u015ft\u00fcr.&#8221;<\/p>\n<p style=\"text-align: justify;\">Ama buna ra\u011fmen baz\u0131lar\u0131n\u0131n ayn\u0131 dili kullanmaya, ayn\u0131 tavr\u0131 s\u00fcrd\u00fcrmeye devam etti\u011fini de belirten Erdo\u011fan, samimiyetsiz tav\u0131rlara, tutars\u0131z a\u00e7\u0131klamalara, bo\u015f vaatlere inanmad\u0131\u011f\u0131n\u0131 milletin 12 Eyl\u00fcl&#8217;de bir kez daha g\u00f6sterdi\u011fini, ama ni\u00e7in ayn\u0131 yolda devam edildi\u011finin anlaman\u0131n m\u00fcmk\u00fcn olmad\u0131\u011f\u0131n\u0131 s\u00f6yledi.<\/p>\n<p style=\"text-align: justify;\"><strong>Kamuoyu ara\u015ft\u0131rmas\u0131 <\/strong><\/p>\n<p style=\"text-align: justify;\">Ba\u015fbakan Erdo\u011fan, hi\u00e7bir se\u00e7im sonras\u0131nda vurdumduymaz tav\u0131r i\u00e7inde olmad\u0131klar\u0131n\u0131 da vurgulayarak, &#8220;12 Eyl\u00fcl&#8217;de arzu etti\u011fimiz sonucu alm\u0131\u015f olmam\u0131za ra\u011fmen biz \u00f6z ele\u015ftirimizi yap\u0131yoruz, kendimizi sorguluyoruz, varsa hatalar\u0131m\u0131z\u0131 masaya yat\u0131r\u0131yor, kendi i\u00e7 muhasebemizi yap\u0131yoruz. \u015eu anda T\u00fcrkiye&#8217;nin d\u00f6rt bir yan\u0131nda bilimsel bir kamuoyu ara\u015ft\u0131rmas\u0131 yap\u0131yoruz. Ni\u00e7in? Y\u00fczde 58&#8217;i nas\u0131l ald\u0131k de\u011fil, y\u00fczde 42 ni\u00e7in bize &#8216;hay\u0131r&#8217; dedi, bunun nedenini, ni\u00e7inini ara\u015ft\u0131r\u0131yoruz. Nerede eksi\u011fimiz var, nerede yanl\u0131\u015f\u0131m\u0131z var bunun \u00fczerinde \u00e7al\u0131\u015f\u0131yoruz. Bu ay i\u00e7erisinde yapaca\u011f\u0131m\u0131z milletvekilleri K\u0131z\u0131lcahamam isti\u015fare  toplant\u0131m\u0131zda bunlar\u0131n orada de\u011ferlendirmesini yapaca\u011f\u0131z&#8221; diye konu\u015ftu.<\/p>\n<p style=\"text-align: justify;\">Halk oylamas\u0131 sonu\u00e7lar\u0131n\u0131n sand\u0131k sand\u0131k masaya yat\u0131r\u0131lmas\u0131 gerekti\u011fini de dile getiren Erdo\u011fan, &#8220;Evet&#8217; diyenlerin ni\u00e7in bu s\u00fcrece destek verdiklerini, hangi beklentiler i\u00e7inde olduklar\u0131n\u0131 da anlamaya \u00e7al\u0131\u015fal\u0131m. &#8216;Hay\u0131r&#8217; diyenlerin hissiyat\u0131n\u0131 ve sebeplerini de anlamaya \u00e7al\u0131\u015fal\u0131m. &#8216;Hay\u0131r&#8217; diyenlerle empati kural\u0131m. Neden &#8216;hay\u0131r&#8217; dediklerini, kayg\u0131lar\u0131n\u0131, korkular\u0131n\u0131, endi\u015felerini samimi \u015fekilde anlamak i\u00e7in gayret g\u00f6sterelim. Kimlere ula\u015famad\u0131k? Neden ula\u015famad\u0131k? Ula\u015ft\u0131klar\u0131m\u0131za Anayasa de\u011fi\u015fikli\u011fini neden tatmin edici \u015fekilde anlatamad\u0131k? Korkular\u0131, kayg\u0131lar\u0131 a\u015fmalar\u0131 noktas\u0131nda onlarla ayn\u0131 dili neden kuramad\u0131k? L\u00fctfen bunu sorgulayal\u0131m&#8221; dedi.<\/p>\n<p style=\"text-align: justify;\"><strong>&#8220;Biraz eksi\u011fimiz var&#8221; <\/strong><\/p>\n<p style=\"text-align: justify;\">AK Parti Geni\u015fletilmi\u015f \u0130l Divan Toplant\u0131s\u0131nda yapt\u0131\u011f\u0131 konu\u015fmada toplant\u0131n\u0131n &#8220;\u0130stanbul&#8217;a, T\u00fcrkiye&#8217;ye, millete ve demokrasiye hay\u0131rlar getirmesini&#8221; dileyen Erdo\u011fan, 5 Eyl\u00fcl&#8217;de, Kazl\u0131\u00e7e\u015fme&#8217;de d\u00fczenlenen miting ve bayram\u0131n \u00fc\u00e7 g\u00fcn\u00fc 25 il\u00e7ede yap\u0131lan bayramla\u015fmalar\u0131n miting gibi ge\u00e7mesi nedeniyle organizasyonu yapan il \u00f6rg\u00fct\u00fcne de te\u015fekk\u00fcr etti.<\/p>\n<p style=\"text-align: justify;\">Halk oylamas\u0131nda \u0130stanbul&#8217;un y\u00fczde 55 oran\u0131nda &#8220;evet&#8221; diyerek, demokrasiye, \u00f6zg\u00fcrl\u00fcklere, b\u00fcy\u00fck T\u00fcrkiye&#8217;ye sahip \u00e7\u0131kt\u0131\u011f\u0131n\u0131 g\u00f6sterdi\u011fini ifade eden Erdo\u011fan, &#8220;Biraz eksi\u011fimiz var. \u00c7\u00fcnk\u00fc y\u00fczde 58&#8217;in \u00fczerinde olmam\u0131z gerekiyordu. \u0130nan\u0131yorum ki bu a\u00e7\u0131\u011f\u0131 2011&#8217;de hep birlikte giderece\u011fiz. Onun i\u00e7in bu toplant\u0131n\u0131n \u00e7ok \u00f6nemi var. Bu toplant\u0131 2011&#8217;in adeta start\u0131d\u0131r. Ben bu tercihinden dolay\u0131 \u0130stanbul&#8217;u bir kez daha kutluyorum&#8221; dedi.<\/p>\n<p style=\"text-align: justify;\">Ba\u015fbakan Erdo\u011fan, referandumda bu sonucun \u00e7\u0131kmas\u0131nda eme\u011fi olan te\u015fkilat\u0131n t\u00fcm mensuplar\u0131n\u0131, milletvekillerini, il ba\u015fkanl\u0131\u011f\u0131n\u0131, belediye ba\u015fkanlar\u0131n\u0131, il genel ve belediye meclis \u00fcyelerini, il\u00e7e ve belde ba\u015fkanlar\u0131n\u0131, mahalle-k\u00f6y temsilcilerini, sand\u0131k m\u00fc\u015fahitlerini, kad\u0131n ve gen\u00e7lik kollar\u0131n\u0131 da kutlayarak te\u015fekk\u00fcr etti.<\/p>\n<p style=\"text-align: justify;\">\u0130stanbul&#8217;un, 12 Eyl\u00fcl&#8217;de \u00fczerine d\u00fc\u015feni hakk\u0131yla yerine getirdi\u011fini vurgulayan Erdo\u011fan, &#8220;T\u00fcrkiye&#8217;nin \u00f6zeti olan \u0130stanbul, d\u00fcn\u00fcyle, bug\u00fcn\u00fcyle, yar\u0131nlar\u0131yla kendisine yara\u015fan\u0131 ve yak\u0131\u015fan\u0131 yapt\u0131. G\u00fcr bir sesle &#8216;evet&#8217; diyerek, demokrasiye, milli iradeye, adalete ve hukukun \u00fcst\u00fcnl\u00fc\u011f\u00fcne s\u0131ms\u0131k\u0131 sahip \u00e7\u0131kt\u0131\u011f\u0131n\u0131 bir kez daha g\u00f6sterdi&#8221; dedi.<\/p>\n<p style=\"text-align: justify;\">Halkoylamas\u0131 \u00f6ncesinde, 12 Eyl\u00fcl&#8217;\u00fcn t\u00fcm T\u00fcrkiye i\u00e7in, kentler i\u00e7in, 73 milyon vatanda\u015f i\u00e7in bir milat olaca\u011f\u0131n\u0131 ifade ettiklerini hat\u0131rlatan Erdo\u011fan, s\u00f6zlerine \u015f\u00f6yle devam etti:<\/p>\n<p style=\"text-align: justify;\">&#8220;Anayasa&#8217;da, halk\u0131m\u0131z\u0131n tercihi ve takdiriyle de\u011fi\u015fen 26 madde, elbette yeterli olmad\u0131\u011f\u0131n\u0131 s\u00f6yledik. Biz bunu yeterli olmad\u0131\u011f\u0131n\u0131 s\u00f6ylerken, &#8216;se\u00e7imler yakla\u015ft\u0131, b\u00f6yle bir anayasa de\u011fi\u015fikli\u011fine gerek yok&#8217; diyen anamuhalefeti, muhalefeti \u015fimdi g\u00f6r\u00fcyorsunuz, &#8216;hadi gelin hepsini de\u011fi\u015ftirelim&#8217; diyorlar. Bu anamuhalefet siyaseti de bilmiyor. Ben beklerdim ki anamuhalefet \u015funu desin; &#8217;26 maddeye, millet size &#8216;evet&#8217; dedi. Hemen uyum yasalar\u0131n\u0131 gelin \u00e7\u0131karal\u0131m.&#8217; Ben onlardan bunu s\u00f6ylemelerini beklerdim. Niye? yapmam\u0131z gereken bu. \u015eu anda bizim millete verdi\u011fimiz s\u00f6z var. Benim milletim bize g\u00f6rev verdi. &#8216;Bak biz bunu onaylad\u0131k, (evet) dedik, s\u00fcratle uyum yasalar\u0131n\u0131 \u00e7\u0131kar\u0131n.&#8217; Zaten deseler de demeseler de biz ba\u015flad\u0131k \u015fimdi. S\u00fcratle \u015fimdi uyum yasalar\u0131n\u0131 \u00e7\u0131kar\u0131yoruz. \u00c7\u00fcnk\u00fc biz i\u015fimizi biliyoruz. Takvimimizi belirledik, yola koyulduk.<\/p>\n<p style=\"text-align: justify;\">\u015eu anda g\u00f6revlendirmelerimizi yapt\u0131k. \u00c7al\u0131\u015fmalara ba\u015flad\u0131k. Zira biz ne dedik? &#8216;ne aldatan olaca\u011f\u0131z, ne aldanan olaca\u011f\u0131z.&#8217; D\u00fcr\u00fcst olal\u0131m, samimi olal\u0131m. &#8216;Bir haftada, 15 g\u00fcnde hemen anayasa de\u011fi\u015fikli\u011fini yapar\u0131z&#8217; diyenler; daha 1,5 sene varken &#8216;se\u00e7im geldi&#8217; diye yak\u0131nan siz de\u011fil miydiniz? \u015eimdi nas\u0131l oluyor da 15 g\u00fcnde bu i\u015fi hallediyorsunuz? \u00d6b\u00fcr tarafta kendi  partisinin t\u00fcz\u00fc\u011f\u00fcyle ilgili, &#8216;bu kadar zamanda t\u00fcz\u00fck de\u011fi\u015fikli\u011fi olmaz, daha sonra bunu yapar\u0131z&#8217; diyen de kendileri. Yani T\u00fcrkiye Cumhuriyetinin Anayasas\u0131 senin t\u00fcz\u00fc\u011f\u00fcnden \u00e7ok daha basit mi, \u00e7ok daha tez zaman m\u0131 biter? Onlar bunlar\u0131 konu\u015fadursun, biz i\u015fimize bakaca\u011f\u0131z. Verdi\u011fimiz s\u00f6zlerin arkas\u0131nda duraca\u011f\u0131z. 12 Eyl\u00fcl&#8217;de milletimizin \u00e7izdi\u011fi tablo ile T\u00fcrkiye&#8217;de sorunlar\u0131n \u00e7\u00f6z\u00fcm\u00fc daha kolayla\u015f\u0131yor. 1 Kas\u0131m&#8217;dan itibaren \u00e7ok daha farkl\u0131 bir s\u00fcre\u00e7 ba\u015fl\u0131yor. \u0130n\u015fallah bunu ba\u015faraca\u011f\u0131z.&#8221;<\/p>\n<p style=\"text-align: justify;\"><strong>Anayasa de\u011fi\u015fikli\u011fi se\u00e7imden sonra <\/strong><\/p>\n<p style=\"text-align: justify;\">Ba\u015fbakan Erdo\u011fan, bir taraftan bu \u00e7al\u0131\u015fma y\u00fcr\u00fcrken, bir taraftan da b\u00fct\u00e7e m\u00fczakerelerinin ba\u015flad\u0131\u011f\u0131n\u0131 ve yo\u011fun bir meclis \u00e7al\u0131\u015fmas\u0131 s\u00fcrecinin bulundu\u011funu kaydetti.<\/p>\n<p style=\"text-align: justify;\">Burada milleti farkl\u0131 yerlere do\u011fru kanalize etme gayretlerinin olaca\u011f\u0131n\u0131 dile getiren Erdo\u011fan, bu oyuna te\u015fkilat olarak gelmeyeceklerini, kimseye de bu konuda cevap vermeye gerek olmad\u0131\u011f\u0131n\u0131 s\u00f6yledi.<\/p>\n<p style=\"text-align: justify;\">Erdo\u011fan, &#8220;Biz takvimimizi belirledik. \u015eu anda yeni bir Anayasa m\u0131? Evet. Biz de yeni bir anayasadan yanay\u0131z. bundan hi\u00e7bir \u015f\u00fcphemiz yok. Bunu se\u00e7im \u00f6ncesi, se\u00e7im ak\u015fam\u0131 yine s\u00f6yledik. Ve ne dedik? &#8216;B\u00fct\u00fcn siyasi partiler hemen haz\u0131rl\u0131klar\u0131na ba\u015flas\u0131n.&#8217; 2011 se\u00e7imlerine kadar haz\u0131rl\u0131klar\u0131 yapal\u0131m. 2011 se\u00e7imlerinden sonra meclisteki tabloya g\u00f6re hemen meclis ba\u015fkanl\u0131\u011f\u0131na m\u00fcracaat\u0131 yapal\u0131m ve diyelim ki, &#8216;daha \u00f6nce de biz s\u00f6ylemi\u015ftik, demi\u015ftik ki, &#8216;2 mi olur, 3 m\u00fc olur, her siyasi parti anayasa komisyonuna \u00fcye versin. Sizlerin riyasetinde bu \u00e7al\u0131\u015fmay\u0131 yapal\u0131m. Bir konsens\u00fcsle anayasay\u0131 \u00e7\u0131karal\u0131m.&#8217; Bunu teklif ettik.<\/p>\n<p style=\"text-align: justify;\">Y\u00fczde 65 parlamentoda \u00e7o\u011funlu\u011fa sahibiz, biz 2 \u00fcye teklif ettik, kar\u015f\u0131m\u0131zda y\u00fczde 35 var onlar 6 \u00fcye. Ona bile &#8216;evet&#8217; diyemediler. Neden? \u00e7\u00fcnk\u00fc d\u00fcr\u00fcst de\u011filler. Uzla\u015fmadan yana olan\u0131n kim oldu\u011fu ortada. Ama yine bizi uzla\u015fmaz g\u00f6sterdiler. Fakat hi\u00e7 \u00f6nemli de\u011fil. Biz yolumuza kararl\u0131l\u0131kla devam edece\u011fiz. AK Parti olarak 12 Eyl\u00fcl&#8217;de milletimizin bize verdi\u011fi yetkiyle verdi\u011fimiz s\u00f6z\u00fcn arkas\u0131nday\u0131z. 2011 se\u00e7imlerinin hemen akabinde biz \u015fu anda yeni bir anayasayla ilgili \u00e7al\u0131\u015fmalar\u0131 ba\u015flatt\u0131k. G\u00f6revlendirmelerimizi yapt\u0131k.<\/p>\n<p style=\"text-align: justify;\">\u015eu anda g\u00f6rev verdi\u011fim arkada\u015flar\u0131m bunu halka halka geni\u015fletecekler ve biz 2011&#8217;e kadar t\u00fcm haz\u0131rl\u0131klar\u0131m\u0131z\u0131 bitirece\u011fiz. 2011 se\u00e7iminden sonra da ad\u0131m\u0131m\u0131z\u0131 ataca\u011f\u0131z. Kim samimidir, kim samimi de\u011fildir? bunu o zaman da g\u00f6rece\u011fiz. Zaten b\u00fcy\u00fck ihtimalle 2011 se\u00e7im kampanyas\u0131 a\u011f\u0131rl\u0131kl\u0131 olarak da yeni bir anayasa \u00fczerine tesis edilecek. Onun i\u00e7in biz haz\u0131rl\u0131klar\u0131m\u0131z\u0131 yap\u0131yoruz.&#8221;<\/p>\n<p style=\"text-align: justify;\"><strong>HSYK ve Anayasa Mahkemesi <\/strong><\/p>\n<p style=\"text-align: justify;\">Erdo\u011fan, 13 Eyl\u00fcl sabah\u0131 yeni bir T\u00fcrkiye&#8217;ye uyand\u0131klar\u0131n\u0131, birka\u00e7 hafta \u00f6ncesine kadar 26 maddeden olu\u015fan anayasayla ilgili \u00e7al\u0131\u015fmalar\u0131 ba\u015flatt\u0131klar\u0131n\u0131 ve ge\u00e7ici maddeyle ilgili olarak, yani Anayasa Mahkemesinin olu\u015fumu ve HSYK ile alakal\u0131 yo\u011fun bir \u00e7al\u0131\u015fma bulundu\u011funu kaydetti.<\/p>\n<p style=\"text-align: justify;\">En son 17 Ekim&#8217;de bu i\u015fin bitece\u011fini ifade eden Erdo\u011fan, parlamentoda barolardan gelen 3 isimden biri ile Say\u0131\u015ftay&#8217;dan gelecek 3 isimden birinin Anayasa Mahkemesi&#8217;ne se\u00e7ilece\u011fini ve b\u00f6ylece 17 ki\u015fiden olu\u015fan bir Anayasa mahkemesi&#8217;nin te\u015fekk\u00fcl edece\u011fini bildirdi.<\/p>\n<p style=\"text-align: justify;\">\u015eu anda yedeklerin as\u0131l \u00fcye oldu\u011funu, 15&#8217;inin te\u015fekk\u00fcl etti\u011fini, 2 eksi\u011fin de mecliste yap\u0131lacak se\u00e7imle bitmi\u015f olaca\u011f\u0131n\u0131 aktaran Ba\u015fbakan Erdo\u011fan, ard\u0131ndan \u015fu anda m\u00fcraacatlar\u0131 biten ve 17 Ekim&#8217;de se\u00e7imi yap\u0131lacak olan HSYK ile ilgili \u00e7al\u0131\u015fmalar oldu\u011funu \u015fu anda herkesin kendine g\u00f6re \u00e7al\u0131\u015fmas\u0131n\u0131, kulisini yapt\u0131\u011f\u0131n\u0131 s\u00f6yledi.<\/p>\n<p style=\"text-align: justify;\">AK Parti Genel Ba\u015fkan\u0131 ve Ba\u015fbakan Erdo\u011fan, &#8220;Temenni ederim ki HSYK&#8217;da da yarg\u0131m\u0131z 17 Ekim&#8217;de \u00e7ok \u00e7ok demokratik, \u00f6nyarg\u0131s\u0131z bir g\u00fcc\u00fc yakalar ve b\u00f6ylece o b\u00fcy\u00fck eksi\u011fi millet\u00e7e gidermi\u015f oluruz. Burada k\u00fcrs\u00fc hakim ve savc\u0131lar\u0131n\u0131n \u00fczerinde \u00e7ok \u00e7ok demokratik mesuliyet, sorumluluk var. Onlar ilk derece mahkemelerinden se\u00e7imleri yapacaklar ve b\u00f6ylece HSYK&#8217;da da 22 ki\u015fiden olu\u015fan yap\u0131 te\u015fekk\u00fcl etmi\u015f olacak. &#8221; dedi.<\/p>\n<p style=\"text-align: justify;\">&#8216;<strong>Yanda\u015f yarg\u0131<\/strong>&#8216; ele\u015ftirilerine de i\u015faret eden Erdo\u011fan, \u015f\u00f6yle devam etti:<\/p>\n<p style=\"text-align: justify;\">&#8220;\u015eu anda bizim orada temsilcimiz durumunda olan Adalet Bakan\u0131n\u0131n yetkileri hi\u00e7bir d\u00f6nemde olmad\u0131\u011f\u0131 kadar\u0131yla tra\u015fland\u0131. Bizden \u00f6ncekiler bunu yapmad\u0131. Biz yapt\u0131k. Ne kadar samimi oldu\u011fumuzu g\u00f6stermesi a\u00e7\u0131s\u0131ndan bu \u00e7ok \u00f6nemli. Biz yetkilerini b\u00fcy\u00fck \u00f6l\u00e7\u00fcde ald\u0131k ve burada da samimiyetimizi herkes g\u00f6rs\u00fcn istedik. Ama tabii g\u00f6z\u00fc olup da g\u00f6rmeyenler var. Onlar yine bildiklerini okuyacaklar. Vars\u0131n okusunlar. Biz do\u011fruyu yapt\u0131\u011f\u0131m\u0131za inan\u0131yoruz. \u0130nan\u0131yoruz ki bug\u00fcn 11 bini a\u015fk\u0131n birinci derece mahkemelerdeki hakimler, savc\u0131lar, onlar bu \u00fclkenin hakimi savc\u0131s\u0131, bunlar\u0131 biz atamad\u0131k. \u00c7ok c\u00fczi miktarda bizim yapt\u0131\u011f\u0131m\u0131z<\/p>\n<p style=\"text-align: justify;\">atama var. Bizden \u00f6nce yap\u0131lm\u0131\u015f olan atamalar var a\u011f\u0131rl\u0131kl\u0131 olarak. Birinci derece mahkemelerde zaten bizim d\u00f6nemimizde  yap\u0131lm\u0131\u015f atama s\u00f6z konusu olamaz.<\/p>\n<p style=\"text-align: justify;\">\u00c7\u00fcnk\u00fc onlar\u0131n 15 y\u0131l\u0131 doldurmalar\u0131 gerekiyor. Bizim daha iktidarda oldu\u011fumuz s\u00fcre 8 y\u0131l. Zaten bizim getirmi\u015f olduklar\u0131m\u0131z\u0131n b\u00f6yle bir yere gelmesi de s\u00f6z konusu de\u011fil. Ama bunu bile sa\u011fa sola kayd\u0131r\u0131yorlar. Ama milletim bunlar\u0131 g\u00f6r\u00fcyor ve g\u00f6rd\u00fc\u011f\u00fc i\u00e7indir ki 12 Eyl\u00fcl&#8217;de karar\u0131n\u0131 &#8216;evet&#8217; olarak verdi.&#8221;<\/p>\n<p style=\"text-align: justify;\">&#8220;<strong>Evet de kazanacak hay\u0131r da kazanacak<\/strong>&#8221; diyen Erdo\u011fan, konu\u015fmas\u0131n\u0131 \u015f\u00f6yle s\u00fcrd\u00fcrd\u00fc:<\/p>\n<p style=\"text-align: justify;\">&#8220;Bir anda borsa nereden nereye geldi. Biz g\u00f6reve geldi\u011fimizde 10 binde ba\u015flad\u0131. \u015eimdi 66 binin kap\u0131s\u0131n\u0131 \u00e7ald\u0131. Ben kimseyi damgalam\u0131yorum. Ama o borsada asete olanlar\u0131n b\u00fcy\u00fck \u00e7o\u011funlu\u011fu Allah\u0131 var &#8216;hay\u0131r&#8217;c\u0131d\u0131r. Ve onlar kazand\u0131 i\u015fte. Kazand\u0131lar. Biz onlar\u0131 \u00e7eteleye tabi tutmad\u0131k. Derdimiz o de\u011fil. &#8216;Hay\u0131r&#8217; da desen, &#8216;evet&#8217; de desen y\u00fcre\u011finle kendini a\u00e7\u0131k \u015fekilde ortaya koy \u00e7ekinme. Demokrasinin g\u00fczelli\u011fi bu. Muhalefetinin iktidara katk\u0131s\u0131n\u0131n olmad\u0131\u011f\u0131 bir demokrasi olmaz. Muhalif olursun ama iktidara katk\u0131n olur. Bat\u0131l\u0131 demokrasilerde bunu g\u00f6r\u00fcyorsunuz ama bizde bunu hala g\u00f6remiyoruz. Olacak m\u0131 bu? Evelallah olacak. Er ya da ge\u00e7 olacak. Niye? ba\u015fka bunun \u00e7\u0131k\u0131\u015f\u0131 yok. E\u011fer demokrasiye inanm\u0131\u015fsan hele hele &#8216;ileri demokrasi&#8217; diyorsan, bunu yapacaks\u0131n. Biz buna do\u011fru yolculu\u011fa \u00e7\u0131kt\u0131k, bunu ba\u015faraca\u011f\u0131z. &#8220;<\/p>\n<p style=\"text-align: justify;\">Ba\u015fbakan Erdo\u011fan, AK Parti Geni\u015fletilmi\u015f \u0130l Divan Toplant\u0131s\u0131&#8217;nda yapt\u0131\u011f\u0131 konu\u015fmada, bu \u00fclkenin Diyanet \u0130\u015fleri Ba\u015fkanl\u0131\u011f\u0131 diye bir kurumunun bulundu\u011funu, bu kurumun T\u00fcrkiye&#8217;nin en \u00f6nemli ve ciddi kurumlar\u0131ndan biri oldu\u011funu vurgulad\u0131.<\/p>\n<p style=\"text-align: justify;\">Yeni bir anayasa istedi\u011fini kaydeden Erdo\u011fan, K\u0131l\u0131\u00e7daro\u011flu&#8217;na yeni anayasan\u0131n uzun s\u00fcrebilece\u011fini s\u00f6yledi\u011fini belirterek, s\u00f6zlerini \u015f\u00f6yle s\u00fcrd\u00fcrd\u00fc:<\/p>\n<p style=\"text-align: justify;\"><strong>Anayasa de\u011fi\u015fikli\u011fini t\u00fcrbana ba\u011fl\u0131yor <\/strong><\/p>\n<p style=\"text-align: justify;\">&#8220;3 maddelik bir ba\u015f\u00f6rt\u00fcs\u00fc meselesi var. Meydanda da s\u00f6z verdiniz. &#8216;Biz bunu \u00e7\u00f6zeriz&#8217; dediniz. Hemen gelin bunu \u00e7\u00f6zelim. Fazla vaktimizi de almaz. Hemen bir ka\u00e7 g\u00fcnl\u00fck olay. Gelin bunu yapal\u0131m. Biz de bunu \u00e7\u00f6zmek istiyoruz. Gelin ba\u015flayal\u0131m. Siz talimat\u0131n\u0131z\u0131 verin, ben de talimat\u0131m\u0131 hemen vereyim. Diyanet \u0130\u015fleri Ba\u015fkanl\u0131\u011f\u0131m\u0131z zaten haz\u0131r. Ama siz Diyanet \u0130\u015fleri Ba\u015fkanl\u0131\u011f\u0131na da inanm\u0131yorsan\u0131z, kimlerden istifade etmek istiyorsan\u0131z onlar\u0131 da davet edin. Biz de yard\u0131mlar\u0131n\u0131 talep edece\u011fimiz bilim adamlar\u0131n\u0131 davet edelim. Birlikte bu \u00e7al\u0131\u015fmay\u0131 yaps\u0131nlar. Ondan sonra ad\u0131m\u0131 atal\u0131m. Karar\u0131 verelim i\u015fi bitirelim. Kendilerine bunu s\u00f6yledim.<\/p>\n<p style=\"text-align: justify;\">Bu konular Avrupa \u0130nsan Haklar\u0131 Mahkemesi&#8217;ne g\u00f6t\u00fcr\u00fclmez. Bu konular yarg\u0131da, \u015furada burada neticesi belirlenen konular de\u011fil. &#8216;Ben inanc\u0131mdan \u00f6t\u00fcr\u00fc ba\u015f\u0131m\u0131 \u00f6rt\u00fcyorum&#8217; diyen bir k\u0131za dayatma yap\u0131lamaz, yapamazs\u0131n\u0131z. Onun i\u00e7in bu anayasa kampanyas\u0131nda dikkat ederseniz ileri demokrasi, \u00f6zg\u00fcrl\u00fckler inan\u00e7 \u00f6zg\u00fcrl\u00fc\u011f\u00fc, e\u011fitim \u00f6zg\u00fcrl\u00fc\u011f\u00fc bunlar\u0131 halletmekten daha do\u011fal ne olabilir? Gelin bunu halledelim. Ama samimi de\u011filseniz, yine geri ad\u0131m atacaksan\u0131z, yine \u00e7ark edeceksiniz, l\u00fctfen en az\u0131ndan milletin de\u011ferleriyle gen\u00e7 k\u0131zlar\u0131n umuduyla oynamay\u0131n. D\u00fcn bize, &#8216;anayasa de\u011fi\u015fikli\u011fini ni\u00e7in aceleye getiriyorsunuz? Ni\u00e7in yeni d\u00f6nemi beklemiyorsunuz?&#8217; diyenler, Anayasa de\u011fi\u015fikli\u011fine bu gerek\u00e7eyle kar\u015f\u0131 \u00e7\u0131kanlar, \u015fimdi maalesef Anayasa de\u011fi\u015fikli\u011fiyle ilgili olarak s\u00fcrekli g\u00fcndemde bunu tutuyorlar. Bu kadar s\u00fcrede anayasa yap\u0131l\u0131r m\u0131? Kat\u0131l\u0131mc\u0131 bir s\u00fcre\u00e7 i\u015fletilebilir mi? uzla\u015fma sa\u011flan\u0131r m\u0131? Hi\u00e7bir konuda g\u00f6r\u00fc\u015fmeyi de\u011fil, her konuda \u00e7al\u0131\u015fan arkada\u015flar\u0131n\u0131 havale edenler, bu kadar k\u0131sa zamanda hangi konuyu neyi ortaya koyacaklar? merakla bekliyoruz. \u00c7\u00fcnk\u00fc bu i\u015f f\u0131nd\u0131k, f\u0131st\u0131k meselesi de\u011fil. Kay\u0131s\u0131 meselesi de\u011fil.&#8221;<\/p>\n<p style=\"text-align: justify;\"><strong>Tophane olaylar\u0131<\/strong><\/p>\n<p style=\"text-align: justify;\">Ba\u015fbakan Erdo\u011fan, g\u00fcndemde Y\u00d6K meselesinin tutuldu\u011funa da i\u015faret ederek, kendilerinin bu meselede de samimi olduklar\u0131n\u0131 s\u00f6yledi.<\/p>\n<p style=\"text-align: justify;\">&#8220;Bu \u00fclkenin birli\u011fi, b\u00fct\u00fcnl\u00fc\u011f\u00fc, bu \u00fclkenin bayra\u011f\u0131 ve \u0130stiklal Mar\u015f\u0131, bu \u00fclkenin dili resmi dil olarak s\u00f6yl\u00fcyorum, bunun alt\u0131n\u0131 tekrar \u00e7iziyorum, resmi dil olarak s\u00f6yl\u00fcyorum, bu \u00fclkenin dili, bu \u00fclkenin kutsal de\u011ferleri her t\u00fcrl\u00fc tart\u0131\u015fman\u0131n ve siyasi polemi\u011fin \u00fczerindedir&#8221; diyen Erdo\u011fan, konu\u015fmas\u0131nda Tophane&#8217;de meydana gelen olaylara da at\u0131fta bulunarak, \u015f\u00f6yle devam etti:<\/p>\n<p style=\"text-align: justify;\">&#8220;Tophane&#8217;de meydana gelen olaylar \u00fczerinden yeni bir kutupla\u015fma kampanyas\u0131 ba\u015flat\u0131lmak istendi. Topluma kayg\u0131 ve korku pompalanmak istendi. Tabii ki bu tuza\u011fa d\u00fc\u015fmedik. Sa\u011fduyu i\u00e7inde, akl\u0131 selimle hareket ettik. O tuzaklar bo\u015fa \u00e7\u0131kt\u0131. Ayn\u0131 \u015fekilde konserlerde, uluslararas\u0131 spor organizasyonlar\u0131nda yap\u0131lan \u00e7irkin protestolara, partimize, partililere y\u00f6nelik sald\u0131r\u0131lara<\/p>\n<p style=\"text-align: justify;\">tahamm\u00fcls\u00fczl\u00fck g\u00f6sterilerine aldan\u0131p, ayn\u0131 dille mukabele etmedik. AK Parti&#8217;yi tahamm\u00fcls\u00fczl\u00fck, ho\u015fg\u00f6r\u00fcs\u00fczl\u00fck tuza\u011f\u0131na \u00e7ekmek isteyenler 8 y\u0131l boyunca hayal k\u0131r\u0131kl\u0131\u011f\u0131 ya\u015fad\u0131lar. Bak\u0131n biz 12 Eyl\u00fcl ak\u015fam\u0131 otomobil konvoylar\u0131yla, bir zafer sarho\u015flu\u011fu i\u00e7inde caddelere, sokaklara d\u00f6k\u00fclmedik. Dedik ki, &#8216;biz birilerinin yapt\u0131\u011f\u0131 gibi zafer sarho\u015fu olmayaca\u011f\u0131z, biz bu neticeyi de olgunlukla kar\u015f\u0131layaca\u011f\u0131z. Bununla da biz bir ders verece\u011fiz.&#8221;<\/p>\n<p style=\"text-align: justify;\">Bu olgunlu\u011fun da g\u00f6sterildi\u011fini ifade eden Erdo\u011fan, bunlar\u0131n siyasette birer ilk oldu\u011funu s\u00f6yledi.<\/p>\n<p style=\"text-align: justify;\">AK Parti Genel Ba\u015fkan\u0131 Erdo\u011fan, &#8220;Zira biz birle\u015ftirici olmaya, b\u00fct\u00fcnle\u015ftirici olmaya, \u00fclkeyi b\u00fcy\u00fctmeye, milleti huzur ve refaha ula\u015ft\u0131rmaya devam edece\u011fiz. Biz karde\u015fli\u011fimizi peki\u015ftirmenin, karde\u015fli\u011fimizi \u00e7ok daha ileri seviyelere ta\u015f\u0131man\u0131n gayreti i\u00e7inde olmaya devam edece\u011fiz. \u015eu anda birileri b\u00f6l\u00fcnme gibi, par\u00e7alanma gibi, ihanet gibi kavramlar\u0131 ulu orta kullanarak, semboller \u00fczerinden istismara y\u00f6nelerek, yeni kutupla\u015ft\u0131rmalar \u00fcretmeye \u00e7al\u0131\u015f\u0131yor. Ayakta kalabilmek i\u00e7in milletin duygular\u0131n\u0131 istismar etmekten \u00e7ekinmeyeler her zaman kaybederler&#8221; diye konu\u015ftu.<\/p>\n<p style=\"text-align: justify;\">Kendilerinin ne MHP, ne CHP, ne de BDP&#8217;nin y\u00f6netimiyle i\u015flerinin olmad\u0131\u011f\u0131n\u0131 da kaydeden Erdo\u011fan, &#8220;Biz MHP&#8217;li karde\u015flerimize sesleniyoruz, biz CHP&#8217;ye g\u00f6n\u00fcl vermi\u015f karde\u015flerimize sesleniyoruz, BDP&#8217;ye g\u00f6n\u00fcl vermi\u015f karde\u015flerimize sesleniyoruz. Diyoruz ki; &#8216;l\u00fctfen bizi iyi izleyin, iyi takip edin, biz bu \u00fclkede milletimiz i\u00e7in ne yapt\u0131k? Size hizmetkar olmaktan ba\u015fka ne yapt\u0131k? Bir efendi olma sevdam\u0131z oldu mu? Bunlar\u0131 bir izleyin.&#8217; Biz milletimize efendi olmaya gelmedik, biz milletimizin hizmetkar\u0131 olmaya geldik. Bu anlay\u0131\u015fla bu yolculu\u011fa devam edece\u011fiz&#8221; \u015feklinde konu\u015ftu.<\/p>\n<p style=\"text-align: justify;\"><strong>Ani harabelerinde cuma namaz\u0131 <\/strong><\/p>\n<p style=\"text-align: justify;\">Milletin verdi\u011fi mesaj\u0131 anlaman\u0131n, milletin rotas\u0131n\u0131 izlemenin \u00f6nemini dile getiren Erdo\u011fan, milletin hissiyat\u0131n\u0131 istismar edenlerin ise \u00e7\u0131kmaz soka\u011fa girece\u011fini s\u00f6yledi.<\/p>\n<p style=\"text-align: justify;\">Ba\u015fbakan Erdo\u011fan, konu\u015fmas\u0131nda \u015funlar\u0131 ifade etti:<\/p>\n<p style=\"text-align: justify;\">&#8220;Ayn\u0131 ki\u015filer b\u0131rak\u0131n sorunlar\u0131n \u00e7\u00f6z\u00fcm\u00fcne destek vermeyi, bug\u00fcne kadar alternatif olacak, derde deva olacak tek bir \u00e7\u00f6z\u00fcm \u00f6nerisini milletin g\u00fcndemine ta\u015f\u0131m\u0131\u015f de\u011filler. \u0130\u015fte bak\u0131n, liderlerden bir tanesi Kars Ani harabelerine gitti. Allah kabul etsin orada bir cuma namaz\u0131 k\u0131ld\u0131lar. Ama bak\u0131n onlar\u0131n Ani harabeleri akl\u0131na gelmedi\u011fi d\u00f6nemde biz Ani harabelerine 42 kilometrelik duble yolu yapt\u0131k.&#8221;<\/p>\n<p style=\"text-align: justify;\">Ani harebelerini ziyareti s\u0131ras\u0131nda bir k\u00f6y evine misafir oldu\u011funu, orada kendilerini a\u011f\u0131rlad\u0131klar\u0131n\u0131 da anlatan Erdo\u011fan, kendilerine kete, \u00e7ay yap\u0131ld\u0131\u011f\u0131n\u0131, tulum peyniri, bal ikram edildi\u011fini s\u00f6yledi.<\/p>\n<p style=\"text-align: justify;\">\u00c7oban olan evin efendisinin ise bir s\u00fcre sonra kendilerine kat\u0131ld\u0131\u011f\u0131n\u0131 dile getiren Erdo\u011fan, &#8220;Epeyce aradan sonra evin efendisi de geldi. S\u00fcr\u00fclerin kokusu da daha \u00fczerindeydi. Onlarla beraber oturduk, dertle\u015fmeye ba\u015flad\u0131k. Bizim Ani harebeleriyle hayat\u0131m\u0131z bu, ili\u015fkimiz bu. \u015eimdi orada duble yol var. O duble yolla Ani harabeleri, yap\u0131lacak yat\u0131r\u0131mlarla \u00e7ok farkl\u0131 bir konuma gelecek. Turizmde \u00e7ok daha farkl\u0131 bir konuma gelecek&#8221; dedi.<\/p>\n<p style=\"text-align: justify;\">Kars&#8217;\u0131n k\u0131\u015f\u0131 ve kar\u0131n\u0131n \u00e7ok g\u00fczel oldu\u011funu ve oraya y\u00f6nelik yap\u0131lan ciddi yat\u0131r\u0131mlar\u0131n da bulundu\u011funu belirten Erdo\u011fan, \u0130stanbul&#8217;dan oraya Uluda\u011f&#8217;dan daha k\u0131sa bir zamanda ula\u015fman\u0131n m\u00fcmk\u00fcn oldu\u011funu, tesisler bitti\u011fi zaman oralar\u0131n da ciddi bir cazibe merkezi haline gelece\u011fini kaydetti.<\/p>\n<p style=\"text-align: justify;\">81 vilayetin k\u00f6yleriyle her \u015feyiyle i\u00e7 i\u00e7e olduklar\u0131n\u0131 da anlatan Erdo\u011fan, ya\u015fam \u015fekillerinin bu oldu\u011funu s\u00f6yledi.<\/p>\n<p style=\"text-align: justify;\"><strong>&#8220;Bu \u00fclkenin resmi dili&#8230;&#8221; <\/strong><\/p>\n<p style=\"text-align: justify;\">&#8220;Bizim her zamankinden daha fazla huzura ihtiyac\u0131m\u0131z var&#8221; diyen Erdo\u011fan, huzura \u00e7ok daha yak\u0131n olundu\u011funu da belirtti.<\/p>\n<p style=\"text-align: justify;\">Ba\u015fbakan Erdo\u011fan, \u015f\u00f6yle devam etti:<\/p>\n<p style=\"text-align: justify;\">&#8220;Tahrike, k\u0131\u015fk\u0131rtmaya, \u00f6fkeli a\u00e7\u0131klamalarla b\u00f6l\u00fcc\u00fcl\u00fck, ihanet gibi kavramlarla s\u00fcreci baltalama gayreti g\u00f6sterenler, milletin de, tarihin de \u00f6n\u00fcnde hesap veremezler. Bizi millet tan\u0131yor. Milletin tan\u0131mas\u0131 yeter. Bizim kimseye bu noktada halk\u0131m\u0131zdan ba\u015fka hesap verme gibi, Allah&#8217;tan ba\u015fka hesap verme gibi derdimiz yok. Bu \u00fclkenin birli\u011fi, b\u00fct\u00fcnl\u00fc\u011f\u00fc, bu \u00fclkenin bayra\u011f\u0131 ve \u0130stiklal Mar\u015f\u0131, bu \u00fclkenin dili resmi dil olarak s\u00f6yl\u00fcyorum, bunun alt\u0131n\u0131 tekrar \u00e7iziyorum, resmi dil olarak s\u00f6yl\u00fcyorum, bu \u00fclkenin dili, bu \u00fclkenin kutsal de\u011ferleri her t\u00fcrl\u00fc tart\u0131\u015fman\u0131n ve siyasi polemi\u011fin \u00fczerindedir.<\/p>\n<p style=\"text-align: justify;\">1071&#8217;de Malazgirt&#8217;ten itibaren bu topraklar\u0131 biz hep birlikte in\u015fa ettik. Bu topraklar\u0131 hep birlikte kendimize vatan edindik. Ortak de\u011ferleri birlikte in\u015faa etti\u011fimiz gibi ideallerimizi de ortak \u015fekillendirdik. Bizim mazimiz de birdir, kaderimiz de birdir. Karde\u015flik i\u00e7inde gelece\u011fe y\u00fcr\u00fcyece\u011fiz. Konu\u015farak, g\u00f6r\u00fc\u015ferek, isti\u015fare ederek sorunlar\u0131 \u00e7\u00f6zece\u011fiz. Her t\u00fcrl\u00fc meseleyi demokrasi i\u00e7inde, TBMM zemininde \u00e7\u00f6z\u00fcme kavu\u015fturaca\u011f\u0131z. Karar\u0131 ne olursa olsun her yerde, her zaman millet verecek, parlamento verecek.&#8221;<\/p>\n<p style=\"text-align: justify;\">AK Parti olarak her se\u00e7imden g\u00fc\u00e7l\u00fc bir \u015fekilde, ba\u015far\u0131yla ve gururlu bir \u015fekilde \u00e7\u0131kt\u0131klar\u0131n\u0131 belirten Erdo\u011fan, &#8220;Allah&#8217;a hamd olsun ki; hi\u00e7bir se\u00e7im sonucunun ard\u0131ndan rehavete kap\u0131lmad\u0131k, zafer mahmurlu\u011fu i\u00e7inde olmad\u0131k, \u015f\u0131marmad\u0131k, her seferinde yeni bir milat dedik, yeni bir ba\u015flang\u0131\u00e7 yapt\u0131k, her seferinde yeni bir sayfa a\u00e7t\u0131k&#8221; dedi.<\/p>\n<p style=\"text-align: justify;\">Her seferinde \u00e7\u0131tay\u0131 daha y\u00fckse\u011fe \u00e7ektiklerini, T\u00fcrkiye&#8217;ye hizmet yolunda rehavete, yorgunlu\u011fa ve b\u0131kk\u0131nl\u0131\u011fa asla prim vermediklerini de anlatan Erdo\u011fan, 13 Eyl\u00fcl sabah\u0131ndan bu yana her alanda iyi haberler al\u0131nd\u0131\u011f\u0131n\u0131 kaydetti. T\u00fcrkiye&#8217;nin b\u00fcy\u00fcmede 2010 y\u0131l\u0131 ikinci \u00e7eyre\u011finde de y\u00fczde 10,3 gibi bir oranla d\u00fcnya genelinde 3. s\u0131rada yer ald\u0131\u011f\u0131n\u0131 anlatan Erdo\u011fan, 15 Eyl\u00fcl&#8217;de i\u015fsizlik rakamlar\u0131n\u0131n a\u00e7\u0131kland\u0131\u011f\u0131n\u0131, Haziran ay\u0131nda i\u015fsizli\u011fin, ge\u00e7en y\u0131l Haziran ay\u0131na g\u00f6re 2,5 puan, y\u00fczde 10,5&#8217;a geriledi\u011finin \u00f6\u011frenildi\u011fini belirtti.<\/p>\n<p style=\"text-align: justify;\"><strong>Ger\u00e7ekten bir proje var m\u0131? <\/strong><\/p>\n<p style=\"text-align: justify;\">Erdo\u011fan, &#8220;\u00c7\u0131lg\u0131n Proje&#8217;yi a\u00e7\u0131klamayaca\u011f\u0131m. O sonraki i\u015f. Ama haz\u0131rl\u0131klar\u0131m\u0131z devam ediyor. O projeyi g\u00fcmb\u00fcr g\u00fcmb\u00fcr bas\u0131n toplant\u0131s\u0131yla a\u00e7\u0131klayaca\u011f\u0131z&#8221; dedi.<\/p>\n<p style=\"text-align: justify;\">Ula\u015ft\u0131rma Bakan\u0131n\u0131n bir s\u00fcre \u00f6nce \u0130stanbul-\u0130zmir otoban\u0131 ile ilgili bir a\u00e7\u0131klama yapt\u0131\u011f\u0131n\u0131 ve o a\u00e7\u0131klaman\u0131n kim vurduya gitti\u011fini s\u00f6yleyen Erdo\u011fan, Dilovas\u0131&#8217;ndan Hersek&#8217;e 3 kilometrelik k\u00f6pr\u00fc yap\u0131laca\u011f\u0131n\u0131 ve 2 y\u0131l i\u00e7inde bitece\u011fini anlatt\u0131.<\/p>\n<p style=\"text-align: justify;\">Marmaray Projesi&#8217;ni de hat\u0131rlatan Erdo\u011fan, lastikli t\u00fcp ge\u00e7i\u015f \u00e7al\u0131\u015fmalar\u0131n\u0131n son noktas\u0131na geldi\u011fini, 3. Bo\u011faz K\u00f6pr\u00fcs\u00fc i\u00e7in \u00e7al\u0131\u015fmalar\u0131n y\u00fcr\u00fcd\u00fc\u011f\u00fcn\u00fc de belirtti.<\/p>\n<p style=\"text-align: justify;\"><strong>9 ay sonra se\u00e7im <\/strong><\/p>\n<p style=\"text-align: justify;\">Ba\u015fbakan Erdo\u011fan, konu\u015fmas\u0131nda \u015funlar\u0131 dile getirdi:<\/p>\n<p style=\"text-align: justify;\">&#8220;Yakla\u015f\u0131k 9 ay sonra se\u00e7im. B\u00fcy\u00fck ihtimalle Haziran&#8217;\u0131n ilk haftas\u0131nda bunu ger\u00e7ekle\u015ftirmeyi planl\u0131yoruz. Ne yapacaksak, Mart&#8217;a kadar b\u00fct\u00fcn \u00f6n haz\u0131rl\u0131klar\u0131m\u0131z\u0131 bitirmemiz laz\u0131m. Te\u015fkilat olarak \u00e7ok g\u00fc\u00e7l\u00fc bir haz\u0131rl\u0131k, dinamik bir haz\u0131rl\u0131k&#8230; Rehavet olmayacak. 2011&#8217;de zaten bir taraftan te\u015fkilat\u0131m\u0131zda aday adaylar\u0131n\u0131n belirlenmesi ve Mart ba\u015f\u0131ndan itibaren aday tespit \u00e7al\u0131\u015fmalar\u0131na girece\u011fiz. B\u00fct\u00fcn aday tespit \u00e7al\u0131\u015fmalar\u0131nda liyakati esas almak suretiyle \u0130stanbulumuzu en g\u00fczel \u015fekilde temsil edecek adaylar\u0131m\u0131z\u0131 tespit etmemiz laz\u0131m.&#8221;<\/p>\n<p style=\"text-align: justify;\">Bu d\u00f6nemde partililerin &#8220;Acaba kim aday olursa, referandumda y\u00fczde 58&#8217;i bulduk, y\u00fczde 58&#8217;in \u00fczerinde bir oyla \u0130stanbul&#8217;dan \u00e7\u0131kar\u0131z&#8221; diye bakmas\u0131 gerekti\u011fini de ifade eden Erdo\u011fan, &#8220;Bu o kadar \u00f6nemli ki, bunu ba\u015fard\u0131\u011f\u0131m\u0131z anda evelallah bu ne demektir biliyor musunuz? T\u00fcrkiye diyecek ki; &#8216;partim, e\u011fer muhalefet, \u015funlar, bunlar size destek vermiyorsa bile anayasay\u0131 gelin siz de\u011fi\u015ftirin&#8217;.<\/p>\n<p style=\"text-align: justify;\"><a href=\"http:\/\/www.cnnturk.com\/2010\/turkiye\/10\/03\/basbakan.erdogan.secim.tarihini.acikladi\/591747.0\/index.html\" target=\"_blank\"><span style=\"color: #888888;\">CNN T\u00dcRK<\/span><\/a><\/p>\n","protected":false},"excerpt":{"rendered":"<p style=\"text-align: center;\">\n<p style=\"text-align: justify;\">\u0130stanbul&#8217;da yap\u0131lan AK Parti \u0130l Dan\u0131\u015fma Meclisi Toplant\u0131s\u0131&#8217;na kat\u0131lan Ba\u015fbakan Recep Tayyip Erdo\u011fan, 2011 y\u0131l\u0131 se\u00e7imlerinin Haziran ay\u0131n\u0131n ilk haftas\u0131nda yap\u0131laca\u011f\u0131n\u0131 a\u00e7\u0131klad\u0131.<\/p>\n<p style=\"text-align: justify;\">Ba\u015fbakan Erdo\u011fan, 2011 y\u0131l\u0131nda yap\u0131lacak olan se\u00e7imlerin &#8220;start&#8221;\u0131n\u0131 \u0130stanbul&#8217;dan verdi. <\/p>\n","protected":false},"author":1,"featured_media":0,"comment_status":"open","ping_status":"closed","sticky":false,"template":"","format":"standard","meta":{"footnotes":""},"categories":[105],"tags":[],"class_list":["post-26066","post","type-post","status-publish","format-standard","hentry","category-gundem","odd"],"_links":{"self":[{"href":"http:\/\/www.korhanyilmaz.com\/index.php?rest_route=\/wp\/v2\/posts\/26066","targetHints":{"allow":["GET"]}}],"collection":[{"href":"http:\/\/www.korhanyilmaz.com\/index.php?rest_route=\/wp\/v2\/posts"}],"about":[{"href":"http:\/\/www.korhanyilmaz.com\/index.php?rest_route=\/wp\/v2\/types\/post"}],"author":[{"embeddable":true,"href":"http:\/\/www.korhanyilmaz.com\/index.php?rest_route=\/wp\/v2\/users\/1"}],"replies":[{"embeddable":true,"href":"http:\/\/www.korhanyilmaz.com\/index.php?rest_route=%2Fwp%2Fv2%2Fcomments&post=26066"}],"version-history":[{"count":0,"href":"http:\/\/www.korhanyilmaz.com\/index.php?rest_route=\/wp\/v2\/posts\/26066\/revisions"}],"wp:attachment":[{"href":"http:\/\/www.korhanyilmaz.com\/index.php?rest_route=%2Fwp%2Fv2%2Fmedia&parent=26066"}],"wp:term":[{"taxonomy":"category","embeddable":true,"href":"http:\/\/www.korhanyilmaz.com\/index.php?rest_route=%2Fwp%2Fv2%2Fcategories&post=26066"},{"taxonomy":"post_tag","embeddable":true,"href":"http:\/\/www.korhanyilmaz.com\/index.php?rest_route=%2Fwp%2Fv2%2Ftags&post=26066"}],"curies":[{"name":"wp","href":"https:\/\/api.w.org\/{rel}","templated":true}]}}