{"id":26054,"date":"2010-10-03T12:22:25","date_gmt":"2010-10-03T09:22:25","guid":{"rendered":"http:\/\/www.korhanyilmaz.com\/?p=26054"},"modified":"2010-10-03T12:22:25","modified_gmt":"2010-10-03T09:22:25","slug":"kadir-topbas%e2%80%99in-bu-olayla-ilgisi-mi-var","status":"publish","type":"post","link":"http:\/\/www.korhanyilmaz.com\/?p=26054","title":{"rendered":"Kadir Topba\u015f&#8217;\u0131n Bu Olayla \u0130lgisi mi Var"},"content":{"rendered":"<p style=\"text-align: center;\"><a href=\"http:\/\/www.korhanyilmaz.com\/wp-content\/uploads\/2010\/10\/009.jpg\"  class=\"lightview\"><img loading=\"lazy\" decoding=\"async\" class=\"aligncenter size-full wp-image-26055\" src=\"http:\/\/www.korhanyilmaz.com\/wp-content\/uploads\/2010\/10\/009.jpg\" alt=\"\" width=\"419\" height=\"203\" \/><\/a><\/p>\n<p style=\"text-align: justify;\">\u00c7orum\u2019da 15 ya\u015f\u0131ndaki E.Y.\u2019nin eski Ensar Vakf\u0131 \u015eube Ba\u015fkan\u0131 Zekai \u0130\u015fler taraf\u0131ndan cinsel istismara u\u011frad\u0131\u011f\u0131n\u0131 \u015fikayet etmesiyle ba\u015flanan adli s\u00fcre\u00e7, mahkemenin verdi\u011fi \u00e7ok ilgin\u00e7 kararla T\u00fcrkiye\u2019nin g\u00fcndemine oturdu. Normal ko\u015fullar alt\u0131nda \u201cnitelikli cinsel istismar\u201d su\u00e7uyla yarg\u0131lanmas\u0131 gereken ve 15 y\u0131la kadar hapisle cezaland\u0131r\u0131lmas\u0131 gereken Zekai \u0130\u015fler Adli T\u0131p\u2019\u0131n verdi\u011fi rapora ra\u011fmen \u201ciyi hal\u201dden dolay\u0131 cezas\u0131 4 y\u0131l 8 aya kadar  d\u00fc\u015fm\u00fc\u015ft\u00fcr. <!--more--><\/p>\n<p style=\"text-align: justify;\">Mahkemenin sundu\u011fu gerek\u00e7eli karar ise \u201cDavan\u0131n yaratt\u0131\u011f\u0131 yank\u0131 dikkate al\u0131nd\u0131\u011f\u0131nda ma\u011fdurenin ruh ve beden sa\u011fl\u0131\u011f\u0131n\u0131n u\u011frad\u0131\u011f\u0131 cinsel istismar eyleminden mi yoksa \u015fikayet\u00e7i olduktan sonra ya\u015fad\u0131\u011f\u0131 geli\u015fmeler, ulusal bas\u0131n\u0131n ma\u011fdure \u00fczerinde yaratt\u0131\u011f\u0131 etki ve bask\u0131lar ile mi meydana geldi\u011fi hususunda \u015f\u00fcphe oldu. \u015e\u00fcpheden san\u0131k yararlan\u0131r ilkesi gere\u011fince karar verilmi\u015ftir.\u201d \u015feklinde karar verdi.<\/p>\n<p style=\"text-align: justify;\"><strong>ERENK\u00d6Y CEMAAAT\u0130 <\/strong><\/p>\n<p style=\"text-align: justify;\">Bu durum san\u0131\u011f\u0131 biri mi koruyor \u015feklinde kafalarda bir\u00e7ok soru i\u015fareti b\u0131rakm\u0131\u015fken, Ensar Vakf\u0131\u2019n\u0131n resmi internet sitesine girdi\u011fimizde sadece foto\u011fraflara bakarak Vakf\u0131n nas\u0131l bir vak\u0131f oldu\u011fu hemen anla\u015f\u0131l\u0131yor. \u00d6zellikle Vakf\u0131n genel olarak cemaatler ile ilgili d\u00fc\u015f\u00fcnceleri okununca ise vakf\u0131n bir cemaate ba\u011fl\u0131 oldu\u011funu anlamak i\u015ften bile olmuyor. Bu noktada sorulacak soru, hangi cemaate ba\u011fl\u0131 bu adamlar, oluyor ki burada da cevab\u0131 hemen verebiliriz Erenk\u00f6y Cemaati\u2019ne ba\u011fl\u0131lar. Erenk\u00f6y Cemaati Nak\u015fibendi gelene\u011finden bir cemaat ve daha ziyade esnaf ve i\u015fadamlar\u0131n\u0131n cemaati olarak g\u00f6ze \u00e7arp\u0131yor. Kelami Dergah\u0131 \u015feyhi Erbilli Mehmet Esat\u2019\u0131n cumhuriyet devrimleri sonucu tekkeler kapat\u0131l\u0131nca Erbil\u2019deki arazilerini sat\u0131p Erenk\u00f6y\u2019de bir k\u00f6\u015fke yerle\u015fmesi sonucu ismini bulan cemaat \u0130stanbul, Konya ve Ankara\u2019da etkin g\u00f6z\u00fck\u00fcyor. Ensar Vakf\u0131 ise bu cemaatte \u0130lim ve Hizmet Vakf\u0131, Hikmet Vakf\u0131 ve Aziz Mahmut H\u00fcdayi Vakf\u0131 gibi \u00f6n plana \u00e7\u0131kan vak\u0131flar\u0131ndan biri oluyor.<\/p>\n<p style=\"text-align: justify;\"><strong>ENSAR VAKFI<\/strong><\/p>\n<p style=\"text-align: justify;\"><span style=\"text-decoration: underline;\">Ensar Vakf\u0131 ile ilgili son derece ilgin\u00e7 bir di\u011fer bilgi ise Kadir Topba\u015f\u2019\u0131n da bu vakf\u0131 kurucular\u0131 aras\u0131nda oldu\u011fudur ve vakf\u0131n 370 bin TL\u2019lik kurulu\u015f sermayesinin 50 bin TL\u2019sinin Kadir Topba\u015f\u2019tan geldi\u011fidir, ki buradan \u0130stanbul y\u0131llard\u0131r bir cemaatin, Erenk\u00f6y Cemaati\u2019nin elinde mi, sorusu \u00e7\u0131kar, ki cevab\u0131n\u0131 i\u015fadam\u0131 ve esnaflar\u0131n cemaati olan Erenk\u00f6y Cemaati\u2019nin kazand\u0131\u011f\u0131 ihale ve arsalara bakarak anlamaya \u00e7al\u0131\u015faca\u011f\u0131z. Ancak bu sorunun cevab\u0131n\u0131 aramadan \u00f6nce vakf\u0131n ABD taraf\u0131ndan desteklendi\u011finin alt\u0131n\u0131 \u00e7izmekte yarar var. Milliyet Gazetesi\u2019nde ge\u00e7ti\u011fimiz y\u0131l \u00e7\u0131kan bir habere g\u00f6re ABD b\u00fcy\u00fckel\u00e7ili\u011fi Ensar Vakf\u0131\u2019na 129 bin dolarl\u0131k bir yard\u0131m yapt\u0131.<\/span><\/p>\n<p style=\"text-align: justify;\">Ensar Vakf\u0131 \u0130stanbul\u2019da ne gibi avantajlar elde etti, sorusuna geri d\u00f6nersek, elimizde \u00e7ok net iki bilgi var.Birincisi Yal\u00e7\u0131n Bayer\u2019in de k\u00f6\u015fesinde bildirmi\u015f oldu\u011fu 9,5 metreden daha y\u00fckse\u011fe ev yap\u0131lmamas\u0131 gereken Esenyurt\u2019taki Ensar Vakf\u0131\u2019n\u0131n sahip oldu\u011fu arazilere, 99,5 metrelik kulecikler dikilmesine izin verildi\u011fidir; ki 9,5 metre karar\u0131 rastgele al\u0131nm\u0131\u015f de\u011fil, jeolojik incelemeler sonucu insan hayat\u0131n\u0131 riske atmayan maksimum y\u00fcksekliktir. \u0130kincisi ise Ensar Vakf\u0131\u2019na metrekaresi 101 TL\u2019den satan K\u0130PTA\u015e\u2019\u0131n 10 ay sonra biti\u015fikteki arazileri 12 kat fiyata sat\u0131n almas\u0131d\u0131r. Bu durum halk\u0131n dikkatini \u00e7ekmi\u015f ve belediyenin, her \u015fey son derece rekabet\u00e7i ortamda yap\u0131ld\u0131, halk\u0131m\u0131z kesinlikle zarar g\u00f6rmedi a\u00e7\u0131klamas\u0131, ise kimseyi tatmin etmeyen bir a\u00e7\u0131klama olarak kalm\u0131\u015ft\u0131. Bunlar\u0131n d\u0131\u015f\u0131nda \u0130stanbul Belediyesi\u2019nde yap\u0131lan kimi atamalar\u0131n da Ensar Vakf\u0131 b\u00fcnyesindeki insanlar\u0131 bol bol bar\u0131nd\u0131rmas\u0131 gibi \u015f\u00fcphe uyand\u0131r\u0131c\u0131 durumlar da mevcut.<\/p>\n<p style=\"text-align: justify;\">Bu noktada \u0130stanbul\u2019u Ensar Vakf\u0131 ve onun ba\u011fl\u0131 oldu\u011fu Erenk\u00f6y Cemaati y\u00f6netiyor demememiz i\u00e7in hi\u00e7bir sebep yok; ancak bu cemaat yarg\u0131 alan\u0131na da m\u0131 s\u0131z\u0131yor sorusu da gitgide cevab\u0131n\u0131 bulmaya ba\u015fl\u0131yor.<\/p>\n<p style=\"text-align: justify;\"><span style=\"color: #888888;\">Haber Kayna\u011f\u0131 : Doruk Cengiz &#8211;\u00a0 <a href=\"http:\/\/www.odatv.com\/n.php?n=kadir-topbasin-bu-olayla-ilgisi-mi-var-0310101200\" target=\"_blank\">Odatv.com<\/a><\/span><\/p>\n","protected":false},"excerpt":{"rendered":"<p style=\"text-align: center;\">\n<p style=\"text-align: justify;\">\u00c7orum\u2019da 15 ya\u015f\u0131ndaki E.Y.\u2019nin eski Ensar Vakf\u0131 \u015eube Ba\u015fkan\u0131 Zekai \u0130\u015fler taraf\u0131ndan cinsel istismara u\u011frad\u0131\u011f\u0131n\u0131 \u015fikayet etmesiyle ba\u015flanan adli s\u00fcre\u00e7, mahkemenin verdi\u011fi \u00e7ok ilgin\u00e7 kararla T\u00fcrkiye\u2019nin g\u00fcndemine oturdu. Normal ko\u015fullar alt\u0131nda \u201cnitelikli cinsel istismar\u201d su\u00e7uyla yarg\u0131lanmas\u0131 gereken ve 15 y\u0131la kadar hapisle cezaland\u0131r\u0131lmas\u0131 gereken Zekai \u0130\u015fler Adli T\u0131p\u2019\u0131n verdi\u011fi rapora <\/p>\n","protected":false},"author":1,"featured_media":0,"comment_status":"open","ping_status":"closed","sticky":false,"template":"","format":"standard","meta":{"footnotes":""},"categories":[105],"tags":[],"class_list":["post-26054","post","type-post","status-publish","format-standard","hentry","category-gundem","odd"],"_links":{"self":[{"href":"http:\/\/www.korhanyilmaz.com\/index.php?rest_route=\/wp\/v2\/posts\/26054","targetHints":{"allow":["GET"]}}],"collection":[{"href":"http:\/\/www.korhanyilmaz.com\/index.php?rest_route=\/wp\/v2\/posts"}],"about":[{"href":"http:\/\/www.korhanyilmaz.com\/index.php?rest_route=\/wp\/v2\/types\/post"}],"author":[{"embeddable":true,"href":"http:\/\/www.korhanyilmaz.com\/index.php?rest_route=\/wp\/v2\/users\/1"}],"replies":[{"embeddable":true,"href":"http:\/\/www.korhanyilmaz.com\/index.php?rest_route=%2Fwp%2Fv2%2Fcomments&post=26054"}],"version-history":[{"count":0,"href":"http:\/\/www.korhanyilmaz.com\/index.php?rest_route=\/wp\/v2\/posts\/26054\/revisions"}],"wp:attachment":[{"href":"http:\/\/www.korhanyilmaz.com\/index.php?rest_route=%2Fwp%2Fv2%2Fmedia&parent=26054"}],"wp:term":[{"taxonomy":"category","embeddable":true,"href":"http:\/\/www.korhanyilmaz.com\/index.php?rest_route=%2Fwp%2Fv2%2Fcategories&post=26054"},{"taxonomy":"post_tag","embeddable":true,"href":"http:\/\/www.korhanyilmaz.com\/index.php?rest_route=%2Fwp%2Fv2%2Ftags&post=26054"}],"curies":[{"name":"wp","href":"https:\/\/api.w.org\/{rel}","templated":true}]}}