{"id":26047,"date":"2010-10-01T11:10:37","date_gmt":"2010-10-01T08:10:37","guid":{"rendered":"http:\/\/www.korhanyilmaz.com\/?p=26047"},"modified":"2010-10-01T11:10:37","modified_gmt":"2010-10-01T08:10:37","slug":"tusiaddan-hukumete-uc-konuya-dikkat","status":"publish","type":"post","link":"http:\/\/www.korhanyilmaz.com\/?p=26047","title":{"rendered":"T\u00dcS\u0130AD&#8217;dan h\u00fck\u00fcmete: \u00dc\u00e7 konuya dikkat"},"content":{"rendered":"<p><a href=\"http:\/\/www.korhanyilmaz.com\/wp-content\/uploads\/2010\/10\/007.jpg\"  class=\"lightview\"><img loading=\"lazy\" decoding=\"async\" class=\"aligncenter size-full wp-image-26048\" src=\"http:\/\/www.korhanyilmaz.com\/wp-content\/uploads\/2010\/10\/007.jpg\" alt=\"\" width=\"298\" height=\"189\" \/><\/a><\/p>\n<p style=\"text-align: justify;\">T\u00dcS\u0130AD Y\u00fcksek \u0130sti\u015fare Konseyi Ba\u015fkan\u0131 Ko\u00e7, ekonomi y\u00f6netimiyle ilgili \u00fc\u00e7 konuya dikkat \u00e7ekti ve bunlar\u0131 &#8220;mali disiplin, ba\u011f\u0131ms\u0131z kurumlar ve yap\u0131sal reformlar&#8221; olarak s\u0131ralad\u0131.<!--more--><\/p>\n<p style=\"text-align: justify;\"><strong>\u0130STANBUL<\/strong> &#8211; T\u00dcS\u0130AD Y\u00fcksek \u0130sti\u015fare Konseyi \u0130stanbul&#8217;da topland\u0131.<\/p>\n<p style=\"text-align: justify;\">Konseyin a\u00e7\u0131l\u0131\u015f\u0131nda konu\u015fan T\u00dcS\u0130AD Y\u0130K Ba\u015fkan\u0131 Mustafa Ko\u00e7 \u015funlar\u0131 s\u00f6yledi: &#8220;\u0130\u015fsizlik hala en b\u00fcy\u00fck problem olmakla birlikte d\u00fc\u015f\u00fc\u015f trendinde. Ekonomide b\u00fcy\u00fcme ikinci \u00e7eyrekte beklentileri a\u015ft\u0131. \u00d6n\u00fcm\u00fczdeki d\u00f6nem ekonomi y\u00f6netimiyle ilgili \u00fc\u00e7 konuya dikkat \u00e7ekmek istiyorum. Birincisi mali disiplin. Yerli ve yabanc\u0131 yat\u0131r\u0131mc\u0131ya ciddi bir yat\u0131r\u0131m ortam\u0131 sunmad\u0131\u011f\u0131m\u0131z zaman bu paran\u0131n ayn\u0131 h\u0131zla \u00e7\u0131kmas\u0131 muhtemeldir. Mali kurala destek verdik. Bizi bir ad\u0131m \u00f6ne \u00e7\u0131karaca\u011f\u0131na inand\u0131k. Ertelenmi\u015f olmas\u0131 mali disiplinin s\u00fcrd\u00fcr\u00fclemeyece\u011fi endi\u015fesini ta\u015f\u0131yor ancak h\u00fck\u00fcmetin g\u00fcven verici a\u00e7\u0131klamalar\u0131 olumlu. \u0130kinci \u00f6nemli konu ba\u011f\u0131ms\u0131z d\u00fczenleyici ve denetleyici kurumlar. Bu yap\u0131lar\u0131n ne kadar \u00f6nemli oldu\u011funu son 10 y\u0131lda anlad\u0131k. \u00dc\u00e7\u00fcnc\u00fc \u00f6nemli konu ise ekonomide uzun vadeli yap\u0131sal reformlara odaklanma gereklili\u011fi.<\/p>\n<p style=\"text-align: justify;\">AB m\u00fczakerelerinin devam\u0131 \u00f6nemini korumal\u0131d\u0131r. \u0130\u00e7inden ge\u00e7mekte oldu\u011fumuz de\u011fi\u015fim s\u00fcrecinde yo\u011fun bir reform g\u00fcndemimiz var. Avrupa&#8217;daki baz\u0131 siyasilerin s\u00f6ylediklerine kitlenerek kendi yolculu\u011fumuzu yava\u015flatmak ak\u0131lc\u0131 bir strateji olmayacakt\u0131r. AB&#8217;nin T\u00fcrkiye olmadan reform ger\u00e7ekle\u015ftirmesi \u00e7ok zor.<\/p>\n<p style=\"text-align: justify;\">Zaman zaman gereksiz ve sert tart\u0131\u015fmalara sahne olmakla birlikte referandum s\u00fcreci sa\u011fl\u0131kl\u0131 ge\u00e7ti. Yeni bir anayasa herkesin talebidir. Bunu yere getiren akt\u00f6rler s\u00fcrece katk\u0131da bulunma sorumlulu\u011fu ile kar\u015f\u0131 kar\u015f\u0131yad\u0131r. T\u00dcS\u0130AD olarak yeni anayasa \u00e7al\u0131\u015fmalar\u0131 i\u00e7in toplumsal uzla\u015fmay\u0131 benimsedik. \u00d6n\u00fcm\u00fczdeki aylarda g\u00fcndemde olacak yeni anayasa \u00e7al\u0131\u015fmalar\u0131n\u0131n geni\u015f bazl\u0131 m\u00fczakerelerle yap\u0131laca\u011f\u0131n\u0131 umuyoruz. Ancak bu \u015fekilde birlik kayna\u011f\u0131 olabilecektir.<\/p>\n<p style=\"text-align: justify;\">Yar\u0131n\u0131n f\u0131rsatlar\u0131n\u0131 ge\u00e7mi\u015ften gelen \u00f6nyarg\u0131lar\u0131m\u0131zla feda etmemeliyiz. D\u00fcne saplanmay\u0131 b\u0131rak\u0131p yar\u0131na odaklanmak gerekli. Birbirimizi ve kurumlar\u0131 ele\u015ftirdi\u011fimiz asl\u0131nda hepimizin var olan sorunlar\u0131. Su\u00e7lamalar\u0131m\u0131zda kurum ve ki\u015filere y\u00fcklendi\u011fimiz kadar sorunun kendisine de odaklanmak laz\u0131m.&#8221;<\/p>\n<p style=\"text-align: justify;\"><strong>BOYNER: YALAN YANLI\u015e TEZLERLE SALDIRDILAR<\/strong><\/p>\n<p style=\"text-align: justify;\">T\u00dcS\u0130AD Ba\u015fkan\u0131 \u00dcmit Boyner de \u015f\u00f6yle konu\u015ftu: &#8220;Referandumdan sonra yeni anayasa yapmaya haz\u0131r bir T\u00fcrkiye&#8217;de ya\u015f\u0131yoruz. T\u00fcrkiye&#8217;nin kendi i\u00e7ine d\u00f6nd\u00fc\u011f\u00fc bu zamanda d\u00fcnya da bo\u015f durmad\u0131. Yeniden yap\u0131lanmada ekonomi y\u00f6netiminde do\u011fru tercihleri yapm\u0131\u015f bir T\u00fcrkiye \u00f6n plana \u00e7\u0131kacakt\u0131r. Son d\u00f6nemde Anadolu sermayesi \u0130stanbul sermayesi ayr\u0131\u015ft\u0131rmas\u0131 yap\u0131l\u0131yor. Bize g\u00f6re ayr\u0131\u015fma kay\u0131t alt\u0131ndaki ve kay\u0131t d\u0131\u015f\u0131ndaki sermaye.<\/p>\n<p style=\"text-align: justify;\">Temel sorunlar\u0131m\u0131z\u0131n en ba\u015f\u0131nda K\u00fcrt meselesi geliyor. Tarihimizin hi\u00e7bir d\u00f6neminde olmad\u0131\u011f\u0131 kadar sorunu t\u00fcm boyutlar\u0131yla tart\u0131\u015f\u0131yoruz. K\u00fcrt meselesinin ayn\u0131 zamanda ulus \u00f6tesi bir boyutu da var. Gerek Barzani y\u00f6netimi ve ABD T\u00fcrkiye&#8217;yle bu konuda i\u015fbirli\u011fi yap\u0131yor. Ancak bunun yeterli olmad\u0131\u011f\u0131 s\u00fcrekli s\u00f6yleniyor. PKK \u015fiddetinin son bulmas\u0131 b\u00f6l\u00fcnme kayg\u0131lar\u0131n\u0131 ciddi \u015fekilde ortadan kald\u0131racakt\u0131r.<\/p>\n<p style=\"text-align: justify;\">Yalan yanl\u0131\u015f tezler \u00fczerinden T\u00dcS\u0130AD\u2019a sald\u0131rman\u0131n dayan\u0131lmaz hafifli\u011fiyle ba\u015flar\u0131 d\u00f6nenlere bu temel ilkeyi bir kez daha hat\u0131rlatmak istedim. Sonu\u00e7ta kendi i\u015flevini kapal\u0131 kap\u0131lar ard\u0131nda i\u015f takip\u00e7ili\u011fi olarak de\u011fil toplumsal fark\u0131ndal\u0131k yaratmak diye tan\u0131mlam\u0131\u015f ve bunu uygulamaya d\u00f6km\u00fc\u015f bir derne\u011fiz.&#8221;<\/p>\n<p style=\"text-align: justify;\"><span style=\"color: #888888;\">Kaynak : <a href=\"http:\/\/www.ntvmsnbc.com\/id\/25136657\/\" target=\"_blank\">ntvmsnbc<\/a><\/span><\/p>\n","protected":false},"excerpt":{"rendered":"<\/p>\n<p style=\"text-align: justify;\">T\u00dcS\u0130AD Y\u00fcksek \u0130sti\u015fare Konseyi Ba\u015fkan\u0131 Ko\u00e7, ekonomi y\u00f6netimiyle ilgili \u00fc\u00e7 konuya dikkat \u00e7ekti ve bunlar\u0131 &#8220;mali disiplin, ba\u011f\u0131ms\u0131z kurumlar ve yap\u0131sal reformlar&#8221; olarak s\u0131ralad\u0131.<\/p>\n","protected":false},"author":1,"featured_media":0,"comment_status":"open","ping_status":"closed","sticky":false,"template":"","format":"standard","meta":{"footnotes":""},"categories":[7],"tags":[],"class_list":["post-26047","post","type-post","status-publish","format-standard","hentry","category-ekonomi","odd"],"_links":{"self":[{"href":"http:\/\/www.korhanyilmaz.com\/index.php?rest_route=\/wp\/v2\/posts\/26047","targetHints":{"allow":["GET"]}}],"collection":[{"href":"http:\/\/www.korhanyilmaz.com\/index.php?rest_route=\/wp\/v2\/posts"}],"about":[{"href":"http:\/\/www.korhanyilmaz.com\/index.php?rest_route=\/wp\/v2\/types\/post"}],"author":[{"embeddable":true,"href":"http:\/\/www.korhanyilmaz.com\/index.php?rest_route=\/wp\/v2\/users\/1"}],"replies":[{"embeddable":true,"href":"http:\/\/www.korhanyilmaz.com\/index.php?rest_route=%2Fwp%2Fv2%2Fcomments&post=26047"}],"version-history":[{"count":0,"href":"http:\/\/www.korhanyilmaz.com\/index.php?rest_route=\/wp\/v2\/posts\/26047\/revisions"}],"wp:attachment":[{"href":"http:\/\/www.korhanyilmaz.com\/index.php?rest_route=%2Fwp%2Fv2%2Fmedia&parent=26047"}],"wp:term":[{"taxonomy":"category","embeddable":true,"href":"http:\/\/www.korhanyilmaz.com\/index.php?rest_route=%2Fwp%2Fv2%2Fcategories&post=26047"},{"taxonomy":"post_tag","embeddable":true,"href":"http:\/\/www.korhanyilmaz.com\/index.php?rest_route=%2Fwp%2Fv2%2Ftags&post=26047"}],"curies":[{"name":"wp","href":"https:\/\/api.w.org\/{rel}","templated":true}]}}