{"id":26029,"date":"2010-10-02T12:25:55","date_gmt":"2010-10-02T09:25:55","guid":{"rendered":"http:\/\/www.korhanyilmaz.com\/?p=26029"},"modified":"2010-10-02T12:25:55","modified_gmt":"2010-10-02T09:25:55","slug":"cemaat-ogrenci-avinda","status":"publish","type":"post","link":"http:\/\/www.korhanyilmaz.com\/?p=26029","title":{"rendered":"Cemaat \u00f6\u011frenci av\u0131nda"},"content":{"rendered":"<p style=\"text-align: center;\"><a href=\"http:\/\/www.korhanyilmaz.com\/wp-content\/uploads\/2010\/10\/003.jpg\"  class=\"lightview\"><img loading=\"lazy\" decoding=\"async\" class=\"aligncenter size-full wp-image-26030\" src=\"http:\/\/www.korhanyilmaz.com\/wp-content\/uploads\/2010\/10\/003.jpg\" alt=\"\" width=\"322\" height=\"241\" \/><\/a><\/p>\n<p style=\"text-align: justify;\">CHP Amasya \u0130l Ba\u015fkan\u0131 Melik Derindere, &#8220;Her ile \u00fcniversite a\u00e7an ve bununla da \u00f6v\u00fcnen iktidar bu illere bir tane bile yurt yapmam\u0131\u015ft\u0131r. Bu da g\u00f6stermektedir ki \u00f6\u011frenciler bile bile cemaat yurtlar\u0131n\u0131n kuca\u011f\u0131na at\u0131lmaktad\u0131r&#8221; diye konu\u015ftu.<!--more--><\/p>\n<p style=\"text-align: justify;\">\u00dcniversite kay\u0131tlar\u0131n\u0131n ba\u015flamas\u0131yla cemaatler \u00f6\u011frenci av\u0131na \u00e7\u0131kt\u0131. \u00d6\u011frencileri otob\u00fcs terminalinde kar\u015f\u0131layan cemaat \u00fcyeleri, devlet yurtlar\u0131n\u0131 k\u00f6t\u00fcleyip internet, 24 saat s\u0131cak su, \u00fc\u00e7 \u00f6\u011f\u00fcn yemek, g\u00fcvenlik, okula servis gibi olanaklarla \u00f6\u011frenci \u00e7ekmeye \u00e7al\u0131\u015f\u0131yor.<\/p>\n<p style=\"text-align: justify;\">Yeni kay\u0131t yapt\u0131rmak i\u00e7in de\u011fi\u015fik kentlerden gelen \u00f6\u011frencileri terminalde kar\u015f\u0131layan cemaat \u00fcyeleri, hangi kentten kimin gelece\u011fini bildikleri i\u00e7in gelen otob\u00fcslerde isim isim \u00f6\u011frenci ar\u0131yor. Gelen \u00f6\u011frenciler terminalde toplan\u0131p, \u00f6nce \u00fcniversite kay\u0131t merkezine daha sonra da kay\u0131t i\u00e7in cemaat yurtlar\u0131na g\u00f6t\u00fcr\u00fcl\u00fcyor. D\u0131\u015far\u0131dan gelen \u00f6\u011frencilere cazip olanaklar sunan cemaat yurtlar\u0131n\u0131n temsilcileri, devlet yurtlar\u0131n\u0131 \u201cg\u00fcvenli\u011fi olmad\u0131\u011f\u0131\u201d ve \u201cher t\u00fcrl\u00fc ahlaks\u0131zl\u0131\u011f\u0131n ya\u015fand\u0131\u011f\u0131\u201d idialar\u0131yla k\u00f6t\u00fcl\u00fcyor. Bir\u00e7ok cemaat dershanesi, \u00f6\u011frencileri devlet yurduna kay\u0131t yapt\u0131rmamalar\u0131n\u0131 isteyerek ba\u011fl\u0131 olduklar\u0131 cemaatlerin yurtlar\u0131na y\u00f6nlendiriyor. Her cemaat yurdu da o ile hangi \u00f6\u011frencilerin gelece\u011fini \u00f6nceden tespit etti\u011fi i\u00e7in \u00f6\u011frencilere telefon ile ula\u015f\u0131p, kay\u0131t yapt\u0131rmalar\u0131 konusunda telkinde bulunuyor.<\/p>\n<p style=\"text-align: justify;\"><strong>\u2018Gen\u00e7lere sahip \u00e7\u0131k\u0131n\u2019 <\/strong><\/p>\n<p style=\"text-align: justify;\">\u00c7ocuklar\u0131 \u00fcniversiteyi kazanan aileler ise devlet yurtlar\u0131nda yer bulamalar\u0131 nedeniyle s\u0131k\u0131nt\u0131 ya\u015fad\u0131klar\u0131n\u0131 ifade ettiler. \u00d6\u011frenci velilerinden Adem Eryurt \u201cAnkara\u2019dan Amasya\u2019ya kay\u0131t i\u00e7in geldim. Devlet yurdu \u00e7\u0131kmad\u0131. Zorunlu olarak \u00f6zel yurtlara bak\u0131p birine karar verece\u011fiz. Yurttaki temizlik, g\u00fcvenlik kadar ideolojik bir yap\u0131s\u0131n\u0131n olmamas\u0131 da gerekir. Devlet gen\u00e7lerine sahip \u00e7\u0131kmal\u0131\u201d dedi.<\/p>\n<p style=\"text-align: justify;\"><span style=\"color: #888888;\">Kaynak : Mehmet Menek\u015fe &#8211; <a href=\"http:\/\/www.cumhuriyet.com.tr\/?hn=169766\" target=\"_blank\">Cumhuriyet Haber Portal\u0131<\/a><\/span><\/p>\n","protected":false},"excerpt":{"rendered":"<p style=\"text-align: center;\">\n<p style=\"text-align: justify;\">CHP Amasya \u0130l Ba\u015fkan\u0131 Melik Derindere, &#8220;Her ile \u00fcniversite a\u00e7an ve bununla da \u00f6v\u00fcnen iktidar bu illere bir tane bile yurt yapmam\u0131\u015ft\u0131r. Bu da g\u00f6stermektedir ki \u00f6\u011frenciler bile bile cemaat yurtlar\u0131n\u0131n kuca\u011f\u0131na at\u0131lmaktad\u0131r&#8221; diye konu\u015ftu.<\/p>\n","protected":false},"author":1,"featured_media":0,"comment_status":"open","ping_status":"closed","sticky":false,"template":"","format":"standard","meta":{"footnotes":""},"categories":[105],"tags":[],"class_list":["post-26029","post","type-post","status-publish","format-standard","hentry","category-gundem","odd"],"_links":{"self":[{"href":"http:\/\/www.korhanyilmaz.com\/index.php?rest_route=\/wp\/v2\/posts\/26029","targetHints":{"allow":["GET"]}}],"collection":[{"href":"http:\/\/www.korhanyilmaz.com\/index.php?rest_route=\/wp\/v2\/posts"}],"about":[{"href":"http:\/\/www.korhanyilmaz.com\/index.php?rest_route=\/wp\/v2\/types\/post"}],"author":[{"embeddable":true,"href":"http:\/\/www.korhanyilmaz.com\/index.php?rest_route=\/wp\/v2\/users\/1"}],"replies":[{"embeddable":true,"href":"http:\/\/www.korhanyilmaz.com\/index.php?rest_route=%2Fwp%2Fv2%2Fcomments&post=26029"}],"version-history":[{"count":0,"href":"http:\/\/www.korhanyilmaz.com\/index.php?rest_route=\/wp\/v2\/posts\/26029\/revisions"}],"wp:attachment":[{"href":"http:\/\/www.korhanyilmaz.com\/index.php?rest_route=%2Fwp%2Fv2%2Fmedia&parent=26029"}],"wp:term":[{"taxonomy":"category","embeddable":true,"href":"http:\/\/www.korhanyilmaz.com\/index.php?rest_route=%2Fwp%2Fv2%2Fcategories&post=26029"},{"taxonomy":"post_tag","embeddable":true,"href":"http:\/\/www.korhanyilmaz.com\/index.php?rest_route=%2Fwp%2Fv2%2Ftags&post=26029"}],"curies":[{"name":"wp","href":"https:\/\/api.w.org\/{rel}","templated":true}]}}