{"id":26024,"date":"2010-10-03T12:17:35","date_gmt":"2010-10-03T09:17:35","guid":{"rendered":"http:\/\/www.korhanyilmaz.com\/?p=26024"},"modified":"2010-10-03T12:17:35","modified_gmt":"2010-10-03T09:17:35","slug":"aile-boyu-kadrolasma","status":"publish","type":"post","link":"http:\/\/www.korhanyilmaz.com\/?p=26024","title":{"rendered":"Aile boyu kadrola\u015fma"},"content":{"rendered":"<p style=\"text-align: center;\"><a href=\"http:\/\/www.korhanyilmaz.com\/wp-content\/uploads\/2010\/10\/002.jpg\"  class=\"lightview\"><img loading=\"lazy\" decoding=\"async\" class=\"aligncenter size-full wp-image-26026\" src=\"http:\/\/www.korhanyilmaz.com\/wp-content\/uploads\/2010\/10\/002.jpg\" alt=\"\" width=\"322\" height=\"241\" \/><\/a><\/p>\n<p style=\"text-align: justify;\">AKP iktidar\u0131nda milletvekili akrabalar\u0131na y\u00f6nelik k\u0131yak atamalarda en u\u00e7 noktalardan biri Amasya\u2019da ya\u015fand\u0131. AKP Amasya Milletvekili Avni Erdemir\u2019in bacanaklar\u0131, ye\u011fenleri, eni\u015fteleri kentte \u00e7e\u015fitli kurumlarda y\u00f6neticilik g\u00f6revine getirildi.<!--more--><\/p>\n<p style=\"text-align: justify;\">Daha \u00f6nce bir k\u00f6y okulunda \u00f6\u011fretmenlik yapan Avni Erdemir\u2019in bacana\u011f\u0131 Ahmet Kaya, bir s\u00fcre AKP\u2019li Merzifon Belediyesi\u2019nde ba\u015fkan yard\u0131mc\u0131s\u0131 olarak \u00e7al\u0131\u015ft\u0131. Kaya, son olarak Amasya K\u00fclt\u00fcr ve Turizm \u0130l M\u00fcd\u00fcr\u00fc olarak atand\u0131. Ayr\u0131ca Erdemir\u2019in di\u011fer iki bacana\u011f\u0131n\u0131n da \u00c7al\u0131\u015fma ve Sosyal G\u00fcvenlik Bakanl\u0131\u011f\u0131\u2019nda idareci oldu\u011fu \u00f6\u011frenildi. Erdemir\u2019in ye\u011feni Mehmet Erdemir de ge\u00e7en hafta Merzifon \u0130l\u00e7e Tar\u0131m M\u00fcd\u00fcrl\u00fc\u011f\u00fc\u2019nden Amasya Tar\u0131m \u0130l M\u00fcd\u00fcrl\u00fc\u011f\u00fc\u2019nde m\u00fcd\u00fcr yard\u0131mc\u0131l\u0131\u011f\u0131 g\u00f6revine terfi etti.<\/p>\n<p style=\"text-align: justify;\">Di\u011fer ye\u011fen S\u0131dd\u0131k Erdemir de G\u00fcm\u00fc\u015fhac\u0131k\u00f6y I\u015f\u0131k \u0130lk\u00f6\u011fretim Okulu\u2019nda m\u00fcd\u00fcr yard\u0131mc\u0131s\u0131 oldu. Akraba atama s\u00fcreci, 5 y\u0131ld\u0131r G\u00fcm\u00fc\u015fhac\u0131k\u00f6y ve Hamam\u00f6z\u00fc il\u00e7eleri hem \u00f6zel idaresi m\u00fcd\u00fcrl\u00fc\u011f\u00fcne ve hem de \u00f6zel kalem m\u00fcd\u00fcrl\u00fc\u011f\u00fcne vek\u00e2leten bakan Erdemir\u2019in eni\u015ftesi \u0130brahim Y\u0131ld\u0131r\u0131m\u2019\u0131n Amasya K\u00f6ylere Hizmet G\u00f6t\u00fcrme Birli\u011fi\u2019ne muhasebe m\u00fcd\u00fcr\u00fc olmas\u0131yla devam etti. Erdemir\u2019in bir di\u011fer eni\u015ftesi Recep \u015eaban Yavuz, G\u00fcm\u00fc\u015fhac\u0131k\u00f6y \u0130l\u00e7e Milli E\u011fitim M\u00fcd\u00fcrl\u00fc\u011f\u00fc\u2019ne, bir ba\u015fka eni\u015ftesi S\u00fcleyman Tongu\u015f G\u00fcm\u00fc\u015fhac\u0131k\u00f6y\u2019de anaokulu m\u00fcd\u00fcrl\u00fc\u011f\u00fcne, eni\u015ftesinin karde\u015fi ise G\u00fcm\u00fc\u015fhac\u0131k\u00f6y \u00d6\u011fretmen Evi m\u00fcd\u00fcrl\u00fc\u011f\u00fcne getirildi.<\/p>\n<p style=\"text-align: justify;\">CHP \u0130l Ba\u015fkan\u0131 Melik Derindere, atamalara tepki g\u00f6stererek \u201cZaten bu iktidar d\u00f6neminde liyakata bak\u0131lm\u0131yor, ba\u015fka k\u0131staslara bak\u0131l\u0131yor. Bunlardan bir tanesi de partiye ve milletvekiline yak\u0131n ki\u015filer olmas\u0131. Bu atamalar\u0131 art\u0131k \u00e7ok \u015fa\u015f\u0131rt\u0131c\u0131 buluyoruz. Ama kamuoyunun mutlaka bunlar\u0131 bilmesi gerekti\u011fini d\u00fc\u015f\u00fcn\u00fcyorum\u201d diye konu\u015ftu.<\/p>\n<p style=\"text-align: justify;\"><span style=\"color: #888888;\">Kaynak : Mehmet Menek\u015fe &#8211; <a href=\"http:\/\/www.cumhuriyet.com.tr\/?hn=178782\" target=\"_blank\">Cumhuriyet Haber Portal\u0131<\/a><\/span><\/p>\n","protected":false},"excerpt":{"rendered":"<p style=\"text-align: center;\">\n<p style=\"text-align: justify;\">AKP iktidar\u0131nda milletvekili akrabalar\u0131na y\u00f6nelik k\u0131yak atamalarda en u\u00e7 noktalardan biri Amasya\u2019da ya\u015fand\u0131. AKP Amasya Milletvekili Avni Erdemir\u2019in bacanaklar\u0131, ye\u011fenleri, eni\u015fteleri kentte \u00e7e\u015fitli kurumlarda y\u00f6neticilik g\u00f6revine getirildi.<\/p>\n","protected":false},"author":1,"featured_media":0,"comment_status":"open","ping_status":"closed","sticky":false,"template":"","format":"standard","meta":{"footnotes":""},"categories":[105],"tags":[],"class_list":["post-26024","post","type-post","status-publish","format-standard","hentry","category-gundem","odd"],"_links":{"self":[{"href":"http:\/\/www.korhanyilmaz.com\/index.php?rest_route=\/wp\/v2\/posts\/26024","targetHints":{"allow":["GET"]}}],"collection":[{"href":"http:\/\/www.korhanyilmaz.com\/index.php?rest_route=\/wp\/v2\/posts"}],"about":[{"href":"http:\/\/www.korhanyilmaz.com\/index.php?rest_route=\/wp\/v2\/types\/post"}],"author":[{"embeddable":true,"href":"http:\/\/www.korhanyilmaz.com\/index.php?rest_route=\/wp\/v2\/users\/1"}],"replies":[{"embeddable":true,"href":"http:\/\/www.korhanyilmaz.com\/index.php?rest_route=%2Fwp%2Fv2%2Fcomments&post=26024"}],"version-history":[{"count":0,"href":"http:\/\/www.korhanyilmaz.com\/index.php?rest_route=\/wp\/v2\/posts\/26024\/revisions"}],"wp:attachment":[{"href":"http:\/\/www.korhanyilmaz.com\/index.php?rest_route=%2Fwp%2Fv2%2Fmedia&parent=26024"}],"wp:term":[{"taxonomy":"category","embeddable":true,"href":"http:\/\/www.korhanyilmaz.com\/index.php?rest_route=%2Fwp%2Fv2%2Fcategories&post=26024"},{"taxonomy":"post_tag","embeddable":true,"href":"http:\/\/www.korhanyilmaz.com\/index.php?rest_route=%2Fwp%2Fv2%2Ftags&post=26024"}],"curies":[{"name":"wp","href":"https:\/\/api.w.org\/{rel}","templated":true}]}}