{"id":25999,"date":"2010-10-01T08:00:15","date_gmt":"2010-10-01T05:00:15","guid":{"rendered":"http:\/\/www.korhanyilmaz.com\/?p=25999"},"modified":"2010-10-01T08:00:15","modified_gmt":"2010-10-01T05:00:15","slug":"avciyi-cileden-cikartan-teblig","status":"publish","type":"post","link":"http:\/\/www.korhanyilmaz.com\/?p=25999","title":{"rendered":"Avc\u0131&#8217;y\u0131 \u00e7ileden \u00e7\u0131kartan tebli\u011f"},"content":{"rendered":"<p style=\"text-align: center;\"><a href=\"http:\/\/www.korhanyilmaz.com\/wp-content\/uploads\/2010\/10\/223.jpg\"  class=\"lightview\"><img loading=\"lazy\" decoding=\"async\" class=\"aligncenter size-full wp-image-26000\" src=\"http:\/\/www.korhanyilmaz.com\/wp-content\/uploads\/2010\/10\/223.jpg\" alt=\"\" width=\"448\" height=\"230\" \/><\/a><\/p>\n<p style=\"text-align: justify;\">Meslek hayat\u0131 boyunca yasad\u0131\u015f\u0131 \u00f6rg\u00fctlere kar\u015f\u0131 yapt\u0131\u011f\u0131 operasyonel \u00e7al\u0131\u015fmalarla bilinen Emniyet M\u00fcd\u00fcr\u00fc Hanefi Avc\u0131&#8217;n\u0131n, Devrimci karargah adl\u0131 yasad\u0131\u015f\u0131 \u00f6rg\u00fct\u00fcn \u015f\u00fcphelisi olarak g\u00f6sterildi\u011fi sorgu talimat\u0131n\u0131 g\u00f6r\u00fcnce \u00e7ileden \u00e7\u0131karak, ifade vermeye gitmedi\u011fi \u00f6\u011frenildi.<!--more--><\/p>\n<p style=\"text-align: justify;\">\u0130STANBUL &#8211; Devrimci Karargah Soru\u015fturmas\u0131 kapsam\u0131nda \u00f6rg\u00fcte yard\u0131mc\u0131 oldu\u011fu iddialar\u0131 kar\u015f\u0131s\u0131nda, soru\u015fturma savc\u0131s\u0131 Kadir Alt\u0131n\u0131\u015f\u0131k&#8217;a konu\u015fmayan, avukat da kabul etmeyip tutuklanan Hanefi Avc\u0131&#8217;n\u0131n bu direni\u015fe kendisine yap\u0131lan tebligatta yer alan ifadeler y\u00fcz\u00fcnden ba\u015flad\u0131\u011f\u0131 \u00f6\u011frenildi.<\/p>\n<p style=\"text-align: justify;\">Hanefi Avc\u0131, meslek hayat\u0131 boyunca yasad\u0131\u015f\u0131 \u00f6rg\u00fctlere ve devlet i\u00e7inde faaliyet g\u00f6steren yasad\u0131\u015f\u0131 yap\u0131lanmalara kar\u015f\u0131 m\u00fccadele etmi\u015f bir ki\u015fi olarak Devrimci Karargah adl\u0131 yasad\u0131\u015f\u0131 \u00f6rg\u00fcte yard\u0131mc\u0131 oldu\u011fu iddias\u0131 Avc\u0131&#8217;y\u0131 \u00e7ileden \u00e7\u0131kard\u0131.<\/p>\n<p style=\"text-align: justify;\">Ald\u0131\u011f\u0131 tebligatta ad\u0131n\u0131 \u015f\u00fcpheli olarak Devrimci Karargah adl\u0131 \u00f6rg\u00fctle yan yana g\u00f6ren Hanefi Avc\u0131, \u0130stanbul Ter\u00f6rle M\u00fccadele \u015eubesinin yapt\u0131\u011f\u0131 telefonla tebli\u011fe uyarak 27 Eyl\u00fcl tarihinde \u0130stanbul Cumhuriyet Ba\u015fsavc\u0131l\u0131\u011f\u0131nda olaca\u011f\u0131n\u0131 s\u00f6ylemesine ra\u011fmen ifade vermeye gitmedi.<\/p>\n<p style=\"text-align: justify;\">\u00dcstelik ald\u0131\u011f\u0131 tebligat\u0131n alt\u0131nda \u015f\u00fcphelinin tebligata uymad\u0131\u011f\u0131 takdirde hakk\u0131nda yakalama emri \u00e7\u0131kart\u0131l\u0131r notunu g\u00f6rd\u00fc\u011f\u00fc halde. Yani Hanefi Avc\u0131 savc\u0131n\u0131n bu davetine uymad\u0131\u011f\u0131 zaman hakk\u0131nda yakalama emri \u00e7\u0131kart\u0131laca\u011f\u0131n\u0131 biliyordu. 34 y\u0131l\u0131lk polis Hanefi Avc\u0131 27 Eyl\u00fcl tarihinde Be\u015fikta\u015f&#8217;ta bulunan \u0130stanbul Adliyesine gitmeyince hakk\u0131nda yakalama karar\u0131 hemen \u00e7\u0131kart\u0131ld\u0131. Ertesi g\u00fcn de tutuklanarak cezaevine g\u00f6nderildi.<\/p>\n<p style=\"text-align: justify;\">Hanefi Avc\u0131, kendisine kar\u015f\u0131 yap\u0131lanlar\u0131n bir &#8220;Cemaat operasyonu&#8221; oldu\u011funu ileri s\u00fcrd\u00fc\u011f\u00fc a\u00e7\u0131klamas\u0131n\u0131 yapmaya bile f\u0131rsat bulamadan tutukland\u0131. 30 Eyl\u00fcl tarihinde yapmak \u00fczere hazarlad\u0131\u011f\u0131 bas\u0131n a\u00e7\u0131klamas\u0131nda  kendisine yap\u0131lan bu su\u00e7lamay\u0131 gurur meselesi yapt\u0131\u011f\u0131n\u0131 a\u00e7\u0131k\u00e7a dile getiriyordu.<\/p>\n<p style=\"text-align: justify;\"><strong>TEBL\u0130GATA UYACA\u011eINI D\u00dc\u015e\u00dcN\u00dcYORDU ANCAK G\u0130TMED\u0130<\/strong><\/p>\n<p style=\"text-align: justify;\">\u015eimdi devrimci karargah davas\u0131 ile ilgili olarak beni mevcutlu olarak \u0130stanbul \u00f6zel yetkili mahkemenin savc\u0131s\u0131 .. Kadir Alt\u0131n\u0131\u015f\u0131k\u2019\u0131n istedi\u011fi bilgisini hem de Pazar g\u00fcn\u00fc ald\u0131m, o anda \u0130zmir de idim ve u\u00e7a\u011f\u0131m kalkmak \u00fczere idi, pazartesi ancak gelebilirim dedim&#8230;<\/p>\n<p style=\"text-align: justify;\"><strong>YAZDI\u011eI K\u0130TABA TEPK\u0130 OLARAK DE\u011eERLEND\u0130RD\u0130<\/strong><\/p>\n<p style=\"text-align: justify;\">Benim \u0130stanbul da y\u00fcr\u00fct\u00fclen soru\u015fturma ile hi\u00e7bir alakam yoktur, bu konuda hi\u00e7bir delil, hi\u00e7bir vaka, ba\u011f olmamas\u0131na ra\u011fmen, yazd\u0131\u011f\u0131m kitap dan dolay\u0131 bu olayla ili\u015fkilendirilmeye \u00e7al\u0131\u015f\u0131l\u0131yorum.<\/p>\n<p style=\"text-align: justify;\">Ben cemaatin internet sitesi, bas\u0131n\u0131, polisi savc\u0131s\u0131 \u2026 onlar\u0131n etkiledi\u011fi \u00e7evrelerle \u00fczerime geldi\u011fini biliyorum bile bile buna da boyun e\u011fmem ben bu \u00fclkenin kanunlar\u0131na uyar\u0131m, &#8230;ama cemaatin istekleri do\u011frultusunda yap\u0131lan i\u015flemlere de boyun e\u011fmem \u2026 bunu hukuki i\u015flem \u2026 adli i\u015flem vs g\u00f6sterilmesi yalan\u0131na da uymam.<\/p>\n<p style=\"text-align: justify;\"><strong>CEMAATE BEDEL \u00d6DEYECE\u011e\u0130M<\/strong><\/p>\n<p style=\"text-align: justify;\">Bundan dolay\u0131 bu karar boyun e\u011fmeyece\u011fim. Hem bu i\u015flemeleri cemaat bana yap\u0131yor bilece\u011fim hem de aman bana bir \u015fey yapmas\u0131nlar diye boyun e\u011fece\u011fim bunu yapmam bedeli ne olursa olsun.<\/p>\n<p style=\"text-align: justify;\"><strong>YETK\u0130L\u0130LER\u0130 SORUMLULUKLARINA SAH\u0130P \u00c7IKMAYA DAVET ED\u0130YORUM<\/strong><\/p>\n<p style=\"text-align: justify;\">Cemaatin yapt\u0131\u011f\u0131n\u0131 bile bile devleti ve hukuk koruma makam\u0131nda olmas\u0131na, yap\u0131lanlara muhalefet edip ses \u00e7\u0131karma makam\u0131nda olmas\u0131na ra\u011fmen ses \u00e7\u0131karmayanlar\u0131 \u2026 sorumluluklar\u0131na sahip \u00e7\u0131kmaya davet ediyorum. Ben cemaatin hukuku kullanmas\u0131na uymayaca\u011f\u0131m.<\/p>\n<p style=\"text-align: justify;\"><strong>ADALET MAKAMININ H\u0130\u00c7 B\u0130R SORUSUNA CEVAP VERMEM<\/strong><\/p>\n<p style=\"text-align: justify;\">Zorla g\u00f6t\u00fcr\u00fcr\u00fcler ama asla kendi g\u00f6nl\u00fcmle gitmeyece\u011fim, cemaatin plan ve program\u0131 do\u011frultusun da hareket eden hi\u00e7bir kimse ve makam\u0131n \u00f6n\u00fcnde e\u011filmem, bu devletin yasalar\u0131na g\u00f6re davrand\u0131\u011f\u0131na inanmad\u0131\u011f\u0131m adalet makam\u0131n\u0131n hi\u00e7bir sorusuna da cevap vermem. Hi\u00e7 kimseye onurumu \u00e7i\u011fnetmem.<\/p>\n<p style=\"text-align: justify;\"><span style=\"color: #888888;\">Kaynak : <a href=\"http:\/\/www.gazeteport.com.tr\/GUNCEL\/NEWS\/GP_773410\" target=\"_blank\">\u0130hsan Demir &#8211; GAZETEPORT<\/a><\/span><\/p>\n","protected":false},"excerpt":{"rendered":"<p style=\"text-align: center;\">\n<p style=\"text-align: justify;\">Meslek hayat\u0131 boyunca yasad\u0131\u015f\u0131 \u00f6rg\u00fctlere kar\u015f\u0131 yapt\u0131\u011f\u0131 operasyonel \u00e7al\u0131\u015fmalarla bilinen Emniyet M\u00fcd\u00fcr\u00fc Hanefi Avc\u0131&#8217;n\u0131n, Devrimci karargah adl\u0131 yasad\u0131\u015f\u0131 \u00f6rg\u00fct\u00fcn \u015f\u00fcphelisi olarak g\u00f6sterildi\u011fi sorgu talimat\u0131n\u0131 g\u00f6r\u00fcnce \u00e7ileden \u00e7\u0131karak, ifade vermeye gitmedi\u011fi \u00f6\u011frenildi.<\/p>\n","protected":false},"author":1,"featured_media":0,"comment_status":"open","ping_status":"closed","sticky":false,"template":"","format":"standard","meta":{"footnotes":""},"categories":[105],"tags":[],"class_list":["post-25999","post","type-post","status-publish","format-standard","hentry","category-gundem","odd"],"_links":{"self":[{"href":"http:\/\/www.korhanyilmaz.com\/index.php?rest_route=\/wp\/v2\/posts\/25999","targetHints":{"allow":["GET"]}}],"collection":[{"href":"http:\/\/www.korhanyilmaz.com\/index.php?rest_route=\/wp\/v2\/posts"}],"about":[{"href":"http:\/\/www.korhanyilmaz.com\/index.php?rest_route=\/wp\/v2\/types\/post"}],"author":[{"embeddable":true,"href":"http:\/\/www.korhanyilmaz.com\/index.php?rest_route=\/wp\/v2\/users\/1"}],"replies":[{"embeddable":true,"href":"http:\/\/www.korhanyilmaz.com\/index.php?rest_route=%2Fwp%2Fv2%2Fcomments&post=25999"}],"version-history":[{"count":0,"href":"http:\/\/www.korhanyilmaz.com\/index.php?rest_route=\/wp\/v2\/posts\/25999\/revisions"}],"wp:attachment":[{"href":"http:\/\/www.korhanyilmaz.com\/index.php?rest_route=%2Fwp%2Fv2%2Fmedia&parent=25999"}],"wp:term":[{"taxonomy":"category","embeddable":true,"href":"http:\/\/www.korhanyilmaz.com\/index.php?rest_route=%2Fwp%2Fv2%2Fcategories&post=25999"},{"taxonomy":"post_tag","embeddable":true,"href":"http:\/\/www.korhanyilmaz.com\/index.php?rest_route=%2Fwp%2Fv2%2Ftags&post=25999"}],"curies":[{"name":"wp","href":"https:\/\/api.w.org\/{rel}","templated":true}]}}