{"id":25991,"date":"2010-10-01T07:46:38","date_gmt":"2010-10-01T04:46:38","guid":{"rendered":"http:\/\/www.korhanyilmaz.com\/?p=25991"},"modified":"2010-10-01T07:46:38","modified_gmt":"2010-10-01T04:46:38","slug":"devrimci-karargah-var-misin-yok-musun","status":"publish","type":"post","link":"http:\/\/www.korhanyilmaz.com\/?p=25991","title":{"rendered":"Devrimci Kararg\u00e2h: Var m\u0131s\u0131n yok musun?"},"content":{"rendered":"<p><a href=\"http:\/\/www.korhanyilmaz.com\/wp-content\/uploads\/2010\/10\/222.jpg\"  class=\"lightview\"><img loading=\"lazy\" decoding=\"async\" class=\"aligncenter size-full wp-image-25992\" src=\"http:\/\/www.korhanyilmaz.com\/wp-content\/uploads\/2010\/10\/222.jpg\" alt=\"\" width=\"410\" height=\"220\" \/><\/a><\/p>\n<p style=\"text-align: justify;\">Devrimci Kararg\u00e2h ger\u00e7ekten de &#8220;varolan&#8221;, ancak hakk\u0131nda s\u00f6ylenenlerin \u00e7o\u011fu do\u011fru olmayan bir \u00f6rg\u00fct.<\/p>\n<p style=\"text-align: justify;\">\u0130STANBUL  &#8211; Olay adam Hanefi Avc\u0131, Devrimci Kararg\u00e2h (yerden tasarruf i\u00e7in buradan itibaren DK yazaca\u011f\u0131z) \u00f6rg\u00fct\u00fcne yard\u0131m etti\u011fi iddias\u0131yla 2 g\u00fcn \u00f6nce tutukland\u0131. DK, bug\u00fcne kadar medya ve polis taraf\u0131ndan kendisiyle ili\u015fkilendirilen pek \u00e7ok ki\u015finin nitelikleri itibariyle kafa kar\u0131\u015ft\u0131r\u0131c\u0131 bir \u00f6rg\u00fct. <!--more--><\/p>\n<p style=\"text-align: justify;\">B\u00f6yle bir \u00f6rg\u00fct\u00fcn sahiden var olup olmad\u0131\u011f\u0131 bile sorgulan\u0131yor. Asl\u0131nda DK, var. NTVMSBC&#8217;nin haberine g\u00f6re T\u00fcrkiye&#8217;deki sol \u00f6rg\u00fctlerin ge\u00e7mi\u015fi, yap\u0131s\u0131, \u00f6rg\u00fctlenmesi, hatta isim ve amblemleri g\u00f6z \u00f6n\u00fcne al\u0131nacak olursa; deyim yerindeyse &#8220;egzantirik&#8221; bir \u00f6rg\u00fct. Bu \u00f6rg\u00fct ger\u00e7ekten var, ama polis operasyonlar\u0131 sonucu &#8220;bir k\u0131s\u0131m medya&#8221;n\u0131n ge\u00e7en y\u0131ldan beri yapt\u0131\u011f\u0131 yay\u0131nlarda DK ile ili\u015fkilendirilen \u00e7ok say\u0131da insan kafalarda soru i\u015fareti yarat\u0131yor.<\/p>\n<p style=\"text-align: justify;\">DK hakk\u0131nda a\u00e7\u0131lan davan\u0131n 23 \u015eubat&#8217;taki ilk duru\u015fmas\u0131nda 10 san\u0131k tahliye edilmi\u015fti. Ancak bu insanlar hakim kar\u015f\u0131s\u0131na \u00e7\u0131kmak i\u00e7in tam 10 ay beklemi\u015fti. Bir di\u011fer deyi\u015fle, yok yere 10 ay cezaevinde kald\u0131lar. Bu isimlerden kamuoyunda en \u00e7ok dikkat \u00e7eken, gazeteci Aylin Duruo\u011flu olmu\u015ftu. Duruo\u011flu&#8217;nun ya\u015fam\u0131ndan 10 ay \u00e7alan sebep, Bostanc\u0131&#8217;daki \u00f6rg\u00fct evi bask\u0131n\u0131nda \u00f6ld\u00fcr\u00fclen Orhan Y\u0131lmazkaya&#8217;yla bir g\u00fcn bulu\u015fup yemek yemesiydi.<\/p>\n<p style=\"text-align: justify;\">Son olarak Hanefi Avc\u0131&#8217;yla ili\u015fkilendirilen DK&#8217;n\u0131n, anla\u015f\u0131ld\u0131\u011f\u0131 kadar\u0131yla, bir ya da iki elin parmaklar\u0131 kadar \u00fcyesi var. 2009&#8217;da Bostanc\u0131&#8217;daki bask\u0131nda \u00f6ld\u00fcr\u00fclen Orhan Y\u0131lmazkaya&#8217;n\u0131n yan\u0131 s\u0131ra, ge\u00e7en 29 Haziran&#8217;daki duru\u015fman\u0131n tutuklu san\u0131klar\u0131ndan Cemal Bozkurt&#8217;un da \u00f6rg\u00fct\u00fcn ger\u00e7ekten \u00fcyesi oldu\u011fu anla\u015f\u0131l\u0131yor.<\/p>\n<p style=\"text-align: justify;\">Bozkurt o duru\u015fmada &#8220;siyasi savunma&#8221; yapt\u0131. Selimiye k\u0131\u015flas\u0131na yap\u0131lan havan toplu sald\u0131r\u0131y\u0131 sahiplenen Bozkurt, eylemi gerek\u00e7elendirirken ordunun &#8220;kendi saltanat\u0131 i\u00e7in m\u00fccadele etti\u011fini, halk\u0131n ordusu olmad\u0131\u011f\u0131n\u0131, generallerin villalarda yoksul \u00e7ocuklar\u0131n\u0131n ise sava\u015fta i\u015fgal n\u00f6beti tuttu\u011funu, ordu ihale ald\u0131k\u00e7a generallerin zengin oldu\u011funu, ordunun ideolojisini K\u00fcrt halk\u0131n\u0131n imha ve ink\u00e2r\u0131 \u00fczerine kurdu\u011funu&#8221; \u00f6ne s\u00fcrd\u00fc.<\/p>\n<p style=\"text-align: justify;\">DK iddianamesinde bir gizli tan\u0131\u011f\u0131n ifadesinde \u00f6rg\u00fctle Ergenekon aras\u0131nda ba\u011flant\u0131 kuruluyordu. Ergenekon ba\u011flant\u0131s\u0131n\u0131 \u015fiddetle reddeden san\u0131k Bozkurt, &#8220;Biz bunu daha \u00f6nce de g\u00f6rd\u00fck. 1 May\u0131s 1977 katliam\u0131 emek\u00e7ilerin \u00fczerine, Gazi katliam\u0131 devrimcilerin \u00fczerine, korucular taraf\u0131ndan 44 ki\u015finin katledilmesi ise PKK&#8217;nin \u00fczerine y\u0131k\u0131lmaya \u00e7al\u0131\u015f\u0131ld\u0131. Ergenekon devletin ta kendisidir. 1915, 6-7 Eyl\u00fcl, Mara\u015f, \u00c7orum, Sivas bunlar\u0131n i\u015fidir&#8221; gibi ifadeler kulland\u0131.<\/p>\n<p style=\"text-align: justify;\">DK ger\u00e7ekten de &#8220;egzantirik&#8221; bir profil arz eden bir yap\u0131lanma. Ad\u0131nda ge\u00e7en kararg\u00e2h s\u00f6zc\u00fc\u011f\u00fc ve ambleminin zemininin k\u0131rm\u0131z\u0131-siyah olmas\u0131 (anar\u015fistlerin rengi olarak bilinen siyah\u0131n bu t\u00fcr \u00f6rg\u00fctler taraf\u0131ndan kullan\u0131ld\u0131\u011f\u0131na rastlanmam\u0131\u015ft\u0131r) bile DK&#8217;y\u0131 enteresan k\u0131l\u0131yor. DK&#8217;yla ilgili kafa kar\u0131\u015ft\u0131ran bir di\u011fer konu ise, \u00f6rg\u00fct hakk\u0131nda yap\u0131lan haberlerde DK ile ba\u015fka yap\u0131lar aras\u0131nda kurulan tart\u0131\u015fmal\u0131 ba\u011flant\u0131lar.<\/p>\n<p style=\"text-align: justify;\">Nisan 2009&#8217;da Y\u0131lmazkaya&#8217;n\u0131n \u00f6l\u00fcm\u00fcnden sonra Milliyet gazetesince yap\u0131lan haberde; bu \u00f6rg\u00fctle Partizan Yolu ve 16 Haziran Hareketi gibi art\u0131k varolmayan bir tak\u0131m eski \u00f6rg\u00fctler aras\u0131nda ba\u011flant\u0131 kuruldu. Ancak T\u00fcrkiye&#8217;deki radikal sol siyasetleri az \u00e7ok bilen herkes i\u00e7in ikna edicili\u011fi az &#8220;bilgi&#8221;lerdi bunlar. DK ile son olarak, Hanefi Avc\u0131&#8217;n\u0131n tutuklanmas\u0131na bir bak\u0131ma \u00f6nc\u00fcl\u00fck etti\u011fi anla\u015f\u0131lan ge\u00e7en Cuma g\u00fcnk\u00fc g\u00f6zalt\u0131lar vesilesiyle Sosyalist Demokrasi Partisi (SDP) ve Toplumsal \u00d6zg\u00fcrl\u00fck Platformu (T\u00d6P) adl\u0131 legal sol yap\u0131lar aras\u0131nda ilinti kuruldu.<\/p>\n<p style=\"text-align: justify;\">Ancak SDP taraf\u0131ndan yap\u0131lan a\u00e7\u0131klamada, kendilerinin DK ile herhangi bir ba\u011flant\u0131lar\u0131 olamayaca\u011f\u0131 dile getirildi: &#8220;Gerek SDP ile T\u00d6P&#8217;\u00fcn, gerekse g\u00f6zalt\u0131na al\u0131nan y\u00f6netici ve \u00fcyelerimizin, \u00fcyesi olmakla itham edildikleri DK isimli \u00f6rg\u00fctle hi\u00e7bir ba\u011flant\u0131lar\u0131 bulunmad\u0131\u011f\u0131 gibi; siyasi k\u00f6ken, m\u00fccadele tarz ve anlay\u0131\u015f\u0131 itibar\u0131 ile de en ufak bir ilgileri bulunmamaktad\u0131r&#8221;.<\/p>\n<p style=\"text-align: justify;\">Hanefi Avc\u0131&#8217;n\u0131n DK ile ili\u015fkilendirilmesi, bu \u00f6rg\u00fcte \u00fcye oldu\u011fu iddias\u0131yla tutuklanan Necdet K\u0131l\u0131\u00e7 \u00fczerinden ger\u00e7ekle\u015fti. Zaman gazetesi yazar\u0131 H\u00fcseyin G\u00fclerce, K\u0131l\u0131\u00e7 \u00fczerine kay\u0131tl\u0131 telefonu Kezban K\u00fc\u00e7\u00fck&#8217;\u00fcn kulland\u0131\u011f\u0131n\u0131 ve K\u00fc\u00e7\u00fck&#8217;\u00fcn Avc\u0131&#8217;yla g\u00f6r\u00fc\u015ft\u00fc\u011f\u00fcn\u00fc yazd\u0131. Radikal&#8217;den Ertu\u011frul Mavio\u011flu&#8217;na konu\u015fan, Avc\u0131&#8217;n\u0131n kitab\u0131n\u0131 basan yay\u0131nevinin orta\u011f\u0131 ise \u015funlar\u0131 s\u00f6yledi: &#8220;Tutuklananlardan Necdet K\u0131l\u0131\u00e7 bildi\u011fim kadar\u0131yla SDP \u00fcyesi&#8230; Hanefi Avc\u0131&#8217;y\u0131 tan\u0131d\u0131\u011f\u0131n\u0131 ink\u00e2r etmiyor zaten, aksine &#8216;tan\u0131r\u0131m, i\u015fkencecimdir&#8217; diyor. Bir operasyon yapt\u0131lar&#8230; Devrimci Kararg\u00e2h kim? Az\u0131c\u0131k solu tan\u0131yan, bilen birisi, bu isimlerin yan yana gelemeyece\u011finden haberdard\u0131r. Hele Hanefi Avc\u0131&#8217;n\u0131n burada hi\u00e7 yeri yoktur&#8221;.<\/p>\n<p style=\"text-align: justify;\">\u00d6te yandan Necdet K\u0131l\u0131\u00e7&#8217;la beraber g\u00f6zalt\u0131na al\u0131nan ki\u015filerden biri olan SDP&#8217;li Sultan Se\u00e7ik, Bianet&#8217;e yapt\u0131\u011f\u0131 a\u00e7\u0131klamada, K\u0131l\u0131\u00e7 i\u00e7in &#8220;partimizle hi\u00e7bir ili\u015fkisi yok, \u00fcyemiz de\u011fil, hi\u00e7bir kurulumuzda yer alm\u0131yor&#8221; diye konu\u015ftu. Se\u00e7ik ayr\u0131ca sorguda polis\u00e7e kendisine y\u00f6neltilen su\u00e7lamalar\u0131n aras\u0131nda Tunceli k\u0131rsal\u0131nda \u00f6ld\u00fcr\u00fclen bir grup yasad\u0131\u015f\u0131 \u00f6rg\u00fct \u00fcyesiyle ilgili internette iki haberi okuman\u0131n (evet, do\u011fru okudunuz, internette haber okuman\u0131n) bulundu\u011funu \u00f6ne s\u00fcr\u00fcyor.<\/p>\n<p style=\"text-align: justify;\"><strong>ntvmsnbc&#8217;ye konu\u015fan gazeteci Ertu\u011frul K\u00fcrk\u00e7\u00fc ise \u015funlar\u0131 s\u00f6yl\u00fcyor: <\/strong><\/p>\n<p style=\"text-align: justify;\">&#8220;Devrimci Karargah \u00f6rg\u00fct\u00fc, bir web sayfas\u0131na sahip ve burada son operasyonlarla ilgili olarak \u015f\u00f6yle bir a\u00e7\u0131klamas\u0131 var: &#8216;Fethullah\u00e7\u0131 gericili\u011fin militan devrimcili\u011fi en ilkel yalanlarla kirletme \u00e7abas\u0131, sa\u011fdakileri ge\u00e7tik, demokrat\u0131ndan solcusuna t\u00fcm T\u00fcrkiye liberallerinin devrim kar\u015f\u0131tl\u0131klar\u0131n\u0131n ve korkular\u0131n\u0131n do\u011fal bir alg\u0131s\u0131 olarak kolayca kabul g\u00f6rd\u00fc\u011f\u00fc s\u00fcrece, AKP\u2019nin tasfiye etmeye niyetlendi\u011fi kim varsa Devrimci Karargah yap\u0131lanmam\u0131za dahil edilece\u011fi ortadad\u0131r. As\u0131l korkumuz bu gidi\u015fle \u00f6rg\u00fctte bize yer kalmayaca\u011f\u0131 \u00fczerinedir&#8217;<\/p>\n<p style=\"text-align: justify;\">Bu a\u00e7\u0131klama &#8220;Devrimci Karargah&#8221;\u0131n kendisini T\u00fcrkiye&#8217;nin sol spektrumundaki di\u011fer g\u00fc\u00e7lerden kategorik olarak ay\u0131rd\u0131\u011f\u0131n\u0131 ve &#8220;silahl\u0131&#8221; \u00f6rg\u00fctlenmeye sahip olmayanlar ile kendisi aras\u0131nda bir liberal-devrimci ayr\u0131m\u0131 g\u00f6zetti\u011fini g\u00f6steriyor.<\/p>\n<p style=\"text-align: justify;\">Kitle hareketi i\u00e7inde hissedilen bir yap\u0131 olmamakla birlikte &#8220;Devrimci Karargah&#8221;\u0131n var oldu\u011fundan \u015f\u00fcphe etmek i\u00e7in bir neden yok. Emniyet&#8217;in &#8220;Devrimci Karargah&#8221; operasyonlar\u0131n\u0131 sol muhalefeti tasfiye i\u00e7in vesile k\u0131lmas\u0131 bir \u015fey, bu grubun ger\u00e7ekte ne oldu\u011fu ba\u015fka \u015fey olarak g\u00f6r\u00fclmeli. Polis psikolojik harekatta kestirme yollara ba\u015fvurabilir ama politik analiz i\u00e7in kestirme yol genellikle \u00e7\u0131kmaz bir yoldur&#8221;.<\/p>\n<p style=\"text-align: justify;\">\u00d6zetle, g\u00f6r\u00fcnen o ki; DK&#8217;ya &#8220;asl\u0131nda varolmayan&#8221; bir \u00f6rg\u00fct olarak de\u011fil, ancak hakk\u0131nda s\u00f6ylenenlerin ciddi bir tensikatla dinlenmesi gereken bir yap\u0131lanma olarak bakmak gerekiyor.<\/p>\n<p style=\"text-align: justify;\"><a href=\"http:\/\/www.gazeteport.com.tr\/GUNCEL\/NEWS\/GP_773372\" target=\"_blank\"><span style=\"color: #888888;\">Kaynak : GAZETEPORT<\/span><\/a><\/p>\n","protected":false},"excerpt":{"rendered":"<\/p>\n<p style=\"text-align: justify;\">Devrimci Kararg\u00e2h ger\u00e7ekten de &#8220;varolan&#8221;, ancak hakk\u0131nda s\u00f6ylenenlerin \u00e7o\u011fu do\u011fru olmayan bir \u00f6rg\u00fct.<\/p>\n<p style=\"text-align: justify;\">\u0130STANBUL &#8211; Olay adam Hanefi Avc\u0131, Devrimci Kararg\u00e2h (yerden tasarruf i\u00e7in buradan itibaren DK yazaca\u011f\u0131z) \u00f6rg\u00fct\u00fcne yard\u0131m etti\u011fi iddias\u0131yla 2 g\u00fcn \u00f6nce tutukland\u0131. DK, bug\u00fcne kadar medya ve polis taraf\u0131ndan kendisiyle ili\u015fkilendirilen pek \u00e7ok ki\u015finin nitelikleri itibariyle <\/p>\n","protected":false},"author":1,"featured_media":0,"comment_status":"open","ping_status":"closed","sticky":false,"template":"","format":"standard","meta":{"footnotes":""},"categories":[105],"tags":[],"class_list":["post-25991","post","type-post","status-publish","format-standard","hentry","category-gundem","odd"],"_links":{"self":[{"href":"http:\/\/www.korhanyilmaz.com\/index.php?rest_route=\/wp\/v2\/posts\/25991","targetHints":{"allow":["GET"]}}],"collection":[{"href":"http:\/\/www.korhanyilmaz.com\/index.php?rest_route=\/wp\/v2\/posts"}],"about":[{"href":"http:\/\/www.korhanyilmaz.com\/index.php?rest_route=\/wp\/v2\/types\/post"}],"author":[{"embeddable":true,"href":"http:\/\/www.korhanyilmaz.com\/index.php?rest_route=\/wp\/v2\/users\/1"}],"replies":[{"embeddable":true,"href":"http:\/\/www.korhanyilmaz.com\/index.php?rest_route=%2Fwp%2Fv2%2Fcomments&post=25991"}],"version-history":[{"count":0,"href":"http:\/\/www.korhanyilmaz.com\/index.php?rest_route=\/wp\/v2\/posts\/25991\/revisions"}],"wp:attachment":[{"href":"http:\/\/www.korhanyilmaz.com\/index.php?rest_route=%2Fwp%2Fv2%2Fmedia&parent=25991"}],"wp:term":[{"taxonomy":"category","embeddable":true,"href":"http:\/\/www.korhanyilmaz.com\/index.php?rest_route=%2Fwp%2Fv2%2Fcategories&post=25991"},{"taxonomy":"post_tag","embeddable":true,"href":"http:\/\/www.korhanyilmaz.com\/index.php?rest_route=%2Fwp%2Fv2%2Ftags&post=25991"}],"curies":[{"name":"wp","href":"https:\/\/api.w.org\/{rel}","templated":true}]}}