{"id":25983,"date":"2010-10-01T07:48:32","date_gmt":"2010-10-01T04:48:32","guid":{"rendered":"http:\/\/www.korhanyilmaz.com\/?p=25983"},"modified":"2010-10-01T07:48:32","modified_gmt":"2010-10-01T04:48:32","slug":"cihaner%e2%80%99den-sok-aciklama","status":"publish","type":"post","link":"http:\/\/www.korhanyilmaz.com\/?p=25983","title":{"rendered":"Cihaner\u2019den \u015fok a\u00e7\u0131klama"},"content":{"rendered":"<p style=\"text-align: center;\"><a href=\"http:\/\/www.korhanyilmaz.com\/wp-content\/uploads\/2010\/10\/221.jpg\"  class=\"lightview\"><img loading=\"lazy\" decoding=\"async\" class=\"aligncenter size-full wp-image-25984\" src=\"http:\/\/www.korhanyilmaz.com\/wp-content\/uploads\/2010\/10\/221.jpg\" alt=\"\" width=\"346\" height=\"266\" \/><\/a><\/p>\n<p style=\"text-align: justify;\"><a class=\"lightview\" title=\"Cihaner\u2019den \u015fok a\u00e7\u0131klamalar :: Kaynak : http:\/\/videogaleri.gazetevatan.com\/11069_Cihaner-32-Gune-konustu.html :: width: 466, height: 375\" rel=\"set[cihaner]\" href=\"swf\/flvplayer.swf?file=http:\/\/video.gazetevatan.com\/video\/file\/011020100113475391959.flv&amp;autostart=true\"><img loading=\"lazy\" decoding=\"async\" class=\"aligncenter\" title=\"Habere \u0130li\u015fkin Videoyu \u0130zleyin... \" src=\"wp-data\/images\/video_izle_tikla.png\" alt=\"\" width=\"30\" height=\"30\" \/><\/a><\/p>\n<p style=\"text-align: justify;\"><strong>\u2018Tarikat liderinin adam\u0131 se\u00e7imlerde aday g\u00f6sterildi\u2019<\/strong><\/p>\n<p style=\"text-align: justify;\">Erzincan\u2019da cemaatlere y\u00f6nelik soru\u015fturma ba\u015flatmas\u0131n\u0131n ard\u0131ndan g\u00f6revini k\u00f6t\u00fcye kullanmak ve Ergenekon \u00fcyesi olmakla su\u00e7lanan Erzincan Ba\u015fsavc\u0131s\u0131 \u0130lhan Cihaner, Kanal D\u2019de Mehmet Ali Birand ve R\u0131dvan Akar\u2019\u0131n sundu\u011fu 32. G\u00fcn\u2019de cemaat, tarikat ve siyaset \u00fc\u00e7geni hakk\u0131nda \u00e7arp\u0131c\u0131 a\u00e7\u0131klamalarda bulundu.<!--more--><\/p>\n<p style=\"text-align: justify;\">Tarikatlar\u0131n ve cemaatlar\u0131n T\u00fcrkiye siyasetini y\u00f6nlendirdi\u011fini \u00f6ne s\u00fcren Ba\u015fsavc\u0131 Cihaner, \u201cBir tarikat lideri, bir i\u015f adam\u0131n\u0131 arayarak \u2018Bizim \u015fu adam\u0131m\u0131z\u0131 se\u00e7imlerde aday g\u00f6sterin\u2019 dedi. \u0130\u015f adam\u0131 da cemaat lideri i\u00e7in bir partinin \u00fcst d\u00fczey yetkililerinden birini arayarak o ki\u015finin se\u00e7imlerde aday g\u00f6sterilmesini sa\u011flad\u0131\u201d iddias\u0131nda bulundu. Bu cemaati soru\u015fturan herkesin g\u00f6zalt\u0131na al\u0131nd\u0131\u011f\u0131n\u0131 ileri s\u00fcren Cihaner, \u201cCemaate dokunan herkes i\u00e7eri at\u0131l\u0131yor, davalar a\u00e7\u0131l\u0131yor. Her\u015fey bir merkez taraf\u0131ndan y\u00f6nlendiriliyor\u201d dedi.<\/p>\n<p style=\"text-align: justify;\"><strong>\u2018Yasad\u0131\u015f\u0131 dinleme yap\u0131l\u0131yor\u2019 <\/strong><\/p>\n<p style=\"text-align: justify;\">\u00dclkede yasad\u0131\u015f\u0131 dinlemelerin yap\u0131ld\u0131\u011f\u0131n\u0131 belirten Cihaner, s\u00f6zlerine \u015f\u00f6yle devam etti: \u201cBunlar\u0131 yapan da cemaattir. General ve yarg\u0131\u00e7lar\u0131n dinlendi\u011fi ortada, savc\u0131l\u0131klar\u0131m\u0131z ve istihbarat te\u015fkilatlar\u0131m\u0131z bu yasa d\u0131\u015f\u0131 dinlemelere engel olmas\u0131 gerekirken harekete ge\u00e7miyor. Ben bu yap\u0131lanmalar\u0131 soru\u015fturmaya ba\u015flam\u0131\u015ft\u0131m ama engellerle kar\u015f\u0131la\u015ft\u0131m. Bu b\u00fcy\u00fck oyunu kurgulayanlar benim \u00fczerimden bir tak\u0131m \u00e7evrelere mesaj verdi.\u201d<\/p>\n<p style=\"text-align: justify;\">HSYK \u00fcyeli\u011fine aday olup olmayaca\u011f\u0131 konusunda da a\u00e7\u0131klama yapan Cihaner, HSYK\u2019ya aday olmay\u0131 d\u00fc\u015f\u00fcnmedi\u011fini de vurgulad\u0131.<\/p>\n<p style=\"text-align: justify;\"><a href=\"http:\/\/haber.gazetevatan.com\/cihanerden-sok-aciklama\/332041\/1\/Gundem\" target=\"_blank\"><span style=\"color: #888888;\">VATAN<\/span><\/a><\/p>\n","protected":false},"excerpt":{"rendered":"<p style=\"text-align: center;\">\n<p style=\"text-align: justify;\">\n<p style=\"text-align: justify;\">\u2018Tarikat liderinin adam\u0131 se\u00e7imlerde aday g\u00f6sterildi\u2019<\/p>\n<p style=\"text-align: justify;\">Erzincan\u2019da cemaatlere y\u00f6nelik soru\u015fturma ba\u015flatmas\u0131n\u0131n ard\u0131ndan g\u00f6revini k\u00f6t\u00fcye kullanmak ve Ergenekon \u00fcyesi olmakla su\u00e7lanan Erzincan Ba\u015fsavc\u0131s\u0131 \u0130lhan Cihaner, Kanal D\u2019de Mehmet Ali Birand ve R\u0131dvan Akar\u2019\u0131n sundu\u011fu 32. G\u00fcn\u2019de cemaat, tarikat ve siyaset \u00fc\u00e7geni hakk\u0131nda \u00e7arp\u0131c\u0131 a\u00e7\u0131klamalarda bulundu.<\/p>\n","protected":false},"author":1,"featured_media":0,"comment_status":"open","ping_status":"closed","sticky":false,"template":"","format":"standard","meta":{"footnotes":""},"categories":[105],"tags":[],"class_list":["post-25983","post","type-post","status-publish","format-standard","hentry","category-gundem","odd"],"_links":{"self":[{"href":"http:\/\/www.korhanyilmaz.com\/index.php?rest_route=\/wp\/v2\/posts\/25983","targetHints":{"allow":["GET"]}}],"collection":[{"href":"http:\/\/www.korhanyilmaz.com\/index.php?rest_route=\/wp\/v2\/posts"}],"about":[{"href":"http:\/\/www.korhanyilmaz.com\/index.php?rest_route=\/wp\/v2\/types\/post"}],"author":[{"embeddable":true,"href":"http:\/\/www.korhanyilmaz.com\/index.php?rest_route=\/wp\/v2\/users\/1"}],"replies":[{"embeddable":true,"href":"http:\/\/www.korhanyilmaz.com\/index.php?rest_route=%2Fwp%2Fv2%2Fcomments&post=25983"}],"version-history":[{"count":0,"href":"http:\/\/www.korhanyilmaz.com\/index.php?rest_route=\/wp\/v2\/posts\/25983\/revisions"}],"wp:attachment":[{"href":"http:\/\/www.korhanyilmaz.com\/index.php?rest_route=%2Fwp%2Fv2%2Fmedia&parent=25983"}],"wp:term":[{"taxonomy":"category","embeddable":true,"href":"http:\/\/www.korhanyilmaz.com\/index.php?rest_route=%2Fwp%2Fv2%2Fcategories&post=25983"},{"taxonomy":"post_tag","embeddable":true,"href":"http:\/\/www.korhanyilmaz.com\/index.php?rest_route=%2Fwp%2Fv2%2Ftags&post=25983"}],"curies":[{"name":"wp","href":"https:\/\/api.w.org\/{rel}","templated":true}]}}