{"id":25975,"date":"2010-09-30T16:21:22","date_gmt":"2010-09-30T13:21:22","guid":{"rendered":"http:\/\/www.korhanyilmaz.com\/?p=25975"},"modified":"2010-09-30T16:21:22","modified_gmt":"2010-09-30T13:21:22","slug":"cakma-yigit-buluttan-cilgin-oneri","status":"publish","type":"post","link":"http:\/\/www.korhanyilmaz.com\/?p=25975","title":{"rendered":"\u00c7akma Yi\u011fit Bulut&#8217;tan \u00c7\u0131lg\u0131n \u00d6neri"},"content":{"rendered":"<p style=\"text-align: center;\"><a href=\"http:\/\/www.korhanyilmaz.com\/wp-content\/uploads\/2010\/10\/220.jpg\"  class=\"lightview\"><img loading=\"lazy\" decoding=\"async\" class=\"aligncenter size-full wp-image-25976\" src=\"http:\/\/www.korhanyilmaz.com\/wp-content\/uploads\/2010\/10\/220.jpg\" alt=\"\" width=\"332\" height=\"219\" \/><\/a><\/p>\n<p style=\"text-align: center;\"><a class=\"lightview\" title=\"\u00c7akma Yi\u011fit Bulut'tan \u00c7\u0131lg\u0131n \u00d6neri :: Kaynak : http:\/\/www.odatv.com\/n.php?n=yigit-bulut-video-3009101200 :: width: 466, height: 375\" rel=\"set[ybulut]\" href=\"swf\/flvplayer.swf?file=http:\/\/www.odatv.com\/images\/2010_09\/2010_09_30\/yigit-bulut-video-3009101200_video.flv&amp;autostart=true\"><img loading=\"lazy\" decoding=\"async\" class=\"aligncenter\" title=\"Habere \u0130li\u015fkin Videoyu \u0130zleyin... \" src=\"wp-data\/images\/video_izle_tikla.png\" alt=\"\" width=\"30\" height=\"30\" \/><\/a><\/p>\n<p style=\"text-align: justify;\">Yi\u011fit Bulut&#8217;un Ba\u015fbakan Erdo\u011fan\u2019a yapt\u0131\u011f\u0131 &#8220;Televizyonlar\u0131 denetleyen RT\u00dcK gibi bir Medya \u00dcst Kurulu olu\u015fturulsun ve bu kurul internet medyas\u0131 ile gazeteleri denetlesin&#8221; \u00f6nerisi tart\u0131\u015f\u0131lmaya devam ediyor.<\/p>\n<p style=\"text-align: justify;\">Bas\u0131n \u00f6zg\u00fcrl\u00fc\u011f\u00fcn\u00fcn katledilmesi anlam\u0131na gelen bu \u00f6neri, TurkMax&#8217;ta yay\u0131nlanan \u201cHeberler\u201d program\u0131nda hicvedildi.<\/p>\n<p style=\"text-align: justify;\">Programda Odatv&#8217;ye de at\u0131fta bulunuldu.<!--more--><\/p>\n<p style=\"text-align: justify;\"><strong>\u0130\u015fte \u201cHeberler\u201d program\u0131ndaki \u201c\u00c7akma Yi\u011fit Bulut\u2019un\u201d o s\u00f6zleri:<\/strong><\/p>\n<p style=\"text-align: justify;\">\u201cSay\u0131n Yi\u011fit Bulut, size olan sayg\u0131m\u0131 ve sevgimi nas\u0131l ve ne \u015fekilde ifade edebilece\u011fimi bilmiyorum. Belki inanmayacaks\u0131n\u0131z, bizi seyreden seyircilerimiz de \u00e7ok \u015fa\u015f\u0131racaklar ama s\u00f6ylemek zorunday\u0131m, siz benim idol\u00fcms\u00fcn\u00fcz! Varl\u0131\u011f\u0131m\u0131n yegane sebebisiniz. Say\u0131n Bulut, tabir-i caizse ruhlar\u0131m\u0131z ayn\u0131 tornadan \u00e7\u0131km\u0131\u015f. Televizyon yorumculu\u011funa ba\u015flad\u0131\u011f\u0131m g\u00fcnden beri hep size seslenece\u011fim an\u0131n gelece\u011fi heyecan\u0131yla ya\u015fad\u0131m.<\/p>\n<p style=\"text-align: justify;\">Ve ki o g\u00fcn geldi ama b\u00f6ylesine bahts\u0131z, b\u00f6ylesine kalle\u015f bir g\u00fcne denk getirdi\u011fim i\u00e7in \u00f6z\u00fcr dilerim efendim. Aleyhinizde, aleyhimizde demek isterim, bir karalama kampanyas\u0131 ba\u015flat\u0131ld\u0131. Hi\u00e7 hak etmedi\u011fimiz bir karalama kampanyas\u0131 bu. Ne dedik ve ne oldu? Siz internet ve medya \u00fczerine yeni bir sans\u00fcr kurulu olu\u015fturulmas\u0131n\u0131 istediniz. K\u00f6t\u00fc m\u00fc ettiniz? Farkl\u0131 sesler var bu \u00fclkede. Farkl\u0131 sesler hadlerini bilecekler ve susacaklar! Her \u015feyin oldu\u011fu gibi internetin de, gazetelerin de sorumluluklar\u0131 ama her sorumlu\u011fun da belli s\u0131n\u0131rlar\u0131 var. Bu s\u0131n\u0131rlar a\u015f\u0131l\u0131nca ne olacak? Bu Odatv\u2019ye, bu Medyatava\u2019ya, bu Ek\u015fi S\u00f6zl\u00fck\u2019e, \u0130nternet Haber gibi sitelere kim dur diyecek? Tutukla tutukla bitmez.<\/p>\n<p style=\"text-align: justify;\">Say\u0131n Yi\u011fit Bulut, b\u0131rak\u0131n kurulu filan, gazetelerin neredeyse hepsini ald\u0131k. \u0130nterneti de kapatal\u0131m. Yap\u0131lmas\u0131 gereken budur. Uzundur d\u00fc\u015f\u00fcn\u00fcyorum, bak\u0131n bir proje haz\u0131rlad\u0131m. Bay\u0131lacaks\u0131n\u0131z, tam bizim kafam\u0131z! \u015eimdi, ayk\u0131r\u0131 d\u00fc\u015f\u00fcncelerin propaganda platformu haline gelen internet kapat\u0131ls\u0131n, ayn\u0131 fonksiyonlar\u0131 g\u00f6ren tek site haline getirilsin. \u00d6yle bir site olsun ki bu, yurtta\u015flar\u0131n t\u00fcm internet ihtiya\u00e7lar\u0131n\u0131 kar\u015f\u0131las\u0131n. Birbirlerini \u201cpoke\u201dleyebilsinler mesaj atabilsinler, mesajlar a\u00e7\u0131k olmak \u015fart\u0131yla\u2026 Ben bizzat dururum ba\u015f\u0131nda, s\u00f6z! Ad\u0131n\u0131 da buldum, Ak Site! Her \u015fey ihtiyac\u0131 kadar olmal\u0131 hayatta, ihtiyac\u0131n kadar bilgi, ihtiyac\u0131n kadar ileti\u015fim, fazlas\u0131 kafa kar\u0131\u015ft\u0131r\u0131r.<\/p>\n<p style=\"text-align: justify;\">Sayg\u0131lar\u0131mla efendim, beyefendiye h\u00fcrmetler. Umar\u0131m g\u00fcn\u00fcn birinde kar\u015f\u0131la\u015f\u0131r, elinizi s\u0131kmak \u015ferefine nail olurum. Ho\u015f\u00e7a kal\u0131n.\u201d<\/p>\n<p style=\"text-align: justify;\">Metin yazarl\u0131\u011f\u0131 ve y\u00f6netmenli\u011fini Levent Kazak\u2019\u0131n \u00fcstlendi\u011fi; Memet Ali Alabora, Serhat K\u0131l\u0131\u00e7 ve Mahir \u0130pek\u2019in oyunculuklar\u0131 ile can verdi\u011fi \u201cHeberler\u201d adl\u0131 politik kabare TurkMax\u2019ta yay\u0131nlan\u0131yor.<\/p>\n<p style=\"text-align: justify;\"><span style=\"color: #888888;\">Kaynak : <a href=\"http:\/\/www.odatv.com\/n.php?n=yigit-bulut-video-3009101200\" target=\"_blank\">Odatv.com<\/a><\/span><\/p>\n","protected":false},"excerpt":{"rendered":"<p style=\"text-align: center;\">\n<p style=\"text-align: center;\">\n<p style=\"text-align: justify;\">Yi\u011fit Bulut&#8217;un Ba\u015fbakan Erdo\u011fan\u2019a yapt\u0131\u011f\u0131 &#8220;Televizyonlar\u0131 denetleyen RT\u00dcK gibi bir Medya \u00dcst Kurulu olu\u015fturulsun ve bu kurul internet medyas\u0131 ile gazeteleri denetlesin&#8221; \u00f6nerisi tart\u0131\u015f\u0131lmaya devam ediyor.<\/p>\n<p style=\"text-align: justify;\">Bas\u0131n \u00f6zg\u00fcrl\u00fc\u011f\u00fcn\u00fcn katledilmesi anlam\u0131na gelen bu \u00f6neri, TurkMax&#8217;ta yay\u0131nlanan \u201cHeberler\u201d program\u0131nda hicvedildi.<\/p>\n<p style=\"text-align: justify;\">Programda Odatv&#8217;ye de at\u0131fta bulunuldu.<\/p>\n","protected":false},"author":1,"featured_media":0,"comment_status":"open","ping_status":"closed","sticky":false,"template":"","format":"standard","meta":{"footnotes":""},"categories":[105],"tags":[],"class_list":["post-25975","post","type-post","status-publish","format-standard","hentry","category-gundem","odd"],"_links":{"self":[{"href":"http:\/\/www.korhanyilmaz.com\/index.php?rest_route=\/wp\/v2\/posts\/25975","targetHints":{"allow":["GET"]}}],"collection":[{"href":"http:\/\/www.korhanyilmaz.com\/index.php?rest_route=\/wp\/v2\/posts"}],"about":[{"href":"http:\/\/www.korhanyilmaz.com\/index.php?rest_route=\/wp\/v2\/types\/post"}],"author":[{"embeddable":true,"href":"http:\/\/www.korhanyilmaz.com\/index.php?rest_route=\/wp\/v2\/users\/1"}],"replies":[{"embeddable":true,"href":"http:\/\/www.korhanyilmaz.com\/index.php?rest_route=%2Fwp%2Fv2%2Fcomments&post=25975"}],"version-history":[{"count":0,"href":"http:\/\/www.korhanyilmaz.com\/index.php?rest_route=\/wp\/v2\/posts\/25975\/revisions"}],"wp:attachment":[{"href":"http:\/\/www.korhanyilmaz.com\/index.php?rest_route=%2Fwp%2Fv2%2Fmedia&parent=25975"}],"wp:term":[{"taxonomy":"category","embeddable":true,"href":"http:\/\/www.korhanyilmaz.com\/index.php?rest_route=%2Fwp%2Fv2%2Fcategories&post=25975"},{"taxonomy":"post_tag","embeddable":true,"href":"http:\/\/www.korhanyilmaz.com\/index.php?rest_route=%2Fwp%2Fv2%2Ftags&post=25975"}],"curies":[{"name":"wp","href":"https:\/\/api.w.org\/{rel}","templated":true}]}}