{"id":25972,"date":"2010-09-30T17:25:19","date_gmt":"2010-09-30T14:25:19","guid":{"rendered":"http:\/\/www.korhanyilmaz.com\/?p=25972"},"modified":"2010-09-30T17:25:19","modified_gmt":"2010-09-30T14:25:19","slug":"ysk-sandik-sonuclarini-neden-aciklamiyor","status":"publish","type":"post","link":"http:\/\/www.korhanyilmaz.com\/?p=25972","title":{"rendered":"YSK Sand\u0131k Sonu\u00e7lar\u0131n\u0131 Neden A\u00e7\u0131klam\u0131yor"},"content":{"rendered":"<p style=\"text-align: justify;\"><a href=\"http:\/\/www.korhanyilmaz.com\/wp-content\/uploads\/2010\/10\/219.jpg\"  class=\"lightview\"><img loading=\"lazy\" decoding=\"async\" class=\"aligncenter size-full wp-image-25973\" src=\"http:\/\/www.korhanyilmaz.com\/wp-content\/uploads\/2010\/10\/219.jpg\" alt=\"\" width=\"250\" height=\"175\" \/><\/a><\/p>\n<p style=\"text-align: justify;\">\n<p style=\"text-align: justify;\">CHP, referandum sonu\u00e7lar\u0131yla ilgili Dan\u0131\u015ftay\u2019a gitmeye haz\u0131rlan\u0131yor.<\/p>\n<p style=\"text-align: justify;\">\u0130\u015fte Anadolu Ajans\u0131 ve ANKA\u2019n\u0131n konuyla ilgili haberleri:<\/p>\n<p style=\"text-align: justify;\">CHP Konya Milletvekili Atilla Kart, referandumdaki tek tek sand\u0131k sonu\u00e7lar\u0131n\u0131n yay\u0131nlanmas\u0131\u00a0i\u00e7in yapt\u0131\u011f\u0131 ba\u015fvuruyu reddeden Y\u00fcksek Se\u00e7im Kurulu (YSK) karar\u0131n\u0131n iptali i\u00e7in\u00a0Dan\u0131\u015ftay\u2019da dava a\u00e7aca\u011f\u0131n\u0131 bildirdi.\u00a0<!--more--><\/p>\n<p style=\"text-align: justify;\">Kart, TBMM\u2019de d\u00fczenledi\u011fi bas\u0131n toplant\u0131s\u0131nda, YSK\u2019n\u0131n halk oylamas\u0131 sonu\u00e7lar\u0131n\u0131 il\u00e7e ve il baz\u0131nda internette yay\u0131nlad\u0131\u011f\u0131n\u0131, sand\u0131k baz\u0131nda sonu\u00e7lar\u0131n ise duyurulmad\u0131\u011f\u0131n\u0131 ifade etti. Kart, &#8220;denetlenebilirlik a\u00e7\u0131s\u0131ndan&#8221; sand\u0131k baz\u0131nda sonu\u00e7lar\u0131 yay\u0131nlamas\u0131 i\u00e7in iki kez ba\u015fvurdu\u011funu, ancak YSK\u2019n\u0131n bunu reddetti\u011fini belirtti.<\/p>\n<p style=\"text-align: justify;\">Bunun olabilirli\u011finin uzmanlar taraf\u0131ndan belirtildi\u011fi g\u00f6r\u00fc\u015f\u00fcn\u00fc savunan Kart, engelleyici bir yasal d\u00fczenlemenin de olmad\u0131\u011f\u0131n\u0131 kaydetti. Kart, &#8220;YSK, anayasal sorumlulu\u011funun gere\u011fini yapmaktan ka\u00e7\u0131nm\u0131\u015ft\u0131r. G\u00f6revden ka\u00e7m\u0131\u015ft\u0131r,sorumluluk almak istememi\u015ftir, kamu hizmetinin ve g\u00f6revinin gere\u011fini yapmam\u0131\u015ft\u0131r&#8221; dedi.<\/p>\n<p style=\"text-align: justify;\"><strong>\u201cYSK M\u00dcDAHALELERE ZEM\u0130N HAZIRLADI\u201d<\/strong><\/p>\n<p style=\"text-align: justify;\">Atilla Kart, yapt\u0131\u011f\u0131 a\u00e7\u0131klamalarda \u015funlar\u0131 s\u00f6yledi:<\/p>\n<p style=\"text-align: justify;\">\u201cY\u00fcksek Se\u00e7im Kurulu(YSK) internet sitesinde sand\u0131k sonu\u00e7lar\u0131n\u0131 neden a\u00e7\u0131klam\u0131yor? Neden a\u00e7\u0131klamamakta \u0131srar ediyor? Neden direniyor? Neden sessiz kal\u0131yor? 2007\u2019den bu yana AKP\u2019nin sorumlulu\u011funda yap\u0131lan se\u00e7imlerde hile ya da m\u00fcdahaleler yap\u0131ld\u0131\u011f\u0131na dair ciddi ku\u015fkular s\u00f6z konusudur. Bu s\u00fcre\u00e7te YSK\u2019n\u0131n etkin olmad\u0131\u011f\u0131, manip\u00fclasyonlara, a\u00e7\u0131k m\u00fcdahalelere zemin haz\u0131rlad\u0131\u011f\u0131, edilgen davrand\u0131\u011f\u0131 ortaya \u00e7\u0131km\u0131\u015ft\u0131r. YSK\u2019n\u0131n anayasal g\u00f6revini g\u00fcven verecek \u015fekilde ve etkin bir \u015fekilde yerine getirmesi gerekti\u011fi a\u00e7\u0131kt\u0131r. YSK bir taraftan se\u00e7imlerin g\u00fcven verecek \u015fekilde yap\u0131lmas\u0131n\u0131 sa\u011flamak zorundad\u0131r, bir taraftan da se\u00e7imlerin denetlenebilirli\u011fini sa\u011flamak zorundad\u0131r. Bu iki temel g\u00f6revi vard\u0131r. YSK yapt\u0131\u011f\u0131 uygulama ile se\u00e7imlerin denetimi ve g\u00fcveni konusunda \u00fcst\u00fcne d\u00fc\u015fen salt sorumlulu\u011fun gere\u011fini yapmaktan ka\u00e7\u0131nm\u0131\u015ft\u0131r, g\u00f6revden ka\u00e7m\u0131\u015ft\u0131r. Sorumluluk almak istememi\u015ftir. Kamu hizmetinin ve g\u00f6revinin gere\u011fini yapmam\u0131\u015ft\u0131r. YSK, h\u00fck\u00fcmet ile kar\u015f\u0131 kar\u015f\u0131ya gelmek istemiyor. Maalesef ger\u00e7eklerin ortaya \u00e7\u0131kmas\u0131n\u0131 engellemekte. YSK asli g\u00f6revi ve varl\u0131k sebebi olan se\u00e7imlerin denetimi g\u00f6revini yerine getirmemektedir. YSK bu ku\u015fkuyu gidermek ve se\u00e7im sonu\u00e7lar\u0131n\u0131n denetlenebilirli\u011fini sa\u011flamak zorundad\u0131r. Bu s\u00fcre\u00e7te YSK\u2019n\u0131n bu olumsuz nitelikteki i\u015flemine kar\u015f\u0131 bug\u00fcn ya da yar\u0131n Dan\u0131\u015ftay\u2018a ba\u015fvuraca\u011f\u0131z.\u201d<\/p>\n<p style=\"text-align: justify;\"><strong>\u201cYSK\u2019NIN \u0130\u015eLEM\u0130 HUKUKA AYKIRI\u201d <\/strong><\/p>\n<p style=\"text-align: justify;\">\u201cYSK, referandum sonu\u00e7lar\u0131n\u0131n denetlenebilmesine imkan sa\u011flayacak bir \u00e7al\u0131\u015fmay\u0131 yapmak zorundad\u0131r. Bu YSK\u2019n\u0131n temel sorumlulu\u011fudur\u201d diyen Kart, \u201cYSK yapt\u0131\u011f\u0131 uygulama ile bu denetlenme imkan\u0131n\u0131 ortadan kald\u0131rm\u0131\u015ft\u0131r. Bu y\u00f6n\u00fcyle hukuka ayk\u0131r\u0131 uygulama yapm\u0131\u015ft\u0131r. YSK\u2019n\u0131n bu tesis etmi\u015f oldu\u011fu i\u015flemin hukuka ayk\u0131r\u0131l\u0131\u011f\u0131n\u0131 ve iptalini sa\u011flamak amac\u0131yla bu ba\u015fvuruyu yap\u0131yoruz\u201d dedi.<\/p>\n<p style=\"text-align: justify;\"><strong>\u201cYSK NEDEN KA\u00c7IYOR?\u201d <\/strong><\/p>\n<p style=\"text-align: justify;\">YSK\u2019n\u0131n temel g\u00f6revini yerine getirmekten ka\u00e7\u0131nd\u0131\u011f\u0131n\u0131 iddia eden Kart, \u201cYSK\u2019n\u0131n endi\u015fe etti\u011fi bir durum mu vard\u0131r? YSK \u015feffafl\u0131ktan neden ka\u00e7\u0131nmaktad\u0131r? YSK neden sessiz kalmaktad\u0131r\u201d diye sordu.<\/p>\n<p style=\"text-align: justify;\"><span style=\"color: #888888;\">Kaynak : <a href=\"http:\/\/www.odatv.com\/n.php?n=ysk-sandik-sonuclarini-neden-aciklamiyor-3009101200\" target=\"_blank\">Odatv.com<\/a><\/span><\/p>\n","protected":false},"excerpt":{"rendered":"<p style=\"text-align: justify;\">\n<p style=\"text-align: justify;\">\n<p style=\"text-align: justify;\">CHP, referandum sonu\u00e7lar\u0131yla ilgili Dan\u0131\u015ftay\u2019a gitmeye haz\u0131rlan\u0131yor.<\/p>\n<p style=\"text-align: justify;\">\u0130\u015fte Anadolu Ajans\u0131 ve ANKA\u2019n\u0131n konuyla ilgili haberleri:<\/p>\n<p style=\"text-align: justify;\">CHP Konya Milletvekili Atilla Kart, referandumdaki tek tek sand\u0131k sonu\u00e7lar\u0131n\u0131n yay\u0131nlanmas\u0131 i\u00e7in yapt\u0131\u011f\u0131 ba\u015fvuruyu reddeden Y\u00fcksek Se\u00e7im Kurulu (YSK) karar\u0131n\u0131n iptali i\u00e7in Dan\u0131\u015ftay\u2019da dava a\u00e7aca\u011f\u0131n\u0131 bildirdi. <\/p>\n","protected":false},"author":1,"featured_media":0,"comment_status":"open","ping_status":"closed","sticky":false,"template":"","format":"standard","meta":{"footnotes":""},"categories":[105],"tags":[],"class_list":["post-25972","post","type-post","status-publish","format-standard","hentry","category-gundem","odd"],"_links":{"self":[{"href":"http:\/\/www.korhanyilmaz.com\/index.php?rest_route=\/wp\/v2\/posts\/25972","targetHints":{"allow":["GET"]}}],"collection":[{"href":"http:\/\/www.korhanyilmaz.com\/index.php?rest_route=\/wp\/v2\/posts"}],"about":[{"href":"http:\/\/www.korhanyilmaz.com\/index.php?rest_route=\/wp\/v2\/types\/post"}],"author":[{"embeddable":true,"href":"http:\/\/www.korhanyilmaz.com\/index.php?rest_route=\/wp\/v2\/users\/1"}],"replies":[{"embeddable":true,"href":"http:\/\/www.korhanyilmaz.com\/index.php?rest_route=%2Fwp%2Fv2%2Fcomments&post=25972"}],"version-history":[{"count":0,"href":"http:\/\/www.korhanyilmaz.com\/index.php?rest_route=\/wp\/v2\/posts\/25972\/revisions"}],"wp:attachment":[{"href":"http:\/\/www.korhanyilmaz.com\/index.php?rest_route=%2Fwp%2Fv2%2Fmedia&parent=25972"}],"wp:term":[{"taxonomy":"category","embeddable":true,"href":"http:\/\/www.korhanyilmaz.com\/index.php?rest_route=%2Fwp%2Fv2%2Fcategories&post=25972"},{"taxonomy":"post_tag","embeddable":true,"href":"http:\/\/www.korhanyilmaz.com\/index.php?rest_route=%2Fwp%2Fv2%2Ftags&post=25972"}],"curies":[{"name":"wp","href":"https:\/\/api.w.org\/{rel}","templated":true}]}}