{"id":25968,"date":"2010-09-30T08:02:28","date_gmt":"2010-09-30T05:02:28","guid":{"rendered":"http:\/\/www.korhanyilmaz.com\/?p=25968"},"modified":"2010-09-30T08:02:28","modified_gmt":"2010-09-30T05:02:28","slug":"bu-bir-cemaat-operasyonudur","status":"publish","type":"post","link":"http:\/\/www.korhanyilmaz.com\/?p=25968","title":{"rendered":"&#8220;Bu bir cemaat operasyonudur&#8221;"},"content":{"rendered":"<p style=\"text-align: center;\"><a href=\"http:\/\/www.korhanyilmaz.com\/wp-content\/uploads\/2010\/09\/2181.jpg\"  class=\"lightview\"><img loading=\"lazy\" decoding=\"async\" class=\"aligncenter size-full wp-image-25969\" src=\"http:\/\/www.korhanyilmaz.com\/wp-content\/uploads\/2010\/09\/2181.jpg\" alt=\"\" width=\"410\" height=\"217\" \/><\/a><\/p>\n<p style=\"text-align: justify;\">Hanefi Avc\u0131, hakk\u0131ndaki iddialarla ilgili olarak 30 Eyl\u00fcl tarihinde a\u00e7\u0131klama yapaca\u011f\u0131n\u0131 s\u00f6yledi. Ancak bu a\u00e7\u0131klamay\u0131 yapamadan \u00d6zel Yetkili Cumhuriyet Savc\u0131s\u0131 Kadir Alt\u0131n\u0131\u015f\u0131k&#8217;\u0131n talimat\u0131yla g\u00f6zalt\u0131na al\u0131nd\u0131. \u0130stanbul&#8217;a getirilerek \u00e7\u0131kart\u0131ld\u0131\u011f\u0131 n\u00f6bet\u00e7i mahkeme taraf\u0131ndan tutukland\u0131.<!--more--><\/p>\n<p style=\"text-align: justify;\">\u0130STANBUL &#8211; \u0130stanbul Cumhuriyet Ba\u015fsavc\u0131l\u0131\u011f\u0131, HSYK ve  Adalet Bakanl\u0131\u011f\u0131na \u015fikayet etti\u011fi, \u00d6zel Yetkili Cumhuriyet Savc\u0131s\u0131 Kadir Alt\u0131n\u0131\u015f\u0131k&#8217;\u0131n talimat\u0131yla g\u00f6zalt\u0131na al\u0131nd\u0131ktan sonra \u00e7\u0131kart\u0131ld\u0131\u011f\u0131 n\u00f6bet\u00e7i mahkeme taraf\u0131ndan tutuklanan Hanefi Avc\u0131&#8217;n\u0131n bug\u00fcn hakk\u0131ndaki iddialarla ilgili bas\u0131n a\u00e7\u0131klamas\u0131 d\u00fczenleyecekti. Ancak Hanefi Avc\u0131 Sal\u0131 g\u00fcn Devrimci Karargah soru\u015fturmas\u0131n\u0131 y\u00fcr\u00fcten Kadir Alt\u0131n\u0131\u015f\u0131k&#8217;\u0131n talimat\u0131yla Ankara&#8217;da g\u00f6zalt\u0131na al\u0131narak \u0130stanbul&#8217;a getirildi. Hanefi Avc\u0131, kendisini g\u00f6zalt\u0131na ald\u0131laran ve Devrimci Karargah operasyonu soru\u015fturmas\u0131n\u0131 y\u00fcr\u00fcten Kadir Alt\u0131n\u0131\u015f\u0131k&#8217;a ifade vermeyi reddetti. \u0130fade vermedi\u011fi gibi y\u00f6neltilen sorular\u0131n ve tutanaklar\u0131n da alt\u0131n\u0131 imzalamad\u0131. Baronun kendisine g\u00f6nderdi\u011fi avukat\u0131 da kabul etmedi. Bu olay\u0131n ba\u015ftan sona bir cemaat operasyonu oldu\u011funu savundu\u011fu \u00f6\u011frenildi. Hanefi Avc\u0131 bug\u00fcn yapaca\u011f\u0131 bas\u0131n a\u00e7\u0131klamas\u0131n\u0131n notlar\u0131n\u0131 haz\u0131rlam\u0131\u015ft\u0131. G\u00f6zalt\u0131na al\u0131nd\u0131ktan sonra bu notlar\u0131 kendisini arayan gazetecilere ula\u015ft\u0131rd\u0131.<\/p>\n<p style=\"text-align: justify;\">Bu a\u00e7\u0131klama k\u0131smen Hanefi Avc\u0131&#8217;n\u0131n mahkemede kendisini savunmas\u0131 olarak baz\u0131 gazete ve internet sitelerinde yer ald\u0131. Ancak habercilerin g\u00f6z\u00fcnden ka\u00e7an nokta bu Hanefi Avc\u0131&#8217;n\u0131n bug\u00fcn d\u00fczenleyece\u011fin bas\u0131n a\u00e7\u0131klamas\u0131nda yapaca\u011f\u0131 konu\u015fman\u0131n metniydi. Avc\u0131&#8217;n\u0131n haz\u0131rlad\u0131\u011f\u0131 metni okuyunca g\u00f6zalt\u0131na al\u0131nmay\u0131 ve tutuklanmay\u0131 hi\u00e7 beklemedi\u011fi anla\u015f\u0131l\u0131yor. E\u011fer kendisini zorla g\u00f6t\u00fcrmek isterlerse buna direnece\u011fini belirterek hi\u00e7 bir makam \u00f6n\u00fcnde e\u011filmeyece\u011fini dile getirerek, ifade vermeyece\u011fini belirtiyor.<\/p>\n<p style=\"text-align: justify;\">Hanefi Avc\u0131 hakk\u0131ndaki iddialarla ilgili olarak d\u00fczenleyece\u011fi bas\u0131n a\u00e7\u0131klamas\u0131n\u0131 iki b\u00f6l\u00fcm halinde haz\u0131rlad\u0131.<\/p>\n<p style=\"text-align: justify;\">Avc\u0131 e\u011fer tutuklanmasayd\u0131 Birinci b\u00f6l\u00fcmde, yazd\u0131\u011f\u0131 kitapla ilgili olarak hakk\u0131nda tam sekiz soru\u015fturma a\u00e7\u0131ld\u0131\u011f\u0131n\u0131 a\u00e7\u0131klayacakt\u0131. \u0130\u00e7i\u015fleri Bakanl\u0131\u011f\u0131 m\u00fcfetti\u015fleri, kitab\u0131nda yer alan iddiarla ilgili belge istemek yerine, 6&#8217;s\u0131 kitap i\u00e7eri\u011fini su\u00e7 kabul eden, ikisi de izinsiz bas\u0131n a\u00e7\u0131klamas\u0131 yapt\u0131\u011f\u0131 i\u00e7in hakk\u0131nda soru\u015fturma a\u00e7\u0131lm\u0131\u015f ve savunma istiyordu. Tek tek bu iddialar\u0131 s\u0131ralayan Hanefi Avc\u0131, \u015fikayetleri ve iddialar\u0131n\u0131n soru\u015fturulaca\u011f\u0131 yerde kendisinin soru\u015fturulmas\u0131n\u0131 a\u00e7\u0131klayacakt\u0131.<\/p>\n<p style=\"text-align: justify;\">\u0130kinci b\u00f6l\u00fcmde ise Devrimci Karargah soru\u015fturmas\u0131nda tutuklanan ve kendisi ile irtibat\u0131 oldu\u011fu ileri s\u00fcr\u00fclen eski DHKP\/C&#8217;li Necdet K\u0131l\u0131\u00e7&#8217;la olan irtibat\u0131 ile ilgili iddialara verdi\u011fi yan\u0131tlardan olu\u015fuyordu.<\/p>\n<p style=\"text-align: justify;\">Hanefi Avc\u0131 a\u00e7\u0131klamas\u0131n\u0131, soru\u015fturmay\u0131 y\u00fcr\u00fcten \u00d6zel Yetkili Cumhuriyet Savc\u0131s\u0131 Kadir Alt\u0131n\u0131\u015f\u0131k&#8217;\u0131, Adalet Bakanl\u0131\u011f\u0131, HSYK ve \u0130stanbul Cumhuriyet Ba\u015fsavc\u0131l\u0131\u011f\u0131na \u015fikayet etti\u011fini belirterek, \u0130stanbul \u0130stihbarat \u015eubesini kendisine kar\u015f\u0131 su\u00e7 isnad\u0131 yapmakla su\u00e7layarak bitiriyordu.<\/p>\n<p style=\"text-align: justify;\"><span style=\"background-color: #ffcc99;\">\u0130\u015fte Hanefi Avc\u0131&#8217;n\u0131n a\u00e7\u0131klamas\u0131n\u0131n tam metni; <\/span><\/p>\n<p style=\"text-align: justify;\"><strong>A\u00c7IKLAMAM<\/strong><\/p>\n<p style=\"text-align: justify;\">Kitap dan sonra ne oldu ..<\/p>\n<p style=\"text-align: justify;\">Kitap ile ilgili olarak hakk\u0131mda 8 ayr\u0131 soru\u015fturma yap\u0131l\u0131yor ( 6 s\u0131 kitap i\u00e7eri\u011fini su\u00e7 kabul eden, ikisi izinsiz bas\u0131na a\u00e7\u0131klama yapma soru\u015fturmas\u0131.)<\/p>\n<p style=\"text-align: justify;\">Yap\u0131lan soru\u015fturma i\u00e7erikleri ile ilgili olarak \u015fahs\u0131ma y\u00f6neltilen sorular ..<\/p>\n<p style=\"text-align: justify;\"><strong>1-<\/strong> &#8216;Adli yarg\u0131 mercilerine ve g\u00f6revli baz\u0131 yarg\u0131 mensuplar\u0131na haks\u0131z olarak su\u00e7 isnad\u0131nda bulundu\u011funuz, adil yarg\u0131lamay\u0131 ve yarg\u0131 g\u00f6revi yapanlar\u0131 etkilemeye \u00e7al\u0131\u015ft\u0131\u011f\u0131n\u0131z, kamuoyu nezdinde Yarg\u0131 Mensuplar\u0131n\u0131 k\u00fc\u00e7\u00fck d\u00fc\u015f\u00fcrd\u00fc\u011f\u00fcn\u00fcz&#8217;<\/p>\n<p style=\"text-align: justify;\"><strong>2-<\/strong> &#8216;Ba\u015fbakan\u0131, i\u00e7i\u015fleri Bakan\u0131n\u0131, Emniyet Genel M\u00fcd\u00fcr\u00fcn\u00fc, Emniyet Te\u015fkilat\u0131n\u0131n baz\u0131 birimlerini ve mensuplar\u0131n\u0131, T\u00fcrk Silahl\u0131 Kuvvetlerini, Jandarma Te\u015fkilat\u0131n\u0131 su\u00e7 i\u015flemek ve g\u00f6revlerini k\u00f6t\u00fcye kullanmak\/ihmal etmekle itham etti\u011finiz, polislik mesle\u011finin onur ve sayg\u0131nl\u0131\u011f\u0131n\u0131 zedeledi\u011finiz, amir yada \u00fcstlerinizin eylem ve i\u015flemlerini haks\u0131z ve mesnetsiz olarak ele\u015ftirdi\u011finiz, meslekta\u015flar\u0131n\u0131z hakk\u0131nda ele\u015ftiri s\u0131n\u0131rlar\u0131n\u0131 a\u015farak onurlar\u0131n\u0131 k\u0131rd\u0131\u011f\u0131n\u0131z ve devletin askeri ve emniyet te\u015fkilat\u0131n\u0131 alenen a\u015fa\u011f\u0131lad\u0131\u011f\u0131n\u0131z\u2019<\/p>\n<p style=\"text-align: justify;\"><strong>3- <\/strong>&#8216;Bu suretle, (\u00c7ok Gizli) gizlilik dereceli y\u00f6netmelikle belirlenen Emniyet Genel M\u00fcd\u00fcrl\u00fc\u011f\u00fc \u0130stihbarat Daire Ba\u015fkanl\u0131\u011f\u0131\u2019n\u0131n idari i\u015fleyi\u015f ve team\u00fclleri if\u015fa etti\u011finiz, mevzuata ayk\u0131r\u0131 olarak muhbirlerle temas\u0131n\u0131z\u0131 devam ettirdi\u011finiz, istihbarat faaliyetleri ile ilgili \u00f6rt\u00fcl\u00fc \u00f6denek harcamalar\u0131n\u0131 ve gizli kalmas\u0131 gereken bilgileri if\u015fa etti\u011finiz, g\u00f6reviniz gere\u011fi muttali oldu\u011funuz ve gizli kalmas\u0131 gereken isim, bilgi, ve belgeleri de\u015fifre etti\u011finiz, mesai arkada\u015flar\u0131n\u0131z\u0131n kimlik bilgilerini a\u00e7\u0131klayarak can g\u00fcvenliklerini riske att\u0131\u011f\u0131n\u0131z, devletin g\u00fcvenli\u011fi veya i\u00e7 d\u0131\u015f siyasal yararlar\u0131 bak\u0131m\u0131ndan gizli kalmas\u0131 gereken bilgileri a\u00e7\u0131klad\u0131\u011f\u0131n\u0131z,&#8217;<\/p>\n<p style=\"text-align: justify;\"><strong>4-<\/strong> &#8216;T\u00fcrk Milletini, T\u00fcrkiye Cumhuriyeti Devleti ve H\u00fck\u00fcmetini, devletin kurum ve organlar\u0131n\u0131 a\u015fa\u011f\u0131lad\u0131\u011f\u0131n\u0131z, insanlar\u0131m\u0131z\u0131 k\u00fc\u00e7\u00fcmsedi\u011finiz, \u00fcstlerinizi ve devletin y\u00f6neticilerinin eylem ve i\u015flemlerini \u00e7arp\u0131tarak ele\u015ftirdi\u011finiz, buna kar\u015f\u0131l\u0131k ter\u00f6r \u00f6rg\u00fct\u00fc ve mensuplar\u0131n\u0131 \u00f6vd\u00fc\u011f\u00fcn\u00fcz&#8217;<\/p>\n<p style=\"text-align: justify;\"><strong>5- <\/strong>&#8216;bu suretle, adli yarg\u0131 mercilerine ve g\u00f6revli baz\u0131 yarg\u0131 mensuplar\u0131na haks\u0131z olarak su\u00e7 isnad\u0131nda bulundu\u011funuz, adli yarg\u0131lama ve yarg\u0131 g\u00f6revi yapanlar\u0131 etkilemeye \u00e7al\u0131\u015ft\u0131\u011f\u0131n\u0131z, kamuoyu nezdinde yarg\u0131 Mensuplar\u0131n\u0131 k\u00fc\u00e7\u00fck d\u00fc\u015f\u00fcrd\u00fc\u011f\u00fcn\u00fcz&#8217;,<\/p>\n<p style=\"text-align: justify;\"><strong>6-<\/strong> &#8216;Emniyet Genel M\u00fcd\u00fcrl\u00fc\u011f\u00fc \u0130stihbarat Daire Ba\u015fkanl\u0131\u011f\u0131 ile \u0130stanbul Emniyet M\u00fcd\u00fcrl\u00fc\u011f\u00fc \u0130stihbarat \u015eube M\u00fcd\u00fcrl\u00fc\u011f\u00fc personelinin telkominikasyon yolu ile ileti\u015fimin tespiti, dinlenmesi ve kayda al\u0131nmas\u0131 konular\u0131nda mevzuata ayk\u0131r\u0131 hareket ederek keyfi davrand\u0131klar\u0131&#8217;<\/p>\n<p style=\"text-align: justify;\"><strong>7- &#8216;<\/strong>\u0130zin almaks\u0131z\u0131n 26 Agustos 2010 g\u00fcn\u00fc saat 11.15\u2019te NTV televizyon kanal\u0131nda Mirg\u00fcn CABAS ve Ru\u015fen \u00c7AKIR\u2019\u0131n sundu\u011fu \u2018\u2019 Yaz\u0131 \u0130\u015fleri \u2013 \u00f6zel\u2019\u2019 program\u0131na kat\u0131ld\u0131\u011f\u0131n\u0131z, yetkiniz olmad\u0131\u011f\u0131 halde g\u00f6revinizle ilgili konularda a\u00e7\u0131klamalarda bulundu\u011funuz, bilgi ve deme\u00e7 verdi\u011finiz&#8217;<\/p>\n<p style=\"text-align: justify;\"><strong>8- <\/strong>&#8216;Taraf Gazetesi Muhabiri Mehmet Baransu\u2019ya 30 A\u011fustos 2010 g\u00fcn\u00fc saat 09.30 da ilgili yetkili olmad\u0131\u011f\u0131m halde g\u00f6revimle ilgili konuda a\u00e7\u0131klama yaparak deme\u00e7 verdi\u011fim ve bu demecimde Emniyet Te\u015fkilat\u0131n\u0131 a\u015fa\u011f\u0131lad\u0131\u011f\u0131m, mesle\u011fin onur ve sayg\u0131nl\u0131\u011f\u0131n\u0131 zedeledi\u011fim iddias\u0131 ile savunmam istenmektedir.&#8217;<\/p>\n<p style=\"text-align: justify;\">G\u00f6r\u00fcld\u00fc\u011f\u00fc \u00fczere benim \u015fikayetlerim, iddialar\u0131m de\u011fil hala ben soru\u015fturulmaktay\u0131m.<\/p>\n<p style=\"text-align: justify;\"><strong>GAZETELER HABER YAPMAMALARI \u0130\u00c7\u0130N UYARILDI<\/strong><\/p>\n<p style=\"text-align: justify;\">Baz\u0131 bas\u0131n organlar\u0131n\u0131n kitapla ilgili yap\u0131lan haberleri g\u00f6rmezden geldi\u011fi hatta haz\u0131rlanm\u0131\u015f haberleri geri \u00e7ekti\u011fi, baz\u0131 yazarlar\u0131na rica ederek yazmamalar\u0131n\u0131 istedikleri, baz\u0131 programlar\u0131n planlanmas\u0131na ra\u011fmen yay\u0131ndan kald\u0131rd\u0131klar\u0131n\u0131n sebeplerini soru\u015fturuldu\u011funda tahmin edildi\u011fi gibi \u00f6yle idarenin bask\u0131s\u0131, vergi cezas\u0131 vs de\u011fil patronlar\u0131n\u0131n her an baz\u0131 davalar\u0131n numaral\u0131 san\u0131\u011f\u0131 yap\u0131l\u0131p hukuk ad\u0131na hukuksuzlu\u011fa muhatap olma kaygusu oldu\u011fu, insanlara numaray\u0131 da cemaatin adliye ve polis i\u00e7erisindeki unsurlar\u0131n\u0131n verdi\u011fini bilmelerinden kaynakland\u0131\u011f\u0131n\u0131 \u00f6\u011frendim.<\/p>\n<p style=\"text-align: justify;\">Baz\u0131 bas\u0131n organlar\u0131 bu \u00fclkede \u00fc\u00e7 kuvvet var diye yazd\u0131lar her halde cemaatin bu g\u00fcc\u00fcn\u00fcn fark\u0131n vard\u0131lar kanaatindeyim.<\/p>\n<p style=\"text-align: justify;\"><strong>KANUNSUZ D\u0130NLEME \u0130HBARIMA RA\u011eMEN SORU\u015eTURMA A\u00c7ILMADI<\/strong><\/p>\n<p style=\"text-align: justify;\">Kanunsuz dinlememeler konusunda yaz\u0131l\u0131 m\u00fcracaatlar\u0131ma ra\u011fmen denetim yap\u0131lmad\u0131, soru\u015fturma a\u00e7\u0131lmad\u0131 ancak kitab\u0131m yay\u0131nlan\u0131nca adalet m\u00fcfetti\u015flerinin yapt\u0131\u011f\u0131 k\u0131sa ara\u015ft\u0131rmada 9 ay sonunda da olsa iddialar\u0131ma uygun olarak hukuka ayk\u0131r\u0131 olarak \u0130ME\u0130 numaras\u0131 \u00fczerinde yap\u0131lan dinleme ile ilgili olarak \u0130stanbul \u0130stihbarat \u015eubesince \u0130stanbul \u00f6zel yetkili mahkeme hakiminden al\u0131nma 2009\/1860 say\u0131l\u0131 kararla dinleme yapt\u0131klar\u0131 tesbit edilmi\u015ftir.<\/p>\n<p style=\"text-align: justify;\"><strong>B\u0130NLERCE K\u0130\u015e\u0130N\u0130N TELEFONU KANUNSUZ OLARAK D\u0130NLEN\u0130YOR<\/strong><\/p>\n<p style=\"text-align: justify;\">Benim iddiam yaln\u0131z benim veya bir iki de\u011fil binlerce telefon bu veya benzeri \u015fekilde kanunsuz \u015fekilde dinlendi\u011fidir. Kitab\u0131mda bu \u015fekilde dinlenen \u00f6rnek numara ve isimleri de verdim.<\/p>\n<p style=\"text-align: justify;\">Bu \u015fekilde su\u00e7lar\u0131 sabitlenen cemaat yap\u0131s\u0131 su\u00e7lar\u0131n\u0131 \u00f6rtmek yap\u0131lan dinlemeleri sanki hukuka uygun yap\u0131l\u0131yormu\u015f gibi g\u00f6stermek i\u00e7in aray\u0131\u015fa girmi\u015f ve Son yap\u0131lan tahkikatta devrimci karargah \u00f6rg\u00fct\u00fc ile olayla irtibatland\u0131rmaya \u00e7al\u0131\u015fmaktad\u0131rlar.<\/p>\n<p style=\"text-align: justify;\">Bu suretle hukuksuz yapt\u0131klar\u0131 dinlemeleri sanki kanuni bir sebep varm\u0131\u015f gibi g\u00f6stererek gizlemeye \u00e7al\u0131\u015fmaktad\u0131rlar, hukuk ad\u0131na hukuksuzluk, adalet ad\u0131na adaletsizlik, polis ve savc\u0131 taraf\u0131ndan su\u00e7lular\u0131 saklamaya davac\u0131 ve tan\u0131klar\u0131 mahkum etmeye y\u00f6nelik bir davran\u0131\u015ft\u0131r.<\/p>\n<p style=\"text-align: justify;\">Bu mant\u0131kla herkes, her davayla ili\u015fkilendirilebilir, bu mant\u0131k davac\u0131y\u0131 san\u0131k, beyaz\u0131 siyah, minareyi kuyu yapmaktan daha garip, daha anormaldir.<\/p>\n<p style=\"text-align: justify;\"><strong>SAVCIYI HSYK, ADALET BAKANLI\u011eI VE SAVCILI\u011eA \u015e\u0130KAYET ETT\u0130M<\/strong><\/p>\n<p style=\"text-align: justify;\">Kanunsuzluklar\u0131 gizlemek, san\u0131klar\u0131 saklamak ad\u0131na yap\u0131lan bu i\u015flemden dolay\u0131 olay\u0131n c. Savc\u0131s\u0131 Kadir ALTINI\u015eIK\u2019\u0131 ve yapt\u0131\u011f\u0131 i\u015flemleri yaz\u0131l\u0131 olarak adalet bakanl\u0131\u011f\u0131na, HSYK\u2019na, \u0130stanbul Ba\u015f savc\u0131l\u0131\u011f\u0131na \u015fikayet ettim, \u015fimdide s\u00f6zl\u00fc olarak \u015fikayetimi tekrarl\u0131yorum, benim bu davayla hi\u00e7bir alakam yoktur, benimle ilgili hi\u00e7bir delil emare yoktur, sadece kitap dan dolay\u0131 ve as\u0131l san\u0131klar\u0131 gizlemek i\u00e7in bu davayla ili\u015fkilendirilmek isteniyorum, tarafs\u0131z her kim incelerse incelesin bu davayla alakam\u0131n olmad\u0131\u011f\u0131 alenen g\u00f6r\u00fclecektir.<\/p>\n<p style=\"text-align: justify;\"><strong>NECDET KILI\u00c7&#8217;I YAKALADIM SONRA ARKADA\u015e OLDUM<\/strong><\/p>\n<p style=\"text-align: justify;\">Bu \u00f6rg\u00fctle alakal\u0131 olarak yakalanan Necdet K\u0131l\u0131\u00e7 12 Eyl\u00fcl \u00f6ncesi \u00f6rg\u00fct mensubu olup mersinde g\u00f6rev yaparken tan\u0131d\u0131\u011f\u0131m hatta yakalad\u0131\u011f\u0131m ama \u015fimdi demokrat hi\u00e7bir illegal  faaliyeti olmad\u0131\u011f\u0131n\u0131 bildi\u011fim arkada\u015f\u0131md\u0131r. Yakalanmas\u0131ndan birka\u00e7 g\u00fcn \u00f6nce takip edildi\u011fini s\u00f6yledi git savc\u0131l\u0131\u011fa dilek\u00e7e ver dedim.<\/p>\n<p style=\"text-align: justify;\">Benin hi\u00e7bir kimse ile su\u00e7 i\u00e7erecek, davran\u0131\u015f\u0131m, konu\u015fmam, ili\u015fkim olamaz,<\/p>\n<p style=\"text-align: justify;\"><strong>\u0130\u015eLER \u00c7I\u011eIRINDAN \u00c7IKTI<\/strong><\/p>\n<p style=\"text-align: justify;\">Kitab\u0131 yazarken s\u00f6yledim, bana her \u015feyi yapmay\u0131 deneyeceklerdir \u2026 ama bu kadar\u0131n\u0131 da beklemiyordum hi\u00e7 olmaz ise alakam, olan bir konu ile ili\u015fkilendirilmem laz\u0131md\u0131, bu kadar alakas\u0131z tam z\u0131dd\u0131 oldu\u011fum bir olayla ili\u015fkilendirilmek istenmem i\u015fin ne kadar \u00e7\u0131\u011fr\u0131ndan \u00e7\u0131kt\u0131\u011f\u0131n\u0131, cemaatin neler yapabildi\u011fini g\u00f6stermektedir.<\/p>\n<p style=\"text-align: justify;\"><strong>NECDET KILI\u00c7&#8217;IN G\u00d6ZALTINA ALINACA\u011eINI S\u00d6YLED\u0130M<\/strong><\/p>\n<p style=\"text-align: justify;\">20 Eyl\u00fcl g\u00fcn\u00fc Adliye i\u00e7erisindeki cemaate yak\u0131n savc\u0131 hakimlerle ilgili ara\u015ft\u0131rma i\u00e7in g\u00f6revlendirilen bir adalet bakanl\u0131\u011f\u0131 yetkilisi hakim ile g\u00f6r\u00fc\u015ft\u00fcm ifade verdim, ona yak\u0131nda karargah evleri veya devrimci karargah \u2026 diye tahkikata ba\u015flayacaklar hatta Necdet K\u0131l\u0131\u00e7\u2019\u0131 da g\u00f6zalt\u0131na alacaklar dedim .. s\u00f6ylediklerimi emin misiz diyerek masas\u0131n\u0131n \u00fczerine kay\u0131t etti \u015fuan orada kay\u0131tl\u0131d\u0131r<\/p>\n<p style=\"text-align: justify;\">Nerden biliyorum; emniyetteki cemaat\u00e7i yap\u0131 kendilerine yak\u0131n baz\u0131 bas\u0131n mensuplar\u0131n\u0131 \u00e7a\u011f\u0131r\u0131p operasyonu ne yapacaklar\u0131n\u0131, i\u00e7eri\u011fini vs her \u015feyi anlat\u0131p \u2026 onlar\u0131 y\u00f6nlendirdiler istedikleri do\u011frultuda yazmalar\u0131 konusunda bilgiler verdiler \u2026. Ger\u00e7e\u011fi saklamak i\u00e7in taraftar\u0131 ve etkiledikleri t\u00fcm bas\u0131n\u0131 yalan ve yanl\u0131\u015f bilgilerle y\u00f6nlendirerek kamuoyunu yanl\u0131\u015f y\u00f6nlendirmek ve su\u00e7lar\u0131n\u0131n gizlenmesini sa\u011flamaya \u00e7al\u0131\u015f\u0131yorlar.<\/p>\n<p style=\"text-align: justify;\">Cemaat nedir her ta\u015f\u0131n alt\u0131nda cemaat arama .. diyorlar ta\u015f\u0131n alt\u0131nda de\u011fil art\u0131k her ta\u015f\u0131n \u00fcst\u00fcndeler \u2026<\/p>\n<p style=\"text-align: justify;\"><strong>NECDET KILI\u00c7&#8217;I \u00d6RG\u00dcTE MONTE ED\u0130P BANA SALDIRMAYA BA\u015eLADILAR<\/strong><\/p>\n<p style=\"text-align: justify;\">\u0130nternet siteleri, bas\u0131n organlar\u0131, polisleri, savc\u0131lar\u0131 ile iki g\u00fcnde k\u0131rk y\u0131ld\u0131r devlet g\u00fcvenli\u011fi diye sol gruplara kar\u015f\u0131 g\u00f6rev yapm\u0131\u015f, sol \u00f6rg\u00fctlere kar\u015f\u0131 yapt\u0131\u011f\u0131m g\u00f6revler nedeniyle ele\u015ftirilen beni bir g\u00fcnde solcu devrimci karargah \u00f6rg\u00fct\u00fc ile ili\u015fkili yapt\u0131lar, bu gruptan haklar\u0131nda i\u015flem yap\u0131lan Necdet K\u0131l\u0131\u00e7 haricinde kimseyi tan\u0131mam o da benden dolay\u0131 bu \u00f6rg\u00fcte dahil edilmi\u015ftir.<\/p>\n<p style=\"text-align: justify;\">Kanunsuz dinleme yapanlar bunu insanlara \u015fantaj malzemesi olarak kullananlar \u2026. Denetlenmeyip,  hesap sorulmay\u0131nca bu defa o kadar cesaret buldular ki hukuksuz dinlemelerini hakl\u0131 g\u00f6stermek ad\u0131na Necdet k\u0131l\u0131\u00e7 \u0131 bu \u00f6rg\u00fcte monte ettiler onun \u00fczerinde banan sald\u0131rmaya ba\u015flad\u0131lar.<\/p>\n<p style=\"text-align: justify;\"><strong>UYDURMA HABERLERLE KAMUOYUNU Y\u00d6NLEND\u0130RMEYE BA\u015eLADILAR<\/strong><\/p>\n<p style=\"text-align: justify;\">T\u00fcm haberler cemaat siteleri ve onlar\u0131n paralelindeki bas\u0131n organlar\u0131ndan \u2026 s\u00f6yleniyor, \u2026 deniyor diye uydurma iddialarla yalan sahte bilgilerle kamu oyunu y\u00f6nlendirmeye ba\u015flad\u0131lar. Ellerinde olan hi\u00e7bir delil hi\u00e7bir su\u00e7 de\u011fil normal kabul edilmeyecek bir konu\u015fmam yoktur zaten kelime olsa hepsini bas\u0131na servis ederler. Hi\u00e7bir ki\u015fi ile bir tek su\u00e7 i\u00e7erecek de\u011fil etik olarak makul g\u00f6z\u00fckmeyecek bir davran\u0131\u015f\u0131m yoktur olamaz, bir tek kelimelik dahi g\u00f6revimi suistimal etti\u011fime dair konu\u015fmam\u0131 bulamazlar \u2026 benim aln\u0131m a\u00e7\u0131k .. veremeyece\u011fim hi\u00e7bir hesab\u0131m yoktur tabii adalete. Adalet gibi g\u00f6z\u00fcken cemaatte de\u011fil.<\/p>\n<p style=\"text-align: justify;\">Ellerinde kullanabilecekleri bir \u015fey olsa her \u015feyi servis edeceklerdir,<\/p>\n<p style=\"text-align: justify;\"><strong>D\u0130NLEND\u0130\u011e\u0130M\u0130 B\u0130LEREK TELEFONU KULLANMAYA DEVAM ETT\u0130M<\/strong><\/p>\n<p style=\"text-align: justify;\">Benim kulland\u0131\u011f\u0131m telefonlar\u0131m\u0131 bilerek dinlemeye kalkt\u0131lar ben \u015fikayet edince yanl\u0131\u015f olmu\u015f a\u015fk konu\u015fmas\u0131 imi\u015f deyip \u00e7\u0131km\u0131\u015flar bunun hepsi yalan, dinleme karar\u0131 07.11.2009 da ald\u0131lar, ben dinlemeyi tahmini 14 kas\u0131m 2009 tarihinde \u00f6\u011frendim, bu g\u00fcnden sonra bir iki ay belki bir ara\u015ft\u0131rma yap\u0131l\u0131r su\u00e7\u00fcst\u00fc yakalarm\u0131y\u0131z diyerek kas\u0131tl\u0131 olarak onlar\u0131n umduklar\u0131 do\u011frultuda telefonu kullanmaya devam ettim,  bakt\u0131m ki hi\u00e7 kimse bir \u015fey yapm\u0131yor o zaman kapatt\u0131m, onlar\u0131n bakt\u0131k g\u00f6n\u00fcl ili\u015fkisi 15 g\u00fcn sonra kapatt\u0131k dedikleri kocaman yalan benim \u015fikayetlerimden haber al\u0131nca kapatt\u0131lar, zaten o zaman kadar da g\u00f6rd\u00fckleri mesaj vs benim \u2026 bilerek kurgulad\u0131\u011f\u0131m \u015feylerdi.<\/p>\n<p style=\"text-align: justify;\">Belli cemaat medyas\u0131n\u0131n verdi\u011fi bilgilere g\u00f6re Benim telefonum Necdet K\u0131l\u0131\u00e7\u0131n evinin orda sinyal verdi\u011fi i\u00e7in dinlemi\u015fler diyorlar \u2026 bu kuyruklu yaland\u0131r.<\/p>\n<p style=\"text-align: justify;\"><strong>1-<\/strong>Necdet\u2019in evi istiklal caddesinde Galatasaray lisesi yan\u0131ndad\u0131r orada binlerce insan gelip ge\u00e7er g\u00f6r\u00fc\u015f\u00fcr, \u2026 on binlerce telefon burada g\u00f6r\u00fcl\u00fcr, b\u00f6yle bir \u015feyi ay\u0131klayamazlar.<\/p>\n<p style=\"text-align: justify;\"><strong>2-<\/strong>Ben o telefonu Edirne de yine cemaate yak\u0131n o telefonu ve arkada\u015f\u0131m Necdet\u2019i bilen personelden ald\u0131klar\u0131na eminim \u2026 ayr\u0131ca dinleme karar\u0131 ald\u0131klar\u0131 tarihlerde gazetecilere Hanefi AVCI\u2019n\u0131n toplum i\u00e7erisinde prestijini sarsaca\u011f\u0131z diye anlatmalar\u0131 niye \u2026<\/p>\n<p style=\"text-align: justify;\"><strong>3-<\/strong> Telefon bir evde sinyal veriyor diye tesbit yapmak m\u00fcmk\u00fcn de\u011fildir, bu yaland\u0131r, sadece baz istasyonun bulundu\u011fu yere g\u00f6re en az\u0131nda 100 veya 200 metre yar\u0131 \u00e7ap\u0131nda bir b\u00f6lgede oldu\u011fu tahmin edilebilir.<\/p>\n<p style=\"text-align: justify;\">Madem \u00f6yle iki telefon Necdetin evinin orda sinyal veriyor da di\u011fer telefonu da niye dinlemeye almad\u0131lar.<\/p>\n<p style=\"text-align: justify;\"><strong>1.<\/strong> Madem \u00f6yle sadece ayn\u0131 yerde sinyal verdi diye telefon dinliyorlarsa o b\u00f6lge en yo\u011fun bulu\u015fma hareketin oldu\u011fu yer oldu\u011fundan veya benzeri yerlerde milyonlarca tel dinlemeleri laz\u0131m ..<\/p>\n<p style=\"text-align: justify;\"><strong>2.<\/strong> Neden bu telefonun numaras\u0131 \u00fczerinde dinleme karar\u0131 almad\u0131lar, normali bu telefon numaras\u0131n\u0131 yazmalar\u0131 gerekirdi, IMEI numaras\u0131ndan dinlemeye ald\u0131lar,<\/p>\n<p style=\"text-align: justify;\"><strong>3.<\/strong> Ayr\u0131ca bir b\u00f6lgede sinyal verdi diye telefon dinlenebilirmi, bir araya gelen telefonlar var \u015f\u00fcphelendin bir araya geldi demek dinleme i\u00e7in yeterlimi.<\/p>\n<p style=\"text-align: justify;\"><strong>4.<\/strong> \u00d6yle sahibini ara\u015ft\u0131rmadan her sinyal veren telefon dinleniyor mu, Niye telefonun sahibini ara\u015ft\u0131rmad\u0131lar.<\/p>\n<p style=\"text-align: justify;\">Ne s\u00f6ylerlerse s\u00f6ylesinler bunlar inand\u0131r\u0131c\u0131 de\u011fildir. Peki di\u011fer binlerce telefonu niye hukuksuz dinlemi\u015flerdir. Kanunda denetlenece\u011fi belirtilmesine ra\u011fmen neden hala bu sistemler denetlenmemektedir.<\/p>\n<p style=\"text-align: justify;\">Tabii ki onlar hakl\u0131lar resmi \u015fikayete ra\u011fmen 10 ayd\u0131r denetlenmez, incelenmez her \u015feyi yapmalar\u0131n\u0131 f\u0131rsat verilirse, herkesi kanunsuz dinlemelerine meydan verilirse neden kendilerin a\u00e7\u0131\u011f\u0131n\u0131 bulan onlar\u0131n ipli\u011fini pazara \u00e7\u0131kara birini bo\u015f b\u0131raks\u0131nlar ki bu \u00fclkede hukuk kanun  vs uygulanm\u0131yorsa hakl\u0131 \u015fahs\u0131da haks\u0131zca i\u00e7eri almaya \u00e7al\u0131\u015fmas\u0131nlar ki..<\/p>\n<p style=\"text-align: justify;\">\u015eimdi devrimci karargah davas\u0131 ile ilgili olarak beni mevcutlu olarak \u0130stanbul \u00f6zel yetkili mahkemenin savc\u0131s\u0131 .. Kadir Alt\u0131n\u0131\u015f\u0131k\u2019\u0131n istedi\u011fi bilgisini hem de Pazar g\u00fcn\u00fc ald\u0131m, o anda \u0130zmir de idim ve u\u00e7a\u011f\u0131m kalkmak \u00fczere idi, pazartesi ancak gelebilirim dedim. Daha \u00f6nce Emniyet Genel M\u00fcd\u00fcrl\u00fc\u011f\u00fcne yap\u0131lan resmi tebligat \u00fczerine D\u00fcn (pazartesi) kitab\u0131mda ve bas\u0131na intikal eden konular dolay\u0131s\u0131 ile genelkurmay askeri savc\u0131l\u0131\u011f\u0131na tan\u0131k olarak ifade verdim. Yar\u0131nda (sal\u0131 g\u00f6zalt\u0131na al\u0131narak tutukland\u0131) Ankara Cumhuriyet Ba\u015fsavc\u0131l\u0131\u011f\u0131nda ifade verece\u011fim.<\/p>\n<p style=\"text-align: justify;\"><strong>YAZDI\u011eIM K\u0130TAP Y\u00dcZ\u00dcNDEN BU OLAYLA \u0130L\u0130\u015eK\u0130LEND\u0130R\u0130L\u0130YORUM<\/strong><\/p>\n<p style=\"text-align: justify;\">Benim \u0130stanbul da y\u00fcr\u00fct\u00fclen soru\u015fturma ile hi\u00e7bir alakam yoktur, bu konuda hi\u00e7bir delil, hi\u00e7bir vaka, ba\u011f olmamas\u0131na ra\u011fmen, yazd\u0131\u011f\u0131m kitap dan dolay\u0131 bu olayla ili\u015fkilendirilmeye \u00e7al\u0131\u015f\u0131l\u0131yorum.<\/p>\n<p style=\"text-align: justify;\">Ben cemaatin internet sitesi, bas\u0131n\u0131, polisi savc\u0131s\u0131 \u2026 onlar\u0131n etkiledi\u011fi \u00e7evrelerle \u00fczerime geldi\u011fini biliyorum bile bile buna da boyun e\u011fmem ben bu \u00fclkenin kanunlar\u0131na uyar\u0131m, daha \u00f6nce Ankara \u00d6zel yetkili Savc\u0131lar\u0131na, sonra Ankara Cumhuriyet Ba\u015fsavc\u0131l\u0131\u011f\u0131na ifade verdim yar\u0131nda yine Ankara cumhuriyet Ba\u015fsavc\u0131l\u0131\u011f\u0131na daha \u00f6nceden yap\u0131lan tebligat gere\u011fi gidip ifade verece\u011fim ama cemaatin istekleri do\u011frultusunda yap\u0131lan i\u015flemlere de boyun e\u011fmem \u2026 bunu hukuki i\u015flem \u2026 adli i\u015flem vs g\u00f6sterilmesi yalan\u0131na da uymam.<\/p>\n<p style=\"text-align: justify;\">Bundan dolay\u0131 bu karara boyun e\u011femeyece\u011fim. Hem bu i\u015flemeleri cemaat bana yap\u0131yor bilece\u011fim hem de aman bana bir \u015fey yapmas\u0131nlar diye boyun e\u011fece\u011fim bunu yapmam bedeli ne olursa olsun.<\/p>\n<p style=\"text-align: justify;\">Cemaatin yapt\u0131\u011f\u0131n\u0131 bile bile devleti ve hukuk koruma makam\u0131nda olmas\u0131na, yap\u0131lanlara muhalefet edip ses \u00e7\u0131karma makam\u0131nda olmas\u0131na ra\u011fmen ses \u00e7\u0131karmayanlar\u0131 \u2026 sorumluluklar\u0131na sahip \u00e7\u0131kmaya davet ediyorum. Ben cemaatin hukuku kullanmas\u0131na uymayaca\u011f\u0131m \u2026\u2026<\/p>\n<p style=\"text-align: justify;\">Zorla g\u00f6t\u00fcr\u00fcr\u00fcler ama asla kendi g\u00f6nl\u00fcmle gitmeyece\u011fim, cemaatin plan ve program\u0131 do\u011frultusun da hareket eden hi\u00e7bir kimse ve makam\u0131n \u00f6n\u00fcnde e\u011filmem, bu devletin yasalar\u0131na g\u00f6re davrand\u0131\u011f\u0131na inanmad\u0131\u011f\u0131m adalet makam\u0131n\u0131n hi\u00e7bir sorusuna da cevap vermem. Hi\u00e7 kimseye onurumu \u00e7i\u011fnetmem.<\/p>\n<p style=\"text-align: justify;\">Ba\u015f\u0131nda \u015fikayet\u00e7i oldu\u011fum, kanunsuz dinleme ve izlemelerin sorumlusu ki\u015filerin oldu\u011fu \u0130stanbul istihbarat \u015fubesinin haz\u0131rlad\u0131\u011f\u0131 ve zorla benimle ili\u015fkilendirilmek istenen tahkikat senaryodur, cemaatle alakas\u0131 olmayan kim incelerse incelesin b\u00f6yle bir olayla \u015fahs\u0131m\u0131 ili\u015fkilendirmek m\u00fcmk\u00fcn de\u011fildir.Bu bir cemaat operasyonudur.<\/p>\n<p style=\"text-align: justify;\">Arz ederim.<\/p>\n<p style=\"text-align: justify;\"><span style=\"color: #888888;\">Kaynak :\u00a0 <a href=\"http:\/\/www.gazeteport.com.tr\/GUNCEL\/NEWS\/GP_772674\" target=\"_blank\">\u0130hsan Demir &#8211; GAZETEPORT<\/a><\/span><\/p>\n","protected":false},"excerpt":{"rendered":"<p style=\"text-align: center;\">\n<p style=\"text-align: justify;\">Hanefi Avc\u0131, hakk\u0131ndaki iddialarla ilgili olarak 30 Eyl\u00fcl tarihinde a\u00e7\u0131klama yapaca\u011f\u0131n\u0131 s\u00f6yledi. Ancak bu a\u00e7\u0131klamay\u0131 yapamadan \u00d6zel Yetkili Cumhuriyet Savc\u0131s\u0131 Kadir Alt\u0131n\u0131\u015f\u0131k&#8217;\u0131n talimat\u0131yla g\u00f6zalt\u0131na al\u0131nd\u0131. \u0130stanbul&#8217;a getirilerek \u00e7\u0131kart\u0131ld\u0131\u011f\u0131 n\u00f6bet\u00e7i mahkeme taraf\u0131ndan tutukland\u0131.<\/p>\n","protected":false},"author":1,"featured_media":0,"comment_status":"open","ping_status":"closed","sticky":false,"template":"","format":"standard","meta":{"footnotes":""},"categories":[105],"tags":[],"class_list":["post-25968","post","type-post","status-publish","format-standard","hentry","category-gundem","odd"],"_links":{"self":[{"href":"http:\/\/www.korhanyilmaz.com\/index.php?rest_route=\/wp\/v2\/posts\/25968","targetHints":{"allow":["GET"]}}],"collection":[{"href":"http:\/\/www.korhanyilmaz.com\/index.php?rest_route=\/wp\/v2\/posts"}],"about":[{"href":"http:\/\/www.korhanyilmaz.com\/index.php?rest_route=\/wp\/v2\/types\/post"}],"author":[{"embeddable":true,"href":"http:\/\/www.korhanyilmaz.com\/index.php?rest_route=\/wp\/v2\/users\/1"}],"replies":[{"embeddable":true,"href":"http:\/\/www.korhanyilmaz.com\/index.php?rest_route=%2Fwp%2Fv2%2Fcomments&post=25968"}],"version-history":[{"count":0,"href":"http:\/\/www.korhanyilmaz.com\/index.php?rest_route=\/wp\/v2\/posts\/25968\/revisions"}],"wp:attachment":[{"href":"http:\/\/www.korhanyilmaz.com\/index.php?rest_route=%2Fwp%2Fv2%2Fmedia&parent=25968"}],"wp:term":[{"taxonomy":"category","embeddable":true,"href":"http:\/\/www.korhanyilmaz.com\/index.php?rest_route=%2Fwp%2Fv2%2Fcategories&post=25968"},{"taxonomy":"post_tag","embeddable":true,"href":"http:\/\/www.korhanyilmaz.com\/index.php?rest_route=%2Fwp%2Fv2%2Ftags&post=25968"}],"curies":[{"name":"wp","href":"https:\/\/api.w.org\/{rel}","templated":true}]}}