{"id":25960,"date":"2010-09-29T20:30:15","date_gmt":"2010-09-29T17:30:15","guid":{"rendered":"http:\/\/www.korhanyilmaz.com\/?p=25960"},"modified":"2010-09-29T20:30:15","modified_gmt":"2010-09-29T17:30:15","slug":"hanefi-avciya-imami-sormadilar","status":"publish","type":"post","link":"http:\/\/www.korhanyilmaz.com\/?p=25960","title":{"rendered":"Hanefi Avc\u0131&#8217;ya \u0130mam\u0131 Sormad\u0131lar"},"content":{"rendered":"<p><a href=\"http:\/\/www.korhanyilmaz.com\/wp-content\/uploads\/2010\/09\/2171.jpg\"  class=\"lightview\"><img loading=\"lazy\" decoding=\"async\" class=\"aligncenter size-full wp-image-25961\" src=\"http:\/\/www.korhanyilmaz.com\/wp-content\/uploads\/2010\/09\/2171.jpg\" alt=\"\" width=\"250\" height=\"175\" \/><\/a><\/p>\n<p style=\"text-align: justify;\">Emniyet M\u00fcd\u00fcr\u00fc Hanefi Avc\u0131, \u201cHali\u00e7\u2019te Ya\u015fayan Simonlar\u201d isimli bir kitap yazd\u0131, cemaati a\u00e7\u0131k etti, tutukland\u0131.<\/p>\n<p style=\"text-align: justify;\">Avc\u0131\u2019n\u0131n kitab\u0131 yay\u0131nlan\u0131r yay\u0131nlanmaz \u0130\u00e7i\u015fleri Bakan\u0131 Be\u015fir Atalay\u2019\u0131n talimat\u0131yla bir heyet g\u00f6revlendirildi ve (g\u00fcya) iddia ve belgelerle ilgili soru\u015fturma a\u00e7\u0131ld\u0131. <!--more--><\/p>\n<p style=\"text-align: justify;\">\u0130ddialar \u00e7ok \u00f6nemliydi. Avc\u0131, cemaatin devlet kurumlar\u0131 i\u00e7inde \u00f6r\u00fcmcek a\u011f\u0131 gibi \u00f6rg\u00fctlendi\u011fini emsal olay ve belgelerle ortaya koydu. Cemaatteki polislerin bir imamdan emir ald\u0131\u011f\u0131n\u0131 ve Ergenekon, Dan\u0131\u015ftay, Erzincan gibi pek \u00e7ok davan\u0131n cemaat\u00e7i polislerin komplosu oldu\u011funu iddia etti. Ayr\u0131ca M\u0130T ve T\u00fcrk Silahl\u0131 Kuvvetleri\u2019ndeki cemaat \u00f6rg\u00fctlenmesinin de imamlara ba\u011fl\u0131 oldu\u011funu yazd\u0131. \u0130mam isimlerini ise savc\u0131lara verdi.<\/p>\n<p style=\"text-align: justify;\">Savc\u0131lara ne t\u00fcr bilgiler verdi, hen\u00fcz kesin olarak bilmiyoruz.<\/p>\n<p style=\"text-align: justify;\">Ancak soru\u015fturma s\u00fcrecinde ya\u015fananlar \u00e7ok ilgin\u00e7.<\/p>\n<p style=\"text-align: justify;\">Avc\u0131 hakk\u0131ndaki soru\u015fturmay\u0131 3 ba\u015fm\u00fcfetti\u015f ve bir polis m\u00fcfetti\u015fi y\u00fcr\u00fct\u00fcyor. Odatv Avc\u0131\u2019n\u0131n m\u00fcfetti\u015flerle yapt\u0131\u011f\u0131 yaz\u0131\u015fmalar, sorular ve cevaplar\u0131n belgelerine ula\u015ft\u0131.<\/p>\n<p style=\"text-align: justify;\">M\u00fcfetti\u015fler 1-15 Eyl\u00fcl 2010 tarihlerinde yaz\u0131yla Hanefi Avc\u0131\u2019ya onlarca sayfadan olu\u015fan sorular sordu, cevap vermesini istedi.<\/p>\n<p style=\"text-align: justify;\">Sorular ve m\u00fcfetti\u015flerin yapt\u0131\u011f\u0131 \u00e7\u0131kar\u0131mlar\u0131n \u00f6z\u00fc \u015f\u00f6yle:<\/p>\n<p style=\"text-align: justify;\">\u2018(\u2026)T\u00fcrk Milletini, T\u00fcrkiye Cumhuriyeti Devleti ve H\u00fck\u00fcmetini, devletin kurum ve organlar\u0131n\u0131 a\u015fa\u011f\u0131lad\u0131\u011f\u0131n\u0131z, insanlar\u0131m\u0131z\u0131 k\u00fc\u00e7\u00fcmsedi\u011finiz, \u00fcstlerinizi ve devletin y\u00f6neticilerinin eylem ve i\u015flemlerini \u00e7arp\u0131tarak ele\u015ftirdi\u011finiz, buna kar\u015f\u0131l\u0131k ter\u00f6r \u00f6rg\u00fct\u00fc ve mensuplar\u0131n\u0131 \u00f6vd\u00fc\u011f\u00fcn\u00fcz (\u2026)\u2019<\/p>\n<p style=\"text-align: justify;\">Soru\u015fturman\u0131n t\u00fcm i\u00e7eri\u011fi yakla\u015f\u0131k b\u00f6yle.<\/p>\n<p style=\"text-align: justify;\">Belgeler m\u00fcfetti\u015flerin, Avc\u0131\u2019ya cemaat ve emniyet te\u015fkilat\u0131ndaki imamlarla ilgili soru sormay\u0131 unuttu\u011funu ortaya koyuyor.<\/p>\n<p style=\"text-align: justify;\"><a href=\"http:\/\/www.korhanyilmaz.com\/?p=25956\"><span style=\"background-color: #ffcc99;\">Peki, Hanefi Avc\u0131 bu sorulara ne cevap veriyor?<\/span><\/a><\/p>\n<p style=\"text-align: justify;\">\u0130\u015fte o sorular\u0131n belgelerinden baz\u0131lar\u0131:<\/p>\n<p style=\"text-align: justify;\">(NOT: Belgeleri b\u00fcy\u00fcltmek i\u00e7in \u00fcst\u00fcne t\u0131klay\u0131n\u0131z)<\/p>\n<p style=\"text-align: justify;\"><span style=\"color: #888888;\">Haber ve i\u00e7erik Kayna\u011f\u0131 : <a href=\"http:\/\/www.odatv.com\/n.php?n=hanefi-avciya-imami-sormadilar-2909101200\" target=\"_blank\">Odatv.com<\/a><\/span><\/p>\n<p style=\"text-align: center;\"><a href=\"http:\/\/www.odatv.com\/images\/1%2824%29.jpg\"><img loading=\"lazy\" decoding=\"async\" class=\"aligncenter\" src=\"http:\/\/www.odatv.com\/images\/1%2824%29.jpg\" alt=\"\" width=\"480\" height=\"680\" \/><\/a><a href=\"http:\/\/www.odatv.com\/images\/2%2818%29.jpg\"><img loading=\"lazy\" decoding=\"async\" class=\"aligncenter\" src=\"http:\/\/www.odatv.com\/images\/2%2818%29.jpg\" alt=\"\" width=\"494\" height=\"701\" \/><\/a><a href=\"http:\/\/www.odatv.com\/images\/3%2815%29.jpg\"><img loading=\"lazy\" decoding=\"async\" class=\"aligncenter\" src=\"http:\/\/www.odatv.com\/images\/3%2815%29.jpg\" alt=\"\" width=\"494\" height=\"701\" \/><\/a><\/p>\n<p style=\"text-align: center;\"><a href=\"http:\/\/www.odatv.com\/images\/4(15).jpg\"><img loading=\"lazy\" decoding=\"async\" class=\"aligncenter\" src=\"http:\/\/www.odatv.com\/images\/4(15).jpg\" alt=\"\" width=\"494\" height=\"701\" \/><\/a><\/p>\n","protected":false},"excerpt":{"rendered":"<\/p>\n<p style=\"text-align: justify;\">Emniyet M\u00fcd\u00fcr\u00fc Hanefi Avc\u0131, \u201cHali\u00e7\u2019te Ya\u015fayan Simonlar\u201d isimli bir kitap yazd\u0131, cemaati a\u00e7\u0131k etti, tutukland\u0131.<\/p>\n<p style=\"text-align: justify;\">Avc\u0131\u2019n\u0131n kitab\u0131 yay\u0131nlan\u0131r yay\u0131nlanmaz \u0130\u00e7i\u015fleri Bakan\u0131 Be\u015fir Atalay\u2019\u0131n talimat\u0131yla bir heyet g\u00f6revlendirildi ve (g\u00fcya) iddia ve belgelerle ilgili soru\u015fturma a\u00e7\u0131ld\u0131. <\/p>\n","protected":false},"author":1,"featured_media":0,"comment_status":"open","ping_status":"closed","sticky":false,"template":"","format":"standard","meta":{"footnotes":""},"categories":[105],"tags":[],"class_list":["post-25960","post","type-post","status-publish","format-standard","hentry","category-gundem","odd"],"_links":{"self":[{"href":"http:\/\/www.korhanyilmaz.com\/index.php?rest_route=\/wp\/v2\/posts\/25960","targetHints":{"allow":["GET"]}}],"collection":[{"href":"http:\/\/www.korhanyilmaz.com\/index.php?rest_route=\/wp\/v2\/posts"}],"about":[{"href":"http:\/\/www.korhanyilmaz.com\/index.php?rest_route=\/wp\/v2\/types\/post"}],"author":[{"embeddable":true,"href":"http:\/\/www.korhanyilmaz.com\/index.php?rest_route=\/wp\/v2\/users\/1"}],"replies":[{"embeddable":true,"href":"http:\/\/www.korhanyilmaz.com\/index.php?rest_route=%2Fwp%2Fv2%2Fcomments&post=25960"}],"version-history":[{"count":0,"href":"http:\/\/www.korhanyilmaz.com\/index.php?rest_route=\/wp\/v2\/posts\/25960\/revisions"}],"wp:attachment":[{"href":"http:\/\/www.korhanyilmaz.com\/index.php?rest_route=%2Fwp%2Fv2%2Fmedia&parent=25960"}],"wp:term":[{"taxonomy":"category","embeddable":true,"href":"http:\/\/www.korhanyilmaz.com\/index.php?rest_route=%2Fwp%2Fv2%2Fcategories&post=25960"},{"taxonomy":"post_tag","embeddable":true,"href":"http:\/\/www.korhanyilmaz.com\/index.php?rest_route=%2Fwp%2Fv2%2Ftags&post=25960"}],"curies":[{"name":"wp","href":"https:\/\/api.w.org\/{rel}","templated":true}]}}