{"id":25956,"date":"2010-09-29T20:24:54","date_gmt":"2010-09-29T17:24:54","guid":{"rendered":"http:\/\/www.korhanyilmaz.com\/?p=25956"},"modified":"2010-09-29T20:24:54","modified_gmt":"2010-09-29T17:24:54","slug":"icisleri-bakanligi-hanefi-avcinin-tutuklanacagini-23-gun-onceden-biliyor-muydu","status":"publish","type":"post","link":"http:\/\/www.korhanyilmaz.com\/?p=25956","title":{"rendered":"\u0130\u00e7i\u015fleri Bakanl\u0131\u011f\u0131 Hanefi Avc\u0131&#8217;n\u0131n Tutuklanaca\u011f\u0131n\u0131 23 G\u00fcn \u00f6nceden Biliyor muydu?"},"content":{"rendered":"<p style=\"text-align: justify;\"><a href=\"http:\/\/www.korhanyilmaz.com\/wp-content\/uploads\/2010\/09\/2161.jpg\"  class=\"lightview\"><img loading=\"lazy\" decoding=\"async\" class=\"aligncenter size-full wp-image-25957\" src=\"http:\/\/www.korhanyilmaz.com\/wp-content\/uploads\/2010\/09\/2161.jpg\" alt=\"\" width=\"250\" height=\"175\" \/><\/a><\/p>\n<p style=\"text-align: justify;\">Tutuklanan emniyet m\u00fcd\u00fcr\u00fc Hanefi Avc\u0131\u2019ya, yazd\u0131\u011f\u0131 kitapla ilgili \u0130\u00e7i\u015fleri Bakanl\u0131\u011f\u0131 m\u00fcfetti\u015flerinin yapt\u0131\u011f\u0131 soru\u015fturmada isnat edilen su\u00e7lardan biri \u015f\u00f6yle:<\/p>\n<p style=\"text-align: justify;\">\u2018(\u2026)T\u00fcrk Milletini, T\u00fcrkiye Cumhuriyeti Devleti ve H\u00fck\u00fcmetini, devletin kurum ve organlar\u0131n\u0131 a\u015fa\u011f\u0131lad\u0131\u011f\u0131n\u0131z, insanlar\u0131m\u0131z\u0131 k\u00fc\u00e7\u00fcmsedi\u011finiz, \u00fcstlerinizi ve devletin y\u00f6neticilerinin eylem ve i\u015flemlerini \u00e7arp\u0131tarak ele\u015ftirdi\u011finiz, buna kar\u015f\u0131l\u0131k ter\u00f6r \u00f6rg\u00fct\u00fc ve mensuplar\u0131n\u0131 \u00f6vd\u00fc\u011f\u00fcn\u00fcz (\u2026)\u2019 (05.09.2010 tarih 17.55.184\/26-10 say\u0131l\u0131 belgeden) <!--more--><\/p>\n<p style=\"text-align: justify;\">Bu iddiay\u0131 dile getiren ve Avc\u0131\u2019n\u0131n ifadesini isteyen soru\u015fturma ekibi kimlerden olu\u015fuyor?<\/p>\n<p style=\"text-align: justify;\">M\u00fclkiye Ba\u015fm\u00fcfetti\u015fi Ferda \u0130leri<\/p>\n<p style=\"text-align: justify;\">M\u00fclkiye Ba\u015fm\u00fcfetti\u015fi Mustafa \u00dc\u00e7kuyu<\/p>\n<p style=\"text-align: justify;\">M\u00fclkiye Ba\u015fm\u00fcfetti\u015fi Mustafa Yavuz<\/p>\n<p style=\"text-align: justify;\">Ve<\/p>\n<p style=\"text-align: justify;\">Polis Ba\u015fm\u00fcfetti\u015fi Necat \u00d6zdemiro\u011flu.<\/p>\n<p style=\"text-align: justify;\">M\u00fcfetti\u015fler 15 ayr\u0131 g\u00fcnde (1-15 Eyl\u00fcl) sorduklar\u0131 sorularda, \u201c<strong>Hali\u00e7\u2019te Ya\u015fayan Simonlar<\/strong>\u201d kitab\u0131ndan sayfa sayfa b\u00f6l\u00fcmlere yer verdi, baz\u0131lar\u0131n\u0131n alt\u0131n\u0131 \u00e7izdi ve yukar\u0131da yazd\u0131\u011f\u0131m\u0131z su\u00e7lamada bulundu.<\/p>\n<p style=\"text-align: justify;\">\u015eimdi\u2026<\/p>\n<p style=\"text-align: justify;\">Kitab\u0131n temas\u0131n\u0131 ve tart\u0131\u015fma yaratan k\u0131sm\u0131n\u0131 cemaatin devlet i\u00e7inde, dahas\u0131 emniyet te\u015fkilat\u0131 i\u00e7inde nas\u0131l \u00f6rg\u00fctlendi\u011fi olu\u015fturuyor.<\/p>\n<p style=\"text-align: justify;\">Ancak yap\u0131lan idari soru\u015fturmada, m\u00fcfetti\u015fler bu \u00e7ok hayati konuyu pas ge\u00e7ip, kitaptan yola \u00e7\u0131karak \u201c<strong>devleti a\u015fa\u011f\u0131lama, ter\u00f6r \u00f6rg\u00fct\u00fcn\u00fc \u00f6vme<\/strong>\u201d su\u00e7lamas\u0131nda bulunuyor.<\/p>\n<p style=\"text-align: justify;\">Peki, Hanefi Avc\u0131 bu iddiaya nas\u0131l yan\u0131t verdi?<\/p>\n<p style=\"text-align: justify;\">\u00d6nce son derece kritik bir ibareye dikkat \u00e7ekelim\u2026<\/p>\n<p style=\"text-align: justify;\">Hanefi Avc\u0131\u2019n\u0131n, m\u00fcfetti\u015fler taraf\u0131ndan soru\u015fturulmas\u0131ndaki en \u00f6nemli iddia nedir?<\/p>\n<p style=\"text-align: justify;\"><strong>\u201dTer\u00f6r \u00f6rg\u00fct\u00fc ve mensuplar\u0131n\u0131 \u00f6vme\u201d <\/strong><\/p>\n<p style=\"text-align: justify;\">\u015eimdi kritik soruyu soral\u0131m:<\/p>\n<p style=\"text-align: justify;\">Hangi ter\u00f6r \u00f6rg\u00fct\u00fc?<\/p>\n<p style=\"text-align: justify;\">Bu su\u00e7lama yap\u0131ld\u0131ktan tam 17 g\u00fcn sonra Devrimci Karargah Operasyonu ger\u00e7ekle\u015ftirildi ve g\u00f6zalt\u0131lar ya\u015fand\u0131. Operasyondan 2 g\u00fcn sonra Devrimci Karargah \u00d6rg\u00fct\u00fc ile Hanefi Avc\u0131\u2019n\u0131n ili\u015fkili oldu\u011funa dair haberler yanda\u015f medyada yer buldu.<\/p>\n<p style=\"text-align: justify;\">Ve 28 Eyl\u00fcl Sal\u0131 g\u00fcn\u00fc, Hanefi Avc\u0131 ter\u00f6r \u00f6rg\u00fct\u00fcne yard\u0131m su\u00e7lamas\u0131yla tutukland\u0131.<\/p>\n<p style=\"text-align: justify;\">5 Eyl\u00fcl 2010: Yazd\u0131\u011f\u0131 kitaptan dolay\u0131 hakk\u0131nda idari soru\u015fturma a\u00e7\u0131lan Hanefi Avc\u0131, ter\u00f6r \u00f6rg\u00fct\u00fcn\u00fc \u00f6vmeyle su\u00e7lan\u0131yor.<\/p>\n<p style=\"text-align: justify;\">28 Eyl\u00fcl 2010: Hanefi Avc\u0131, Devrimci Karargah Soru\u015fturmas\u0131 kapsam\u0131nda ter\u00f6r \u00f6rg\u00fct\u00fcne yard\u0131mdan tutuklan\u0131yor.<\/p>\n<p style=\"text-align: justify;\">Buraya bir virg\u00fcl koyup gelelim; Hanefi Avc\u0131\u2019n\u0131n m\u00fcfetti\u015flerin verdi\u011fi sorulara verdi\u011fi yan\u0131tlara\u2026<\/p>\n<p style=\"text-align: justify;\">Hanefi Avc\u0131\u2019n\u0131n verdi\u011fi 7 sayfal\u0131k yan\u0131tta \u00f6ne \u00e7\u0131kan b\u00f6l\u00fcmler \u015f\u00f6yle:<\/p>\n<p style=\"text-align: justify;\">(\u2026) \u0130snatlar\u0131n\u0131z \u00e7ok a\u011f\u0131r, \u00e7ok haks\u0131z ve \u00e7ok yanl\u0131d\u0131r. Kitab\u0131 okuyan lehte aleyhte ele\u015ftiren hatta her \u015feyine kar\u015f\u0131 \u00e7\u0131kanlar bile sorular\u0131n\u0131zdaki gibi isnatlarda bulunmam\u0131\u015flard\u0131r.<\/p>\n<p style=\"text-align: justify;\">Kitab\u0131 okuyan hakim ve savc\u0131lardan, ilim adamlar\u0131na kadar geni\u015f bir kesim ise kitap i\u00e7eri\u011fini \u00f6verek anlatm\u0131\u015flard\u0131r. \u0130ki hafta i\u00e7erisinde birka\u00e7 y\u00fcz bin sat\u0131m yapm\u0131\u015f, bu kadar \u00e7ok okunan bir kitap i\u00e7eri\u011fi, isnat etti\u011finiz gibi olsa, yani insanlar\u0131m\u0131z\u0131 k\u00fc\u00e7\u00fcmsemi\u015f olsam, T\u00fcrk insan\u0131 bu kadar okur mu? \u0130nsanlar\u0131m\u0131z bu kadar okuyorsa, yazd\u0131klar\u0131m\u0131 be\u011feniyorsa, bu, sizin isnatlar\u0131n\u0131z\u0131n yanl\u0131\u015f oldu\u011funun ispat\u0131d\u0131r. (\u2026)<\/p>\n<p style=\"text-align: justify;\"><strong>SU\u00c7 BULMAYA Y\u00d6NEL\u0130K SORU\u015eTURMA <\/strong><\/p>\n<p style=\"text-align: justify;\">Ayr\u0131ca soru\u015fturman\u0131n yap\u0131l\u0131\u015f bi\u00e7imi ve amac\u0131na y\u00f6nelik olarak itirazlar\u0131m,<\/p>\n<p style=\"text-align: justify;\"><strong>1<\/strong>&#8211; Soru\u015fturmay\u0131 gerek yap\u0131\u015f bi\u00e7iminiz, gerek sorulan sorular\u0131n miktar, \u015fekil ve i\u00e7eri\u011fi .. bir b\u00fct\u00fcn halinde bak\u0131ld\u0131\u011f\u0131nda hukuki bir olay de\u011fil idarenin istek ve taleplerine g\u00f6re ba\u015fta su\u00e7lu kabul etti\u011finiz beni ( Hanefi AVCI\u2019y\u0131) y\u00fczlerce soru ile adli ve idari a\u00e7\u0131dan onlarca davaya konu bir ortam yaratmaya y\u00f6nelik oldu\u011fu a\u00e7\u0131k\u00e7a g\u00f6z\u00fckmektedir.<\/p>\n<p style=\"text-align: justify;\">Bu iddiam bir faraziye de\u011fil maddi delillerle a\u00e7\u0131k olarak anla\u015f\u0131lmaktad\u0131r, \u015f\u00f6yle ki<\/p>\n<p style=\"text-align: justify;\"><strong>a<\/strong>&#8211; Eski\u015fehir Emniyet M\u00fcd\u00fcrl\u00fc\u011f\u00fc daha bir ay \u00f6nce t\u00fcm i\u015f ve i\u015flemleri toplu m\u00fclkiye m\u00fcfetti\u015fleri grubunca bir ay s\u00fcre ile A\u2019dan Z\u2019ye kadar mutat denetimden ge\u00e7mi\u015f, tefti\u015f raporlar\u0131n\u0131n yeni incelendi\u011fi bir s\u0131rada yazd\u0131\u011f\u0131m kitaptan dolay\u0131 ara\u015ft\u0131rma ve incelemeyle g\u00f6revli olman\u0131za ra\u011fmen, kitap i\u00e7eri\u011fi ile alakas\u0131 olmayan bana k\u00fc\u00e7\u00fck ama u\u011fra\u015ft\u0131r\u0131c\u0131 isnatlarda bulunmak i\u00e7in 3 M\u00fclkiye, 1 polis Ba\u015fm\u00fcfetti\u015fi g\u00f6revli atanmas\u0131, kantin, polisevi harcamalar\u0131, \u015fof\u00f6r, temizlik\u00e7i, garsonlardan ifade alma i\u015flemleri ile benim yapt\u0131\u011f\u0131m t\u00fcm i\u015flemlerimin yeniden tefti\u015f edilmesi gibi g\u00f6z\u00fcken tamamen su\u00e7 bulmaya y\u00f6nelik, taraf\u0131n\u0131zdan denetleme ve soru\u015fturma yap\u0131lmas\u0131; burada bir su\u00e7 unsuru bulunamay\u0131nca kitap i\u00e7eri\u011finde bakanlara, adliyeye, emniyet te\u015fkilat\u0131na hakaretten, devletin g\u00fcvenli\u011fini tehlikeye atmaya kadar uzanan ayr\u0131, a\u011f\u0131r cezal\u0131k adli su\u00e7lar, her biri meslekten ihrac\u0131 ama\u00e7layan ayr\u0131 disiplin su\u00e7lar\u0131 ile itham edilmem,<\/p>\n<p style=\"text-align: justify;\"><strong>b<\/strong>&#8211; (8) ayr\u0131 su\u00e7 isnad\u0131yla 31 sayfa yaz\u0131 102 konuyu soru olarak y\u00f6neltip ifade talep etmeniz.. Bu kadar \u00e7ok soru ve isnat en a\u011f\u0131r su\u00e7lulara yap\u0131lmam\u0131\u015ft\u0131r. Yaz\u0131lan bir kitaptan dolay\u0131, sadece sorular\u0131n 31 sayfa tutu\u011fu bir su\u00e7laman\u0131n makul olamayaca\u011f\u0131, a\u015fikard\u0131r.<\/p>\n<p style=\"text-align: justify;\"><strong>BU SORU\u015eTURMANIN AMACI\u2026 <\/strong><\/p>\n<p style=\"text-align: justify;\"><strong>c<\/strong>&#8211; Kitab\u0131mda a\u00e7\u0131k\u00e7a anlat\u0131ld\u0131\u011f\u0131 gibi devlet geleneklerine ba\u011fl\u0131 olarak hiyerar\u015fik sistem i\u00e7erisinde s\u0131ras\u0131yla \u0130\u00e7i\u015fleri Bakanl\u0131\u011f\u0131 (Emniyet Genel M\u00fcd\u00fcrl\u00fc\u011f\u00fc), Adalet Bakanl\u0131\u011f\u0131, .. di\u011fer makamlara m\u00fcracaat etmeme ra\u011fmen, benim devlet i\u00e7erisinde \u00f6rg\u00fctlenmi\u015f bir grubun gizli dinleme, izleme yapt\u0131\u011f\u0131 konusunda maddi delilerle m\u00fcracaat taleplerimin 8 ay ge\u00e7mesine ra\u011fmen ara\u015ft\u0131r\u0131lmad\u0131\u011f\u0131, yine \u015fimdi yazd\u0131\u011f\u0131m kitapta iddia etti\u011fim devlet ve toplum hayat\u0131 i\u00e7in \u00e7ok ciddi tehlikeleri i\u00e7eren konular\u0131n hi\u00e7 ara\u015ft\u0131r\u0131lmay\u0131p yazd\u0131\u011f\u0131m kitaptan dolay\u0131 bu kadar a\u011f\u0131r su\u00e7lanmam bu soru\u015fturman\u0131n amac\u0131n\u0131 ortaya koymaktad\u0131r.<\/p>\n<p style=\"text-align: justify;\"><strong>BU \u0130DD\u0130A K\u0130ME A\u0130T <\/strong><\/p>\n<p style=\"text-align: justify;\"><strong>2<\/strong>&#8211; (4) sayfal\u0131k soru lahikan\u0131zda kitab\u0131mdaki 21 ayr\u0131 anlat\u0131m\u0131 \u00f6rnek g\u00f6stererek \u2018<strong>T\u00fcrk Milletini, T\u00fcrkiye Cumhuriyeti Devletini ve H\u00fck\u00fcmetini devletin kurum ve organlar\u0131n\u0131 a\u015fa\u011f\u0131lad\u0131\u011f\u0131n\u0131z, insanlar\u0131m\u0131z\u0131 k\u00fc\u00e7\u00fcmsedi\u011finiz \u00fcstlerinizi ve devletin y\u00f6neticilerinin eylem ve i\u015flemlerini \u00e7arp\u0131tarak ele\u015ftirdi\u011finiz, buna kar\u015f\u0131l\u0131k ter\u00f6r \u00f6rg\u00fct\u00fc ve mensuplar\u0131n\u0131 \u00f6vd\u00fc\u011f\u00fcn\u00fcz<\/strong>&#8216; iddia edilmektedir denmektedir.<\/p>\n<p style=\"text-align: justify;\"><strong>a<\/strong>&#8211; \u00d6ncelikle bu iddiay\u0131 kim yapmaktad\u0131r, kitab\u0131 okuyan bunca hakim, savc\u0131 ve di\u011fer hukuk\u00e7ulardan, en a\u011f\u0131r ele\u015ftiriyi yapan ki\u015filere kadar hi\u00e7bir kesimden bu g\u00fcne kadar b\u00f6yle bir ele\u015ftiri, s\u00f6z duymad\u0131m. Ba\u015fta bas\u0131n savc\u0131l\u0131\u011f\u0131 ve Ankara \u00f6zel yetkili mahkemenin, Ankara ba\u015fsavc\u0131l\u0131\u011f\u0131 ve ilimiz savc\u0131lar\u0131 b\u00f6yle bir isnatta bulunmam\u0131\u015flard\u0131r. Kitab\u0131m hakk\u0131nda lehte &#8211; aleyhte yaz\u0131l\u0131 ve g\u00f6rsel bas\u0131nda yer alan binlerce ele\u015ftiri veya \u00f6vg\u00fc aras\u0131nda bu isnatlarla ilgili yaz\u0131, anlat\u0131m duymad\u0131m. T\u00fcm bas\u0131nda \u00e7\u0131kan ele\u015ftiriler incelendi\u011finde g\u00f6r\u00fclece\u011fi \u00fczere kitaba tam kar\u015f\u0131 \u00e7\u0131kanlar bile bu isnatlar\u0131n hi\u00e7birini kullanmaz iken bu kadar a\u011f\u0131r isnatlar\u0131n gerek\u00e7esinin olmad\u0131\u011f\u0131 net olarak ortadad\u0131r.<\/p>\n<p style=\"text-align: justify;\"><strong>b<\/strong>&#8211; Benim yaz\u0131l\u0131 m\u00fcracaat\u0131ma ra\u011fmen, yaln\u0131z benim de\u011fil binlerce insan\u0131n telefonlar\u0131n\u0131 sahte belge evrak, rapor haz\u0131rlayarak dinleyen ki\u015filerin kanuna g\u00f6re denetletmesi gerekirken bu i\u015flemi yapmayanlar i\u00e7in g\u00f6revlerin k\u00f6t\u00fcye kullan\u0131lmas\u0131n\u0131 s\u00f6ylemek bir hak olup, buradan su\u00e7 \u00e7\u0131kar\u0131lmaz. (\u2026)<\/p>\n<p style=\"text-align: justify;\"><strong>GER\u00c7EK \u0130HMAL\u0130 OLANLARIN SU\u00c7LARI G\u0130ZLEN\u0130YOR <\/strong><\/p>\n<p style=\"text-align: justify;\">(\u2026) \u0130ddialar\u0131m\u0131 zaman\u0131nda ara\u015ft\u0131rmayanlar, hala hukuksuz ortam\u0131n devam\u0131na mani olmayanlar kendi g\u00f6rev ihmallerini ortaya koydu\u011fum i\u00e7in her \u015feyi tersine kullanarak beni haks\u0131z yere cezaland\u0131rmaya kalkanlar ve ilerde hukuka ayk\u0131r\u0131 olarak ceza almam\u0131 sa\u011flayacak olanlar bu y\u00f6ntemlerle kendi su\u00e7lar\u0131n\u0131 \u00f6rtemezler.<\/p>\n<p style=\"text-align: justify;\">As\u0131l devleti ve te\u015fkilat\u0131 k\u00fc\u00e7\u00fck d\u00fc\u015f\u00fcrenler devlet ve te\u015fkilat i\u00e7erisinde hukuksuz davranan ki\u015fi ve gruplara mani olmak ad\u0131na g\u00f6rev ve yetkileri olmas\u0131na ra\u011fmen zaman\u0131nda bu ki\u015filere kar\u015f\u0131 g\u00f6revlerini yapmayanlard\u0131r.<\/p>\n<p style=\"text-align: justify;\">Kitab\u0131mda anlat\u0131lan hi\u00e7bir konu ne ceza hukuku a\u00e7\u0131s\u0131nda, nede disiplin mevzuat\u0131 a\u00e7\u0131s\u0131nda su\u00e7 de\u011fildir. Esasen mevzuat\u0131m\u0131z gere\u011fi yaz\u0131lm\u0131\u015f olan bir kitaptan dolay\u0131 bu \u015fekilde su\u00e7lama yapmak m\u00fcmk\u00fcn de\u011fildir. B\u00fct\u00fcn sorular hukukun zorlanmas\u0131 ve ger\u00e7ek ihmali olanlar\u0131n su\u00e7lar\u0131n\u0131 gizlemeye y\u00f6nelik bir davran\u0131\u015f oldu\u011fu kanaatindeyim.<\/p>\n<p style=\"text-align: justify;\">Arz ederim. 22.09.2010<\/p>\n<p style=\"text-align: justify;\"><strong>Hanefi AVCI<\/strong><\/p>\n<p style=\"text-align: justify;\"><strong>1.S\u0131n\u0131f Emniyet M\u00fcd\u00fcr\u00fc<\/strong><\/p>\n<p style=\"text-align: justify;\"><strong>Merkez Emniyet M\u00fcd\u00fcr\u00fc. <\/strong><\/p>\n<p style=\"text-align: justify;\"><span style=\"color: #888888;\">Kaynak : <a href=\"http:\/\/www.odatv.com\/n.php?n=icisleri-bakanligi-hanefi-avcinin-tutuklanacagini-23-gun-onceden-biliyor-muydu-2909101200\" target=\"_blank\">Odatv.com<\/a><\/span><\/p>\n","protected":false},"excerpt":{"rendered":"<p style=\"text-align: justify;\">\n<p style=\"text-align: justify;\">Tutuklanan emniyet m\u00fcd\u00fcr\u00fc Hanefi Avc\u0131\u2019ya, yazd\u0131\u011f\u0131 kitapla ilgili \u0130\u00e7i\u015fleri Bakanl\u0131\u011f\u0131 m\u00fcfetti\u015flerinin yapt\u0131\u011f\u0131 soru\u015fturmada isnat edilen su\u00e7lardan biri \u015f\u00f6yle:<\/p>\n<p style=\"text-align: justify;\">\u2018(\u2026)T\u00fcrk Milletini, T\u00fcrkiye Cumhuriyeti Devleti ve H\u00fck\u00fcmetini, devletin kurum ve organlar\u0131n\u0131 a\u015fa\u011f\u0131lad\u0131\u011f\u0131n\u0131z, insanlar\u0131m\u0131z\u0131 k\u00fc\u00e7\u00fcmsedi\u011finiz, \u00fcstlerinizi ve devletin y\u00f6neticilerinin eylem ve i\u015flemlerini \u00e7arp\u0131tarak ele\u015ftirdi\u011finiz, buna kar\u015f\u0131l\u0131k ter\u00f6r \u00f6rg\u00fct\u00fc ve mensuplar\u0131n\u0131 \u00f6vd\u00fc\u011f\u00fcn\u00fcz <\/p>\n","protected":false},"author":1,"featured_media":0,"comment_status":"open","ping_status":"closed","sticky":false,"template":"","format":"standard","meta":{"footnotes":""},"categories":[105],"tags":[],"class_list":["post-25956","post","type-post","status-publish","format-standard","hentry","category-gundem","odd"],"_links":{"self":[{"href":"http:\/\/www.korhanyilmaz.com\/index.php?rest_route=\/wp\/v2\/posts\/25956","targetHints":{"allow":["GET"]}}],"collection":[{"href":"http:\/\/www.korhanyilmaz.com\/index.php?rest_route=\/wp\/v2\/posts"}],"about":[{"href":"http:\/\/www.korhanyilmaz.com\/index.php?rest_route=\/wp\/v2\/types\/post"}],"author":[{"embeddable":true,"href":"http:\/\/www.korhanyilmaz.com\/index.php?rest_route=\/wp\/v2\/users\/1"}],"replies":[{"embeddable":true,"href":"http:\/\/www.korhanyilmaz.com\/index.php?rest_route=%2Fwp%2Fv2%2Fcomments&post=25956"}],"version-history":[{"count":0,"href":"http:\/\/www.korhanyilmaz.com\/index.php?rest_route=\/wp\/v2\/posts\/25956\/revisions"}],"wp:attachment":[{"href":"http:\/\/www.korhanyilmaz.com\/index.php?rest_route=%2Fwp%2Fv2%2Fmedia&parent=25956"}],"wp:term":[{"taxonomy":"category","embeddable":true,"href":"http:\/\/www.korhanyilmaz.com\/index.php?rest_route=%2Fwp%2Fv2%2Fcategories&post=25956"},{"taxonomy":"post_tag","embeddable":true,"href":"http:\/\/www.korhanyilmaz.com\/index.php?rest_route=%2Fwp%2Fv2%2Ftags&post=25956"}],"curies":[{"name":"wp","href":"https:\/\/api.w.org\/{rel}","templated":true}]}}