{"id":25950,"date":"2010-09-28T15:02:40","date_gmt":"2010-09-28T12:02:40","guid":{"rendered":"http:\/\/www.korhanyilmaz.com\/?p=25950"},"modified":"2010-09-28T15:02:40","modified_gmt":"2010-09-28T12:02:40","slug":"basbakan-erdogana-mektup-var","status":"publish","type":"post","link":"http:\/\/www.korhanyilmaz.com\/?p=25950","title":{"rendered":"Ba\u015fbakan Erdo\u011fan&#8217;a Mektup Var"},"content":{"rendered":"<p style=\"text-align: center;\"><a href=\"http:\/\/www.korhanyilmaz.com\/wp-content\/uploads\/2010\/09\/2151.jpg\"  class=\"lightview\"><img loading=\"lazy\" decoding=\"async\" class=\"aligncenter size-full wp-image-25951\" src=\"http:\/\/www.korhanyilmaz.com\/wp-content\/uploads\/2010\/09\/2151.jpg\" alt=\"\" width=\"317\" height=\"215\" \/><\/a><\/p>\n<p style=\"text-align: justify;\">Ba\u015fbakan Erdo\u011fan, Dolmabah\u00e7e\u2019de medya mensuplar\u0131na verdi\u011fi kahvalt\u0131da; Silivri&#8217;deki tutuklu gazetecilerin gazetecilik faaliyetinden de\u011fil ba\u015fka su\u00e7lardan tutuklu olduklar\u0131n\u0131 s\u00f6ylemi\u015fti.<\/p>\n<p style=\"text-align: justify;\">Ba\u015fbakan\u2019\u0131n bu a\u00e7\u0131klamas\u0131na, bir y\u0131la yak\u0131n s\u00fcredir Silivri&#8217;de cezaevinde tutulan Ayd\u0131nl\u0131k Dergisi Genel Yay\u0131n Y\u00f6netmeni Deniz Y\u0131ld\u0131r\u0131m yan\u0131t verdi.\u00a0<!--more--><\/p>\n<p style=\"text-align: justify;\"><strong>\u0130\u015fte o mektup: <\/strong><\/p>\n<p style=\"text-align: justify;\">&#8220;Ba\u015fbakan Tayip Erdo\u011fan 25 Eyl\u00fcl\u2019de Dolmabah\u00e7e\u2019de gazetecilerle yapt\u0131\u011f\u0131 toplant\u0131da Silivri&#8217;deki tutuklu gazetecilerin, gazetecilik faaliyetlerinden de\u011fil, ba\u015fka su\u00e7lardan tutuklu oldu\u011funu s\u00f6yledi. Su\u00e7umu a\u00e7\u0131kl\u0131yorum:<\/p>\n<p style=\"text-align: justify;\">\u0130\u015f\u00e7i Partisi\u2019nin a\u00e7\u0131klad\u0131\u011f\u0131 Ba\u015fbakan Tayyip Erdo\u011fan\u2019n\u0131n ses kay\u0131tlar\u0131 haberini Ayd\u0131nl\u0131k&#8217;ta yay\u0131mlad\u0131\u011f\u0131m\u0131z tarih 18 Ekim 2009, eve ve dergiye yap\u0131lan operasyonun tarihi 19 Ekim 2009&#8217;dur. Haberden bir g\u00fcn sonra \u0130stanbul Emniyeti harekete ge\u00e7irilmi\u015ftir. Haber yapt\u0131\u011f\u0131m\u0131z i\u00e7in tutukland\u0131\u011f\u0131m\u0131z\u0131n ba\u015fka kan\u0131ta ihtiyac\u0131 yoktur. Di\u011fer yandan davada ba\u015fka bir su\u00e7lama yoktur. Bu haberi yapt\u0131\u011f\u0131m\u0131z i\u00e7in &#8216;Ergenekoncu&#8217; oldu\u011fumuz iddianamede a\u00e7\u0131k\u00e7a yaz\u0131lmaktad\u0131r. Yani Ba\u015fbakan&#8217;\u0131n sevmedi\u011fi haberler &#8220;Ergenekon&#8221; kapsam\u0131na girmektedir. Ancak ger\u00e7ekler b\u00f6yle de\u011fil.<\/p>\n<p style=\"text-align: justify;\"><strong>YAPTI\u011eIMIZ HABERLE \u0130LG\u0130L\u0130\u00a0BA\u015eBAKANLI\u011eIN YAZISIYLA TUTUKLANDIK<\/strong><\/p>\n<p style=\"text-align: justify;\">Tutukland\u0131\u011f\u0131m\u0131z g\u00fcnden beri her g\u00fcn gazetelerde \u00f6zellikle yanda\u015f gazete ve televizyonlarda g\u00fcncel olarak Yarg\u0131tay \u00fcyelerinin, generallerin, i\u015flerine gelen b\u00fct\u00fcn dinleme haberlerini ibretle okuduk, izledik. Yay\u0131nlarken hi\u00e7birisiyle ilgili bir soru\u015fturma ba\u015flat\u0131ld\u0131 m\u0131? Bas\u0131n \u00f6zg\u00fcrl\u00fc\u011f\u00fc kimler i\u00e7in ge\u00e7erli?<\/p>\n<p style=\"text-align: justify;\">Bak\u0131n B\u00fclent Ar\u0131n\u00e7 22 \u015eubat 2010\u2019da Genelkurmay Ba\u015fkan\u0131\u2019n\u0131n NATO kararg\u00e2h\u0131ndan dinlenmesi haberi \u00fczerine \u201cArt\u0131k hi\u00e7bir \u015fey gizli kalm\u0131yor\u201d dedi. En son ba\u015fbakan yasad\u0131\u015f\u0131 dinlenmi\u015f bir ses kayd\u0131n\u0131 referandum mitinginde g\u00fcndeme getirdi ve &#8216;Yarg\u0131tay&#8217;da nas\u0131l hesaplar yap\u0131ld\u0131\u011f\u0131 ortaya \u00e7\u0131kt\u0131&#8221; dedi. Peki bizim yapt\u0131\u011f\u0131m\u0131z haber i\u00e7in ne dedi? \u201cBu derginin \u00fczerine gidin!\u201d<\/p>\n<p style=\"text-align: justify;\">Ba\u015fbakanl\u0131k, Ergenekon savc\u0131s\u0131 Zekeriya \u00d6z ile tutukland\u0131\u011f\u0131m tarih olan 9 Kas\u0131m 2009 tarihli yaz\u0131\u015fmalar\u0131n\u0131 a\u00e7\u0131klamal\u0131d\u0131r.<\/p>\n<p style=\"text-align: justify;\"><strong>KAMU YARARINI G\u00d6ZETT\u0130K <\/strong><\/p>\n<p style=\"text-align: justify;\">Ayd\u0131nl\u0131k Dergisi&#8217;nde haberi yap\u0131lan &#8220;Ba\u015fbakana ait telefon kay\u0131tlar\u0131&#8221; \u00f6zel hayata ili\u015fkin olmad\u0131\u011f\u0131 gibi; tele-kulak olay\u0131n\u0131n geldi\u011fi noktay\u0131 g\u00f6stermektedir. A\u00e7\u0131k bir kamu yarar\u0131 vard\u0131r haberimizde. \u00c7\u00fcnk\u00fc sistem \u00e7\u00fcr\u00fcd\u00fck\u00e7e kula\u011f\u0131 b\u00fcy\u00fcmektedir. Bunun birinci sorumlusu bug\u00fcnk\u00fc iktidard\u0131r. H\u00e2kimler, savc\u0131lar, genelkurmay ba\u015fkanlar\u0131, siyasi parti genel ba\u015fkanlar\u0131 ve b\u00fct\u00fcn bir toplum yasad\u0131\u015f\u0131 olarak dinlenirken sesini \u00e7\u0131karmayan h\u00fck\u00fcmet, hatta ses kayd\u0131 haberi yapmak gazetecilik faaliyetidir diyen bakanlar ortadayken, s\u00f6z konusu ba\u015fbakan olunca, bizi a\u00e7\u0131k hedef g\u00f6sterdiler. Buradan da a\u00e7\u0131k\u00e7a yapt\u0131\u011f\u0131m\u0131z haberin yarg\u0131land\u0131\u011f\u0131 ortaya \u00e7\u0131k\u0131yor.<\/p>\n<p style=\"text-align: justify;\"><strong>MESLEK\u0130 FAAL\u0130YETTE \u00c7\u0130FTE STANDART<\/strong><\/p>\n<p style=\"text-align: justify;\">Ayn\u0131 bas\u0131n faaliyeti kapsam\u0131nda baz\u0131 bas\u0131n kurulu\u015flar\u0131na ula\u015fan ses kay\u0131tlar\u0131 su\u00e7 de\u011fil de bizim yay\u0131n organ\u0131na gelenler mi su\u00e7? Bu yasalar ba\u015fbakan olunca ba\u015fka Yarg\u0131tay \u00fcyeleri ve generaller olunca ba\u015fka ba\u015fka m\u0131 i\u015flemektedir? D\u0131\u015f bas\u0131n T\u00fcrkiye\u2019yi Tele-kulak Cumhuriyeti diye a\u015fa\u011f\u0131larken ve bu durumun sorumlu h\u00fck\u00fcmetin \u00fczerine gidilmesi gerekirken bizi lin\u00e7 ettirmek i\u00e7in soru\u015fturma ba\u015flat\u0131ld\u0131. Birilerinin i\u015fine gelmeyen haber ve i\u015fine gelen haber mi var? \u0130\u015fine gelen iyi, gelmeyen Ergenekon i\u015fi\u2026 \u0130ktidara muhalif olan her gazetecinin yazd\u0131klar\u0131n\u0131 \u201cErgenekon ar\u015fivindendir\u201d d\u00fczmecesiyle tutuklama sebebi sayabilir misiniz?<\/p>\n<p style=\"text-align: justify;\"><strong>BASINA G\u00d6ZDA\u011eI VERMEK \u0130\u00c7\u0130N TUTUKLANDIK <\/strong><\/p>\n<p style=\"text-align: justify;\">Yapt\u0131\u011f\u0131m\u0131z bu haberden dolay\u0131 Ayd\u0131nl\u0131k genel yay\u0131n y\u00f6netmenini se\u00e7erek, ba\u015fbakan ma\u011fdur oldu dedirtmek i\u00e7in tutuklulu\u011fumuz s\u00fcrd\u00fcr\u00fclmektedir. Y\u00f6neticiler ve her dereceden kamu g\u00f6revlilerine bir fiil isnat edildi\u011finde, bunun ispat\u0131nda kamu yarar\u0131 bulundu\u011fu i\u00e7in bu ispat yap\u0131ld\u0131\u011f\u0131 takdirde ve \u00f6l\u00e7\u00fcde, bas\u0131n su\u00e7u dahi olu\u015fmamaktad\u0131r. Zaten bu bilindi\u011fi i\u00e7in &#8220;\u00f6rg\u00fct \u00fcyeli\u011fi&#8221; bahanesi ve iftiras\u0131 yap\u0131\u015ft\u0131r\u0131lmak istenmi\u015ftir. Aleni ihanet i\u00e7inde yalanlar\u0131 yay\u0131mlayan, su\u00e7 i\u015fleyen, gazeteci kisveli propaganda memurlar\u0131 hi\u00e7 bir takibata u\u011frat\u0131lmazken, kamu yarar\u0131 i\u00e7in sorumlu gazetecilik yapt\u0131\u011f\u0131m\u0131z i\u00e7in u\u011frad\u0131\u011f\u0131m\u0131z bu muamele, hi\u00e7 bir mevzuat h\u00fckm\u00fcne s\u0131\u011fmaz, kabul edilemez.<\/p>\n<p style=\"text-align: justify;\"><strong>B\u0130R HABER\u0130N BEDEL\u0130 B\u0130R YIL TUTUKLULUK <\/strong><\/p>\n<p style=\"text-align: justify;\">T\u00fcrkiye&#8217;de bu \u015fekilde tutuklanan ilk gazetecileriz. Tutuklan\u0131\u015f\u0131m, Uluslararas\u0131 Bas\u0131n Enstit\u00fcs\u00fc&#8217;n\u00fcn g\u00fcndemine &#8220;muhalif haberlere, iktidardan misilleme&#8221; de\u011ferlendirmesiyle girmi\u015ftir. Bu durum bas\u0131n \u00f6zg\u00fcrl\u00fc\u011f\u00fc bak\u0131m\u0131ndan \u00fclkemiz ad\u0131na utan\u0131lacak bir durumdur.<\/p>\n<p style=\"text-align: justify;\">B\u00f6yle bir durumda &#8220;adalettin erken tecellisini istemekten&#8221; bahsetmek, kamuoyunu oyalamaktan ba\u015fka bir anlam ifade etmemektedir. \u0130ktidar\u0131n i\u015fine gelmeyen bir haberin kar\u015f\u0131l\u0131\u011f\u0131 bir y\u0131l esaret ise orada adaletten bahsetmek m\u00fcmk\u00fcn de\u011fildir. Bu uygulamalar\u0131n devam\u0131 T\u00fcrkiye&#8217;nin bas\u0131n faaliyeti dahi yap\u0131lamayacak bir u\u00e7uruma s\u00fcr\u00fcklenmesidir. T\u00fcm bas\u0131n kurulu\u015flar\u0131n\u0131 bu konuda uyar\u0131yor, bas\u0131n \u00f6zg\u00fcrl\u00fc\u011f\u00fcne sahip \u00e7\u0131kmaya \u00e7a\u011f\u0131r\u0131yoruz. Bir gazeteciye dahi yap\u0131lan haks\u0131zl\u0131k, t\u00fcm bas\u0131na yap\u0131lm\u0131\u015f say\u0131lmal\u0131d\u0131r!&#8221;<\/p>\n<p style=\"text-align: justify;\"><span style=\"color: #888888;\">Kaynak : <a href=\"http:\/\/www.odatv.com\/n.php?n=basbakan-erdogana-mektup-var--2809101200\" target=\"_blank\">Odatv.com<\/a><\/span><\/p>\n","protected":false},"excerpt":{"rendered":"<p style=\"text-align: center;\">\n<p style=\"text-align: justify;\">Ba\u015fbakan Erdo\u011fan, Dolmabah\u00e7e\u2019de medya mensuplar\u0131na verdi\u011fi kahvalt\u0131da; Silivri&#8217;deki tutuklu gazetecilerin gazetecilik faaliyetinden de\u011fil ba\u015fka su\u00e7lardan tutuklu olduklar\u0131n\u0131 s\u00f6ylemi\u015fti.<\/p>\n<p style=\"text-align: justify;\">Ba\u015fbakan\u2019\u0131n bu a\u00e7\u0131klamas\u0131na, bir y\u0131la yak\u0131n s\u00fcredir Silivri&#8217;de cezaevinde tutulan Ayd\u0131nl\u0131k Dergisi Genel Yay\u0131n Y\u00f6netmeni Deniz Y\u0131ld\u0131r\u0131m yan\u0131t verdi. <\/p>\n","protected":false},"author":1,"featured_media":0,"comment_status":"open","ping_status":"closed","sticky":false,"template":"","format":"standard","meta":{"footnotes":""},"categories":[105],"tags":[],"class_list":["post-25950","post","type-post","status-publish","format-standard","hentry","category-gundem","odd"],"_links":{"self":[{"href":"http:\/\/www.korhanyilmaz.com\/index.php?rest_route=\/wp\/v2\/posts\/25950","targetHints":{"allow":["GET"]}}],"collection":[{"href":"http:\/\/www.korhanyilmaz.com\/index.php?rest_route=\/wp\/v2\/posts"}],"about":[{"href":"http:\/\/www.korhanyilmaz.com\/index.php?rest_route=\/wp\/v2\/types\/post"}],"author":[{"embeddable":true,"href":"http:\/\/www.korhanyilmaz.com\/index.php?rest_route=\/wp\/v2\/users\/1"}],"replies":[{"embeddable":true,"href":"http:\/\/www.korhanyilmaz.com\/index.php?rest_route=%2Fwp%2Fv2%2Fcomments&post=25950"}],"version-history":[{"count":0,"href":"http:\/\/www.korhanyilmaz.com\/index.php?rest_route=\/wp\/v2\/posts\/25950\/revisions"}],"wp:attachment":[{"href":"http:\/\/www.korhanyilmaz.com\/index.php?rest_route=%2Fwp%2Fv2%2Fmedia&parent=25950"}],"wp:term":[{"taxonomy":"category","embeddable":true,"href":"http:\/\/www.korhanyilmaz.com\/index.php?rest_route=%2Fwp%2Fv2%2Fcategories&post=25950"},{"taxonomy":"post_tag","embeddable":true,"href":"http:\/\/www.korhanyilmaz.com\/index.php?rest_route=%2Fwp%2Fv2%2Ftags&post=25950"}],"curies":[{"name":"wp","href":"https:\/\/api.w.org\/{rel}","templated":true}]}}