{"id":25946,"date":"2010-09-28T21:44:01","date_gmt":"2010-09-28T18:44:01","guid":{"rendered":"http:\/\/www.korhanyilmaz.com\/?p=25946"},"modified":"2010-09-28T21:44:01","modified_gmt":"2010-09-28T18:44:01","slug":"hanefi-avci-tutuklandi","status":"publish","type":"post","link":"http:\/\/www.korhanyilmaz.com\/?p=25946","title":{"rendered":"Hanefi Avc\u0131 tutukland\u0131"},"content":{"rendered":"<p style=\"text-align: center;\"><a href=\"http:\/\/www.korhanyilmaz.com\/wp-content\/uploads\/2010\/09\/2142.jpg\"  class=\"lightview\"><img loading=\"lazy\" decoding=\"async\" class=\"aligncenter size-full wp-image-25947\" src=\"http:\/\/www.korhanyilmaz.com\/wp-content\/uploads\/2010\/09\/2142.jpg\" alt=\"\" width=\"307\" height=\"236\" \/><\/a><\/p>\n<p style=\"text-align: justify;\">&#8220;Devrimci Karargah \u00d6rg\u00fct\u00fc&#8221; soru\u015fturmas\u0131 kapsam\u0131nda hakk\u0131nda yakalama karar\u0131 \u00e7\u0131kar\u0131lan &#8220;Hali\u00e7&#8217;te Ya\u015fayan Simonlar&#8221; kitab\u0131n\u0131n yazar\u0131 ve eski Eski\u015fehir Emniyet M\u00fcd\u00fcr\u00fc Hanefi Avc\u0131 tutukland\u0131.<\/p>\n<p style=\"text-align: justify;\">Devrimci Karargah \u00d6rg\u00fct\u00fc&#8217;ne yard\u0131m etti\u011fi gerek\u00e7esiyle Ankara&#8217;da g\u00f6zalt\u0131na al\u0131nan Emniyet M\u00fcd\u00fcr\u00fc Hanefi Avc\u0131, saat 14.00 s\u0131ralar\u0131nda u\u00e7akla, \u0130stanbul&#8217;a getirildi. <!--more--><\/p>\n<p style=\"text-align: justify;\">Avc\u0131, polisler e\u015fli\u011finde u\u00e7aktan indirilerek apronda bekleyen ekip arac\u0131yla Be\u015fikta\u015f&#8217;taki \u0130stanbul Adliyesi&#8217;ne g\u00f6t\u00fcr\u00fcld\u00fc.<\/p>\n<p style=\"text-align: justify;\">Adliyedeki savc\u0131l\u0131k sorgusunda susma hakk\u0131n\u0131 kullanan Avc\u0131, saat 18.30 s\u0131ralar\u0131nda n\u00f6bet\u00e7i mahkemeye sevk edildi.<\/p>\n<p style=\"text-align: justify;\">Savc\u0131l\u0131kta susma hakk\u0131n\u0131 kullanan Hanefi Avc\u0131, \u0130stanbul N\u00f6bet\u00e7i 14. A\u011f\u0131r Ceza Mahkemesi&#8217;nde hakim kar\u015f\u0131s\u0131nda ifade verdi.<\/p>\n<p style=\"text-align: justify;\">Avc\u0131, \u00e7\u0131kar\u0131ld\u0131\u011f\u0131 mahkemece &#8220;ter\u00f6r \u00f6rg\u00fct\u00fcne yard\u0131m&#8221; su\u00e7lamas\u0131yla tutukland\u0131.<\/p>\n<p style=\"text-align: justify;\">Mahkemenin verdi\u011fi tutuklama karar\u0131n\u0131n ard\u0131ndan, \u00c7evik Kuvvet ekipleri e\u015fli\u011finde yo\u011fun g\u00fcvenlik \u00f6nlemleri alt\u0131nda Be\u015fikta\u015f&#8217;taki \u0130stanbul Adliyesinden sivil plakal\u0131 bir ara\u00e7la \u00e7\u0131kar\u0131lan Avc\u0131, Ter\u00f6rle M\u00fccadele \u015eube M\u00fcd\u00fcrl\u00fc\u011f\u00fc g\u00f6revlilerince Pa\u015fakap\u0131s\u0131 Cezaevi&#8217;ne g\u00f6t\u00fcr\u00fcld\u00fc.<\/p>\n<p style=\"text-align: justify;\">Hanefi Avc\u0131&#8217;y\u0131 g\u00f6r\u00fcnt\u00fclemek isteyen \u00e7ok say\u0131da bas\u0131n mensubu dolay\u0131s\u0131yla adliye \u00e7\u0131k\u0131\u015f\u0131nda yo\u011funluk ya\u015fand\u0131.<\/p>\n<p style=\"text-align: justify;\">Hanefi Avc\u0131&#8217;n\u0131n ayr\u0131ca tutuklama karar\u0131 \u00e7\u0131kt\u0131ktan sonra baz\u0131 ki\u015filere &#8220;Hakl\u0131l\u0131\u011f\u0131m\u0131z anla\u015f\u0131ld\u0131, tutuklama \u00e7\u0131kt\u0131&#8221; \u015feklinde mesaj att\u0131\u011f\u0131 \u00f6\u011frenildi.<\/p>\n<p style=\"text-align: justify;\"><strong>Avc\u0131: &#8220;Bunu yapanlar \u00f6rg\u00fct \u00fcyesidir&#8221; <\/strong><\/p>\n<p style=\"text-align: justify;\">G\u00f6zalt\u0131na al\u0131nmadan \u00f6nce konu\u015fan Avc\u0131, &#8221; Ben \u00f6rg\u00fct \u00fcyesi de\u011filim. Bana bunu yapanlar \u00f6rg\u00fct \u00fcyesidir. Yasad\u0131\u015f\u0131 telefon dinlemelerinde su\u00e7\u00fcst\u00fc yakaland\u0131lar. Kanunsuz dinlemeleri te\u015fhir oldu. K\u0131l\u0131f bulmaz i\u00e7in bunu yap\u0131yorlar&#8221; dedi.<\/p>\n<p style=\"text-align: justify;\"><strong>Eski\u015fehir&#8217;deki evinde arama <\/strong><\/p>\n<p style=\"text-align: justify;\">Bu arada, Hanefi Avc\u0131&#8217;n\u0131n \u0130l Emniyet M\u00fcd\u00fcr\u00fc oldu\u011fu d\u00f6nemde kald\u0131\u011f\u0131 Eski\u015fehir Polisevi&#8217;nin i\u00e7indeki konutta ve Eski\u015fehir Emniyet M\u00fcd\u00fcrl\u00fc\u011f\u00fc&#8217;nde hen\u00fcz bo\u015faltmad\u0131\u011f\u0131 makam odas\u0131nda da arama yap\u0131ld\u0131. Arama yakla\u015f\u0131k 4 saat s\u00fcrd\u00fc.<\/p>\n<p style=\"text-align: justify;\">Eski\u015fehir Cumhuriyet Ba\u015fsavc\u0131s\u0131 Ekrem Ayd\u0131ner de arama yap\u0131lan yerlerde incelemelerde bulundu.<\/p>\n<p style=\"text-align: justify;\">Yakla\u015f\u0131k 4 saat s\u00fcren aramalarda bilgisayar, CD, elektronik e\u015fyalar ile veri toplamaya yarayan t\u00fcm aletler kontrol edildi. Baz\u0131 e\u015fyalara el konuldu, baz\u0131 materyaller kopyaland\u0131. Delil niteli\u011findeki materyaller \u0130stanbul&#8217;a g\u00f6nderildi.<\/p>\n<p style=\"text-align: justify;\"><strong>Avc\u0131&#8217;n\u0131n e\u015fi: &#8220;E\u015fimi susturamayacaklar&#8221; <\/strong><\/p>\n<p style=\"text-align: justify;\">Eski\u015fehir Emniyet M\u00fcd\u00fcrl\u00fc\u011f\u00fc&#8217;ne ait lojmanda kalan Hanefi Avc\u0131&#8217;n\u0131n e\u015fi \u015eenay Avc\u0131 da, mahkeme karar\u0131 ile polislerin eve geldi\u011fini ve arama yapt\u0131\u011f\u0131n\u0131 s\u00f6yleyerek, \u201cBir \u015fey yok evi ar\u0131yorlar. Aras\u0131nlar bir \u015fey yok. Buras\u0131 polis evidir. Ben polis e\u015fiyim&#8221; dedi.<\/p>\n<p style=\"text-align: justify;\">E\u015finin Ankara&#8217;da g\u00f6zalt\u0131na al\u0131narak \u0130stanbul&#8217;a g\u00f6t\u00fcr\u00fcld\u00fc\u011f\u00fcn\u00fc s\u00f6yleyen \u015eenay Avc\u0131, \u201cBen da\u011f gibi bir adam\u0131n e\u015fiyim. Benim e\u015fim devletine \u00e7al\u0131\u015fmaktan ba\u015fka bir \u015fey yapmad\u0131. Benim e\u015fim y\u00fcz\u00fcn\u00fcn ak\u0131 ile duruyor. Yine kitab\u0131n\u0131 yazacak kimse susturamayacak. Kimse susturamaz. Aile olarak kale gibi arkas\u0131nday\u0131z&#8221; diye konu\u015ftu.<\/p>\n<p style=\"text-align: justify;\">\u0130stanbul Cumhuriyet Ba\u015fsavc\u0131l\u0131\u011f\u0131&#8217;n\u0131n ge\u00e7en hafta ifadeye \u00e7a\u011f\u0131rd\u0131\u011f\u0131 Avc\u0131, izinde oldu\u011fu gerek\u00e7esiyle savc\u0131l\u0131\u011fa gitmemi\u015fti. Bunun \u00fczerine savc\u0131l\u0131\u011f\u0131n, &#8220;yakalama karar\u0131&#8221; \u00e7\u0131kartt\u0131\u011f\u0131 bildirildi.<\/p>\n<p style=\"text-align: justify;\"><strong>Avc\u0131 \u0130zmir&#8217;de konu\u015fmu\u015ftu: &#8220;Her\u015feyi 30 Eyl\u00fcl&#8217;de a\u00e7\u0131klayaca\u011f\u0131m&#8221; <\/strong><\/p>\n<p style=\"text-align: justify;\">\u00d6te yandan, Hanefi Avc\u0131 25 Eyl\u00fcl&#8217;de imza g\u00fcn\u00fc i\u00e7in gitti\u011fi \u0130zmir&#8217;de ilgin\u00e7 a\u00e7\u0131klamalarda bulunmu\u015ftu.<\/p>\n<p style=\"text-align: justify;\">Avc\u0131, hem askeri hem de sivil savc\u0131ya ifade verece\u011fini, t\u00fcm ger\u00e7ekleri, 30 Eyl\u00fc&#8217;de bas\u0131n a\u00e7\u0131klamas\u0131yla anlataca\u011f\u0131n\u0131 dile getirmi\u015f ve ikinci bir kitap yazaca\u011f\u0131n\u0131 da okuyucular\u0131na m\u00fcjdelemi\u015fti.<\/p>\n<p style=\"text-align: justify;\">Hanefi Avc\u0131, Edirne&#8217;de g\u00f6rev yaparken ili\u015fki ya\u015fad\u0131\u011f\u0131 ileri s\u00fcr\u00fclen \u00f6\u011fretmen K.K.&#8217;yle ilgili a\u00e7\u0131klama yapmak istememi\u015f ve Devrimci Karargah \u00d6rg\u00fct\u00fc&#8217;ne yard\u0131m etti\u011fi gibi iddialar\u0131yla ilgili de konu\u015fmam\u0131\u015ft\u0131.<\/p>\n<p style=\"text-align: justify;\">Avc\u0131, &#8220;\u015eu an izindeyim. Pazartesi g\u00fcn\u00fc Ankara&#8217;da olaca\u011f\u0131m. 29&#8217;unda savc\u0131ya ifade verece\u011fim. Genelkurmay Askeri Savc\u0131l\u0131\u011f\u0131 ilgili de tebligat yap\u0131lm\u0131\u015f. Askeri savc\u0131ya da ifade verece\u011fim. Daha sonra t\u00fcm bildiklerimi, ger\u00e7ekleri, her\u015feyi 30 Eyl\u00fcl&#8217;de bas\u0131n a\u00e7\u0131klamas\u0131yla anlataca\u011f\u0131m&#8221; demi\u015fti.<\/p>\n<p style=\"text-align: justify;\">Kitab\u0131nda yer verdi\u011fi, emniyetin muhbiri olarak adland\u0131r\u0131lan, Emniyet Genel M\u00fcd\u00fcr Eski Yard\u0131mc\u0131lar\u0131 Celal Uzunkaya ve Mustafa G\u00fclc\u00fc\u00b4yle birlikte su\u00e7 \u00f6rg\u00fct\u00fc kurmak su\u00e7undan \u0130zmir\u00b4de yarg\u0131lanan \u0130rfan Erbar\u0131\u015ft\u0131ran\u00b4\u0131 tan\u0131mad\u0131\u011f\u0131n\u0131, elindeki bilgilerle yazd\u0131\u011f\u0131n\u0131 ileri s\u00fcren Avc\u0131, &#8220;Kendisini tan\u0131mam. O olay\u0131n, \u00d6zel Yetkili bir mahkemede yarg\u0131lamas\u0131n\u0131n yap\u0131lmas\u0131 \u00e7ok sa\u00e7ma. Ancak, soru\u015fturman\u0131n nas\u0131l yap\u0131ld\u0131\u011f\u0131, deliller gibi unsurlar\u0131n \u00e7ok iyi ele al\u0131nmas\u0131 gerekir. O zaman bu kitaptan daha b\u00fcy\u00fck ses getiren bir olay olur&#8221; demi\u015fti.<\/p>\n<p style=\"text-align: justify;\"><a href=\"http:\/\/www.cnnturk.com\/2010\/turkiye\/09\/28\/hanefi.avci.tutuklandi\/591146.0\/index.html\" target=\"_blank\"><span style=\"color: #888888;\">CNN T\u00dcRK<\/span><\/a><\/p>\n","protected":false},"excerpt":{"rendered":"<p style=\"text-align: center;\">\n<p style=\"text-align: justify;\">&#8220;Devrimci Karargah \u00d6rg\u00fct\u00fc&#8221; soru\u015fturmas\u0131 kapsam\u0131nda hakk\u0131nda yakalama karar\u0131 \u00e7\u0131kar\u0131lan &#8220;Hali\u00e7&#8217;te Ya\u015fayan Simonlar&#8221; kitab\u0131n\u0131n yazar\u0131 ve eski Eski\u015fehir Emniyet M\u00fcd\u00fcr\u00fc Hanefi Avc\u0131 tutukland\u0131.<\/p>\n<p style=\"text-align: justify;\">Devrimci Karargah \u00d6rg\u00fct\u00fc&#8217;ne yard\u0131m etti\u011fi gerek\u00e7esiyle Ankara&#8217;da g\u00f6zalt\u0131na al\u0131nan Emniyet M\u00fcd\u00fcr\u00fc Hanefi Avc\u0131, saat 14.00 s\u0131ralar\u0131nda u\u00e7akla, \u0130stanbul&#8217;a getirildi. <\/p>\n","protected":false},"author":1,"featured_media":0,"comment_status":"open","ping_status":"closed","sticky":false,"template":"","format":"standard","meta":{"footnotes":""},"categories":[105],"tags":[],"class_list":["post-25946","post","type-post","status-publish","format-standard","hentry","category-gundem","odd"],"_links":{"self":[{"href":"http:\/\/www.korhanyilmaz.com\/index.php?rest_route=\/wp\/v2\/posts\/25946","targetHints":{"allow":["GET"]}}],"collection":[{"href":"http:\/\/www.korhanyilmaz.com\/index.php?rest_route=\/wp\/v2\/posts"}],"about":[{"href":"http:\/\/www.korhanyilmaz.com\/index.php?rest_route=\/wp\/v2\/types\/post"}],"author":[{"embeddable":true,"href":"http:\/\/www.korhanyilmaz.com\/index.php?rest_route=\/wp\/v2\/users\/1"}],"replies":[{"embeddable":true,"href":"http:\/\/www.korhanyilmaz.com\/index.php?rest_route=%2Fwp%2Fv2%2Fcomments&post=25946"}],"version-history":[{"count":0,"href":"http:\/\/www.korhanyilmaz.com\/index.php?rest_route=\/wp\/v2\/posts\/25946\/revisions"}],"wp:attachment":[{"href":"http:\/\/www.korhanyilmaz.com\/index.php?rest_route=%2Fwp%2Fv2%2Fmedia&parent=25946"}],"wp:term":[{"taxonomy":"category","embeddable":true,"href":"http:\/\/www.korhanyilmaz.com\/index.php?rest_route=%2Fwp%2Fv2%2Fcategories&post=25946"},{"taxonomy":"post_tag","embeddable":true,"href":"http:\/\/www.korhanyilmaz.com\/index.php?rest_route=%2Fwp%2Fv2%2Ftags&post=25946"}],"curies":[{"name":"wp","href":"https:\/\/api.w.org\/{rel}","templated":true}]}}