{"id":25935,"date":"2010-09-27T15:36:09","date_gmt":"2010-09-27T12:36:09","guid":{"rendered":"http:\/\/www.korhanyilmaz.com\/?p=25935"},"modified":"2010-09-27T15:36:09","modified_gmt":"2010-09-27T12:36:09","slug":"iste-yarsavin-destekleyecegi-isimler","status":"publish","type":"post","link":"http:\/\/www.korhanyilmaz.com\/?p=25935","title":{"rendered":"\u0130\u015fte YARSAV&#8217;\u0131n destekleyece\u011fi isimler!"},"content":{"rendered":"<p style=\"text-align: center;\"><a href=\"http:\/\/www.korhanyilmaz.com\/wp-content\/uploads\/2010\/09\/2122.jpg\"  class=\"lightview\"><img loading=\"lazy\" decoding=\"async\" class=\"aligncenter size-full wp-image-25936\" src=\"http:\/\/www.korhanyilmaz.com\/wp-content\/uploads\/2010\/09\/2122.jpg\" alt=\"\" width=\"420\" height=\"210\" \/><\/a><\/p>\n<p style=\"text-align: justify;\">Yeni H\u00e2kimler ve Savc\u0131lar Y\u00fcksek Kurulu (HSKY) i\u00e7in YARSAV&#8217;\u0131n destek verece\u011fi isimler netle\u015fti.<\/p>\n<p style=\"text-align: justify;\">YARSAV, Ankara&#8217;dan Sincan 1. A\u011f\u0131r Ceza Mahkemesi Ba\u015fkan\u0131 Osman Ka\u00e7maz ve Ka\u00e7maz&#8217;\u0131n karar\u0131 \u00fczerinde T\u0130B&#8217;de arama yapan H\u00e2kim Hayri Meskin ile \u0130stanbul&#8217;dan Beyo\u011flu \u00c7ocuk Mahkemesi \u00fcyesi Ali Haydar Y\u00fccesoy&#8217;un da aralar\u0131nda bulundu\u011fu isimleri desteklemeye haz\u0131rlan\u0131yor. <!--more--><\/p>\n<p style=\"text-align: justify;\">Anayasa referandumuyla beraber \u00fcye say\u0131s\u0131 yediden 22\u2019ye \u00e7\u0131kar\u0131lan yeni HSYK i\u00e7in se\u00e7im s\u00fcreci bug\u00fcn ba\u015fl\u0131yor. Adli yarg\u0131dan yedi asil, d\u00f6rd\u00fc yedek; idari yarg\u0131dan da \u00fc\u00e7 asil, iki de yedek \u00fcyenin se\u00e7ilece\u011fi HSYK i\u00e7in, \u00fcye say\u0131s\u0131 1300 civar\u0131nda olan YARSAV\u2019\u0131n destek verece\u011fi listede yer almas\u0131na kesin g\u00f6z\u00fcyle bak\u0131lan isimler aras\u0131nda, iktidar kar\u015f\u0131t\u0131 tutumuyla \u00f6ne \u00e7\u0131kan Sincan 1. A\u011f\u0131r Ceza Mahkemesi Ba\u015fkan\u0131 Osman Ka\u00e7maz da var.<\/p>\n<p style=\"text-align: justify;\">Ka\u00e7maz, \u201cSay\u0131n \u00d6calan\u201d ifadesini kulland\u0131\u011f\u0131 gerek\u00e7esiyle Ba\u015fbakan Erdo\u011fan hakk\u0131nda verilen \u2018takipsiz\u2019 karar\u0131n\u0131 bozup fezleke d\u00fczenlemi\u015f, \u2018kay\u0131p trilyon\u2019 davas\u0131nda Cumhurba\u015fkan\u0131 Abdullah G\u00fcl i\u00e7in \u201c\u015e\u00fcpheli Abdullah G\u00fcl\u201d ifadesini kullanm\u0131\u015f, Telekom\u00fcnikasyon \u0130daresi Ba\u015fkanl\u0131\u011f\u0131n\u0131\u2019nda inceleme yap\u0131lmas\u0131na imza koymu\u015ftu.<\/p>\n<p style=\"text-align: justify;\">Ka\u00e7maz\u2019\u0131n ald\u0131\u011f\u0131 karar \u00fczerine T\u0130B\u2019e bask\u0131n d\u00fczenleyen Sincan Sulh Ceza Mahkemesi H\u00e2kimi Hayri Keskin de desteklenece\u011fi ifade edilen adaylar aras\u0131nda bulunuyor. YARSAV\u2019\u0131n \u0130stanbul\u2019dan destek verece\u011fi bir di\u011fer isim ise Beyo\u011flu \u00c7ocuk Mahkemesi \u00fcyesi Ali Haydar Y\u00fccesoy oldu. Y\u00fccesoy, 2001\u2019de Diyarbak\u0131r Devlet G\u00fcvenlik Mahkemesi\u2019nde g\u00f6rev yapt\u0131\u011f\u0131 s\u0131rada, jandarmalar\u0131n belge g\u00f6stermeksizin g\u00f6zalt\u0131 s\u00fcresini uzatt\u0131rma y\u00f6n\u00fcndeki isteklerini reddedince soru\u015fturma ge\u00e7irmi\u015fti.<\/p>\n<p style=\"text-align: justify;\">YARSAV\u2019a kar\u015f\u0131 kurulan Demokrat Yarg\u0131 ise y\u00f6netim kurulundan isimlerle se\u00e7menin kar\u015f\u0131s\u0131na \u00e7\u0131k\u0131yor. Kazan H\u00e2kimi Kemal \u015eahin ile Diyarbak\u0131r H\u00e2kimi Faruk \u00d6zsu, ismi bilinen adaylar aras\u0131nda yer al\u0131yor. Demokrat Yarg\u0131, se\u00e7ime ili\u015fkin tutum nedeniyle ayr\u0131\u015fm\u0131\u015ft\u0131. \u2018Bursa Grubu\u2019 denilen d\u00f6rt y\u00f6netici, E\u015fba\u015fkan Orhangazi Ertekin\u2019in iddias\u0131na g\u00f6re, Adalet Bakan\u0131 M\u00fcste\u015far Yard\u0131mc\u0131s\u0131 \u0130brahim Okur\u2019a destek vermek gerekti\u011fini savunarak istifa etmi\u015fti.<\/p>\n<p style=\"text-align: justify;\">Ba\u011f\u0131ms\u0131z adaylardan; \u00dcsk\u00fcdar Savc\u0131s\u0131 Ersoy Y\u00fcce ve www.adalet.org sitesinin kurucusu Ayd\u0131n Ba\u015far\u2019\u0131n da se\u00e7imde etkili olacaklar\u0131 tahmin ediliyor. \u0130\u015fte, yeni HSYK se\u00e7imlerine haz\u0131rl\u0131lanan listeler ve isimler:<\/p>\n<p style=\"text-align: justify;\"><strong>YARSAV\u2019\u0131n listesi <\/strong><\/p>\n<p style=\"text-align: justify;\">Adli Yarg\u0131: Kad\u0131k\u00f6y H\u00e2kimi Tamer Akg\u00f6k\u00e7e, Beyo\u011flu \u00c7ocuk Mahkemesi \u00dcyesi Ali Haydar Y\u00fccesoy, \u0130zmir A\u011f\u0131r Ceza Mahkemesi Ba\u015fkan\u0131 G\u00fcng\u00f6r Tosuno\u011flu, Sincan 1. A\u011f\u0131r Ceza Mahkemesi Ba\u015fkan\u0131 Osman Ka\u00e7maz, Sincan Sulh Ceza Mahkemesi H\u00e2kimi Hayri Keskin, Adana Ticaret Mahkemesi Ba\u015fkan\u0131 Sezai Kepek, Antalya H\u00e2kimi Mehmet G\u00fclnaz (Di\u011fer d\u00f6rt isim \u00fczerinde tart\u0131\u015fmalar s\u00fcr\u00fcyor)<\/p>\n<p style=\"text-align: justify;\">\u0130dari: Dan\u0131\u015ftay Tetkik H\u00e2kimi H\u00fcseyin \u00d6zg\u00fcn, Ba\u015fm\u00fcfetti\u015f Abidin \u00c7elik, Ankara 1. \u0130dare Mehkemesi Ba\u015fkan\u0131 Kemal K\u0131rklar, Ankara B\u00f6lge \u0130dare Mahkemesi Ba\u015fkan\u0131 \u0130rfan Keskin, \u0130zmir \u0130dare Mahkemesi \u00dcyesi Emni Ayhan \u00c7ar\u0131k\u00e7\u0131.<\/p>\n<p style=\"text-align: justify;\"><strong>Demokrat Yarg\u0131\u2019n\u0131n listesi <\/strong><\/p>\n<p style=\"text-align: justify;\">Kazan H\u00e2kimi Kemal \u015eahin, Diyarbak\u0131r H\u00e2kimi Faruk \u00d6zsu, Ankara Savc\u0131s\u0131 \u0130smail Yal\u00e7\u0131n, Konya H\u00e2kimi Mehmet Ta\u015ftan, \u0130zmir H\u00e2kimi Mustafa Kurtaran.<\/p>\n<p style=\"text-align: justify;\">\u0130dari: Ankara \u0130dare Mehkemesi H\u00e2kimi Cafer Ergen<\/p>\n<p style=\"text-align: justify;\"><strong>Ba\u011f\u0131ms\u0131zlar <\/strong><\/p>\n<p style=\"text-align: justify;\">\u2018www.adalet.org\u2019da aday olduklar\u0131na a\u00e7\u0131klayan h\u00e2kim ve savc\u0131lardan baz\u0131lar\u0131:<\/p>\n<p style=\"text-align: justify;\">Sakarya H\u00e2kimi Burhanettin Esenkar, \u00dcsk\u00fcdar Savc\u0131s\u0131 Ersoy Y\u00fcce, Ayd\u0131n Ba\u015fsavc\u0131s\u0131 Ahmet Er , \u00dcsk\u00fcdar Savc\u0131s\u0131 Celal Avar, Personel Genel M\u00fcd\u00fcr\u00fc Birol Erdem, Bak\u0131rk\u00f6y H\u00e2kimi Nesibe \u00d6zer, Edirne H\u00e2kimi Leman \u00d6zg\u00fcr Tosun, Afyon H\u00e2kimi Mehmet G\u00fcl\u00e7ek, Bal\u0131kesir H\u00e2kimi Ayd\u0131n Ba\u015far.<\/p>\n<p style=\"text-align: justify;\"><span style=\"color: #888888;\">Kaynak : <a href=\"http:\/\/haber.gazetevatan.com\/iste-yarsavin-destekleyecegi-isimler\/331327\/1\/Gundem\" target=\"_blank\">Vatan<\/a><\/span><\/p>\n","protected":false},"excerpt":{"rendered":"<p style=\"text-align: center;\">\n<p style=\"text-align: justify;\">Yeni H\u00e2kimler ve Savc\u0131lar Y\u00fcksek Kurulu (HSKY) i\u00e7in YARSAV&#8217;\u0131n destek verece\u011fi isimler netle\u015fti.<\/p>\n<p style=\"text-align: justify;\">YARSAV, Ankara&#8217;dan Sincan 1. A\u011f\u0131r Ceza Mahkemesi Ba\u015fkan\u0131 Osman Ka\u00e7maz ve Ka\u00e7maz&#8217;\u0131n karar\u0131 \u00fczerinde T\u0130B&#8217;de arama yapan H\u00e2kim Hayri Meskin ile \u0130stanbul&#8217;dan Beyo\u011flu \u00c7ocuk Mahkemesi \u00fcyesi Ali Haydar Y\u00fccesoy&#8217;un da aralar\u0131nda bulundu\u011fu isimleri desteklemeye haz\u0131rlan\u0131yor. <\/p>\n","protected":false},"author":1,"featured_media":0,"comment_status":"open","ping_status":"closed","sticky":false,"template":"","format":"standard","meta":{"footnotes":""},"categories":[105],"tags":[],"class_list":["post-25935","post","type-post","status-publish","format-standard","hentry","category-gundem","odd"],"_links":{"self":[{"href":"http:\/\/www.korhanyilmaz.com\/index.php?rest_route=\/wp\/v2\/posts\/25935","targetHints":{"allow":["GET"]}}],"collection":[{"href":"http:\/\/www.korhanyilmaz.com\/index.php?rest_route=\/wp\/v2\/posts"}],"about":[{"href":"http:\/\/www.korhanyilmaz.com\/index.php?rest_route=\/wp\/v2\/types\/post"}],"author":[{"embeddable":true,"href":"http:\/\/www.korhanyilmaz.com\/index.php?rest_route=\/wp\/v2\/users\/1"}],"replies":[{"embeddable":true,"href":"http:\/\/www.korhanyilmaz.com\/index.php?rest_route=%2Fwp%2Fv2%2Fcomments&post=25935"}],"version-history":[{"count":0,"href":"http:\/\/www.korhanyilmaz.com\/index.php?rest_route=\/wp\/v2\/posts\/25935\/revisions"}],"wp:attachment":[{"href":"http:\/\/www.korhanyilmaz.com\/index.php?rest_route=%2Fwp%2Fv2%2Fmedia&parent=25935"}],"wp:term":[{"taxonomy":"category","embeddable":true,"href":"http:\/\/www.korhanyilmaz.com\/index.php?rest_route=%2Fwp%2Fv2%2Fcategories&post=25935"},{"taxonomy":"post_tag","embeddable":true,"href":"http:\/\/www.korhanyilmaz.com\/index.php?rest_route=%2Fwp%2Fv2%2Ftags&post=25935"}],"curies":[{"name":"wp","href":"https:\/\/api.w.org\/{rel}","templated":true}]}}