{"id":25930,"date":"2010-09-27T14:56:58","date_gmt":"2010-09-27T11:56:58","guid":{"rendered":"http:\/\/www.korhanyilmaz.com\/?p=25930"},"modified":"2010-09-27T14:56:58","modified_gmt":"2010-09-27T11:56:58","slug":"kilicdaroglu-erdogani-duzeltti","status":"publish","type":"post","link":"http:\/\/www.korhanyilmaz.com\/?p=25930","title":{"rendered":"K\u0131l\u0131\u00e7daro\u011flu Erdo\u011fan&#8217;\u0131 Tek Tek d\u00fczeltti!"},"content":{"rendered":"<p style=\"text-align: center;\"><a href=\"http:\/\/www.korhanyilmaz.com\/wp-content\/uploads\/2010\/09\/2111.jpg\"  class=\"lightview\"><img loading=\"lazy\" decoding=\"async\" class=\"aligncenter size-full wp-image-25931\" src=\"http:\/\/www.korhanyilmaz.com\/wp-content\/uploads\/2010\/09\/2111.jpg\" alt=\"\" width=\"420\" height=\"210\" \/><\/a><\/p>\n<p style=\"text-align: justify;\">CHP Genel Ba\u015fkan\u0131 Kemal K\u0131l\u0131\u00e7daro\u011flu, H\u00fck\u00fcmet\u2019in esnaf ve sanatkarlar lehine yapaca\u011f\u0131 t\u00fcm d\u00fczenlemelere destek vereceklerini belirtti.<\/p>\n<p style=\"text-align: justify;\">T\u00fcrkiye Esnaf ve Sanatkarlar\u0131 Konfederasyonu (TESK) Genel Kurulu\u2019nda Ba\u015fbakan Recep Tayyip Erdo\u011fan\u2019\u0131n ard\u0131ndan CHP Genel Ba\u015fkan\u0131 K\u0131l\u0131\u00e7daro\u011flu konu\u015ftu. Konu\u015fmas\u0131na Ba\u015fbakan\u2019\u0131n konu\u015fmas\u0131na verdi\u011fi baz\u0131 bilgileri d\u00fczelterek ba\u015flayan K\u0131l\u0131\u00e7daro\u011flu, Erdo\u011fan\u2019\u0131n TESK\u2019i ziyaret eden ilk Ba\u015fbakan olmad\u0131\u011f\u0131n\u0131, S\u00fcleyman Demirel ve Tansu \u00c7iller\u2019in de Ba\u015fbakanl\u0131klar\u0131 d\u00f6neminde TESK\u2019i ziyaret ettiklerini belirtti. Ba\u015fbakan Erdo\u011fan\u2019\u0131n Anayasa de\u011fi\u015fikli\u011fiyle Ekonomik Sosyal Konsey\u2019in (ESK) anayasal bir kurum haline d\u00f6n\u00fc\u015ft\u00fc\u011f\u00fcn\u00fc belirtti\u011fini, ancak halen kanunlar \u00e7er\u00e7evesinde var olan ESK\u2019n\u0131n 2008\u2019den bu yana toplanmad\u0131\u011f\u0131n\u0131 belirten K\u0131l\u0131\u00e7daro\u011flu, \u201cToplanmayan bir konseyin anayasal bir kurum olup olmamas\u0131n\u0131n ne faydas\u0131 var?\u201d diye sordu.<!--more--><\/p>\n<p style=\"text-align: justify;\">Ba\u015fbakan Erdo\u011fan\u2019\u0131n konu\u015fmas\u0131nda \u201cKar\u015f\u0131l\u0131ks\u0131z para bas\u0131m\u0131 bizim d\u00f6nemimizde bitti\u201d dedi\u011fini ancak kar\u015f\u0131l\u0131ks\u0131z para bas\u0131m\u0131n\u0131n B\u00fclent Ecevit\u2019in Ba\u015fbakanl\u0131\u011f\u0131 d\u00f6neminde bitti\u011fini ifade eden K\u0131l\u0131\u00e7daro\u011flu, TESK\u2019in Genel Kurulu\u2019nda siyasilerin esnaf\u0131 yan\u0131ltmamas\u0131 gerekti\u011fini dile getirdi.<\/p>\n<p style=\"text-align: justify;\">Yasaya g\u00f6re orta vadeli plan\u0131n 31 May\u0131s\u2019a kadar yap\u0131lm\u0131\u015f olmas\u0131 gerekti\u011fini ancak bug\u00fcne kadar yap\u0131lmad\u0131\u011f\u0131n\u0131 belirten K\u0131l\u0131\u00e7daro\u011flu, \u201cBir yasay\u0131 e\u011fer H\u00fck\u00fcmet uygulamazsa o zaman o H\u00fck\u00fcmet\u2019in i\u015flevi ne? Niye koydunuz orta vadeli plan\u0131, birilerine yaranmak i\u00e7in mi?\u201d diye sordu.<\/p>\n<p style=\"text-align: justify;\"><strong>\u201cANAYASA\u2019NIN 173. MADDES\u0130N\u0130N GERE\u011e\u0130 YAPILDI MI?\u201d <\/strong><\/p>\n<p style=\"text-align: justify;\">Anayasa\u2019n\u0131n 173. maddesinde \u201cDevlet, esnaf ve sanatkarlar\u0131 koruyucu ve destekleyici tedbirleri al\u0131r\u201d h\u00fckm\u00fcn\u00fcn yer ald\u0131\u011f\u0131n\u0131 kaydeden K\u0131l\u0131\u00e7daro\u011flu, \u201cElinizi vicdan\u0131n\u0131za koyun ve s\u00f6yleyin, Anayasa\u2019n\u0131n 173. maddesinin gere\u011fi yap\u0131ld\u0131 m\u0131 yap\u0131lmad\u0131 m\u0131?\u201d diye sormas\u0131 \u00fczerine salondan \u201cYap\u0131lmad\u0131\u201d sesleri y\u00fckseldi. \u0130ktidar\u0131n esnaf ve sanatkarlar i\u00e7in getirece\u011fi b\u00fct\u00fcn olumlu d\u00fczenlemeleri destekleyeceklerine s\u00f6z veren K\u0131l\u0131\u00e7daro\u011flu, emekli esnaflar\u0131n maa\u015flar\u0131ndan y\u00fczde 40 oran\u0131nda Sosyal G\u00fcvenlik Destek Primi kesintisi yap\u0131lmas\u0131na ili\u015fkin yasan\u0131n bu iktidar d\u00f6neminde getirildi\u011fini, kendilerinin bu yasay\u0131 Anayasa Mahkemesi\u2019ne g\u00f6t\u00fcrerek iptal ettirdiklerini an\u0131msatan K\u0131l\u0131\u00e7daro\u011flu, \u201c\u0130ptal edilmeseydi sizin emekli ayl\u0131klar\u0131n\u0131zdan y\u00fczde 40 Sosyal G\u00fcvenlik Destek Primi kesilecekti\u201d dedi. Bunun \u00fczerine salondan alk\u0131\u015flar y\u00fckseldi. K\u0131l\u0131\u00e7daro\u011flu, emekli ayl\u0131klar\u0131ndan Sosyal G\u00fcvenlik Destek Primi kesmeyeceklerinin s\u00f6z\u00fcn\u00fc verdi.<\/p>\n<p style=\"text-align: justify;\"><strong>\u201cS\u0130Z\u0130 YOK ETMEK \u00dcZER\u0130NE KURULAN POL\u0130T\u0130KAYA EVET M\u0130, HAYIR MI?\u201d<\/strong><\/p>\n<p style=\"text-align: justify;\">Prim borcu olan esnaf\u0131n ve yak\u0131nlar\u0131n\u0131n sa\u011fl\u0131k sigortas\u0131ndan faydalanamad\u0131\u011f\u0131na dikkat \u00e7eken K\u0131l\u0131\u00e7daro\u011flu, \u201cElinizi vicdan\u0131n\u0131za koyun, etrafa bak\u0131n. Esnaf derken, T\u00fcrkiye\u2019nin d\u0131\u015f\u0131ndaki, hani Avrupa Birli\u011fi\u2019ne girece\u011fiz ya, onlara bak\u0131n. Hangi \u00fclkede sigorta prim borcu olan esnaf sa\u011fl\u0131k hizmetinden yararlanamaz, bir \u00f6rnek versinler. B\u00f6yle bir \u015fey yoktur\u201d diye konu\u015ftu.<\/p>\n<p style=\"text-align: justify;\">K\u0131l\u0131\u00e7daro\u011flu, yanl\u0131\u015fa her zaman muhalefet edeceklerini, do\u011frular\u0131n yap\u0131lmas\u0131 i\u00e7in H\u00fck\u00fcmet\u2019i zorlayacaklar\u0131n\u0131 ifade etti. Esnaf\u0131n \u00f6n\u00fcndeki en b\u00fcy\u00fck tehdit olan b\u00fcy\u00fck al\u0131\u015fveri\u015f merkezlerine ili\u015fkin yasan\u0131n hala \u00e7\u0131kar\u0131lmad\u0131\u011f\u0131na dikkat \u00e7eken K\u0131l\u0131\u00e7daro\u011flu, \u201cSizi yok etmek \u00fczerine kurulan bir ekonomi politikas\u0131na esnaf ve sanatkar evet diyecek mi, hay\u0131r m\u0131 diyecek, sorun burada\u201d dedi. Esnaflar\u0131n \u00f6deyemedikleri prim bor\u00e7lar\u0131 i\u00e7in hazine tahvillerine uygulanan faizin uyguland\u0131\u011f\u0131n\u0131, \u015fu anda bor\u00e7lar\u0131n yeniden yap\u0131land\u0131r\u0131laca\u011f\u0131n\u0131n a\u00e7\u0131kland\u0131\u011f\u0131n\u0131 da belirten K\u0131l\u0131\u00e7daro\u011flu, \u201c\u00d6nce faizi makul d\u00fczeye \u00e7ekin\u201d dedi. K\u0131l\u0131\u00e7daro\u011flu, yeniden yap\u0131land\u0131rman\u0131n sorunu \u00e7\u00f6zmedi\u011fini, bir iktidar d\u00f6neminde birden fazla yeniden yap\u0131land\u0131rmaya gidilmesinin var olan bir sorunu g\u00f6sterdi\u011fini kaydetti.<\/p>\n<p style=\"text-align: justify;\">K\u0131l\u0131\u00e7daro\u011flu, Ba\u015fbakan Erdo\u011fan\u2019\u0131n bakkallara birle\u015ferek al\u0131\u015fveri\u015f merkezi a\u00e7malar\u0131n\u0131 \u00f6nerdi\u011fini ancak bu \u00f6nerinin \u201chayattan kopuk\u201d bir \u00f6neri oldu\u011fu i\u00e7in uygulanamad\u0131\u011f\u0131n\u0131 ifade etti.<\/p>\n<p style=\"text-align: justify;\">K\u0131l\u0131\u00e7daro\u011flu, esnaf\u0131n toplumun \u00e7imentosu oldu\u011funu, bar\u0131\u015f i\u00e7inde ya\u015faman\u0131n en \u00f6nemli unsuru oldu\u011funu belirterek \u201cO nedenle size s\u00f6yledim, CHP\u2019nin Genel Ba\u015fkan\u0131 olarak Say\u0131n Ba\u015fbakan, H\u00fck\u00fcmet veya herhangi bir Bakana, esnaf lehine gelebilecek b\u00fct\u00fcn d\u00fczenlemelere destek verece\u011fimizi bir daha buradan ifade ediyorum\u201d diye konu\u015ftu.<\/p>\n<p style=\"text-align: justify;\">K\u0131l\u0131\u00e7daro\u011flu, \u201cBir \u015feyi unutmay\u0131n\u0131z, \u00dclkemiz \u00e7ok g\u00fczel bir \u00fclke. Ya\u011f\u0131m\u0131z var, \u015fekerimiz var, suyumuz var. Helvay\u0131 yapacak ki\u015fiye ihtiyac\u0131m\u0131z var. Ama helvay\u0131 yapan yemeyecek, helva, e\u015fit ve hak\u00e7a da\u011f\u0131t\u0131lacak\u201d diye konu\u015ftu.<\/p>\n<p style=\"text-align: justify;\"><span style=\"color: #888888;\">Kaynak : <a href=\"http:\/\/haber.gazetevatan.com\/kilicdaroglu-erdogani-duzeltti\/331314\/2\/Ekonomi\" target=\"_blank\">Vatan<\/a><\/span><\/p>\n","protected":false},"excerpt":{"rendered":"<p style=\"text-align: center;\">\n<p style=\"text-align: justify;\">CHP Genel Ba\u015fkan\u0131 Kemal K\u0131l\u0131\u00e7daro\u011flu, H\u00fck\u00fcmet\u2019in esnaf ve sanatkarlar lehine yapaca\u011f\u0131 t\u00fcm d\u00fczenlemelere destek vereceklerini belirtti.<\/p>\n<p style=\"text-align: justify;\">T\u00fcrkiye Esnaf ve Sanatkarlar\u0131 Konfederasyonu (TESK) Genel Kurulu\u2019nda Ba\u015fbakan Recep Tayyip Erdo\u011fan\u2019\u0131n ard\u0131ndan CHP Genel Ba\u015fkan\u0131 K\u0131l\u0131\u00e7daro\u011flu konu\u015ftu. Konu\u015fmas\u0131na Ba\u015fbakan\u2019\u0131n konu\u015fmas\u0131na verdi\u011fi baz\u0131 bilgileri d\u00fczelterek ba\u015flayan K\u0131l\u0131\u00e7daro\u011flu, Erdo\u011fan\u2019\u0131n TESK\u2019i ziyaret eden ilk <\/p>\n","protected":false},"author":1,"featured_media":0,"comment_status":"open","ping_status":"closed","sticky":false,"template":"","format":"standard","meta":{"footnotes":""},"categories":[105],"tags":[],"class_list":["post-25930","post","type-post","status-publish","format-standard","hentry","category-gundem","odd"],"_links":{"self":[{"href":"http:\/\/www.korhanyilmaz.com\/index.php?rest_route=\/wp\/v2\/posts\/25930","targetHints":{"allow":["GET"]}}],"collection":[{"href":"http:\/\/www.korhanyilmaz.com\/index.php?rest_route=\/wp\/v2\/posts"}],"about":[{"href":"http:\/\/www.korhanyilmaz.com\/index.php?rest_route=\/wp\/v2\/types\/post"}],"author":[{"embeddable":true,"href":"http:\/\/www.korhanyilmaz.com\/index.php?rest_route=\/wp\/v2\/users\/1"}],"replies":[{"embeddable":true,"href":"http:\/\/www.korhanyilmaz.com\/index.php?rest_route=%2Fwp%2Fv2%2Fcomments&post=25930"}],"version-history":[{"count":0,"href":"http:\/\/www.korhanyilmaz.com\/index.php?rest_route=\/wp\/v2\/posts\/25930\/revisions"}],"wp:attachment":[{"href":"http:\/\/www.korhanyilmaz.com\/index.php?rest_route=%2Fwp%2Fv2%2Fmedia&parent=25930"}],"wp:term":[{"taxonomy":"category","embeddable":true,"href":"http:\/\/www.korhanyilmaz.com\/index.php?rest_route=%2Fwp%2Fv2%2Fcategories&post=25930"},{"taxonomy":"post_tag","embeddable":true,"href":"http:\/\/www.korhanyilmaz.com\/index.php?rest_route=%2Fwp%2Fv2%2Ftags&post=25930"}],"curies":[{"name":"wp","href":"https:\/\/api.w.org\/{rel}","templated":true}]}}