{"id":25924,"date":"2010-09-27T14:09:21","date_gmt":"2010-09-27T11:09:21","guid":{"rendered":"http:\/\/www.korhanyilmaz.com\/?p=25924"},"modified":"2010-09-27T14:09:21","modified_gmt":"2010-09-27T11:09:21","slug":"emniyetten-cemaate-video-servisi","status":"publish","type":"post","link":"http:\/\/www.korhanyilmaz.com\/?p=25924","title":{"rendered":"Emniyetten Cemaate Video Servisi"},"content":{"rendered":"<p style=\"text-align: center;\"><a href=\"http:\/\/www.korhanyilmaz.com\/wp-content\/uploads\/2010\/09\/210.jpg\"  class=\"lightview\"><img loading=\"lazy\" decoding=\"async\" class=\"aligncenter size-full wp-image-25925\" src=\"http:\/\/www.korhanyilmaz.com\/wp-content\/uploads\/2010\/09\/210.jpg\" alt=\"\" width=\"419\" height=\"203\" \/><\/a><\/p>\n<p style=\"text-align: justify;\">Hanefi Avc\u0131, Hali\u00e7\u2019te Ya\u015fayan Simonlar Kitab\u0131\u2019n\u0131 yazmas\u0131n\u0131n ard\u0131ndan ilgin\u00e7 geli\u015fmeler ya\u015fanmaya devam ediyor. Avc\u0131, kitab\u0131nda cemaatin emniyette \u00f6rg\u00fctlenmesini anlatm\u0131\u015f, \u0130stanbul Emniyeti\u2019ni pek \u00e7ok yasad\u0131\u015f\u0131 dinlemenin merkezi ilan etmi\u015fti. <!--more--><\/p>\n<p style=\"text-align: justify;\">Hanefi Avc\u0131 kitab\u0131nda Sosyalist Demokrasi Partisi \u00fcyesi arkada\u015f\u0131 Necdet K\u0131l\u0131\u00e7 ile g\u00f6r\u00fc\u015fmelerinin dinlendi\u011fini anlatm\u0131\u015ft\u0131. Bir s\u00fcre sonra Avc\u0131\u2019n\u0131n iddialar\u0131n\u0131n merkezindeki \u0130stanbul Emniyeti Devrimci Karargah \u00d6rg\u00fct\u00fc\u2019ne y\u00f6nelik bir operasyon d\u00fczenledi. Ancak operasyonun hedefinde yasal bir parti olan SDP vard\u0131. Polisin iddias\u0131na g\u00f6re Devrimci Karargah \u00d6rg\u00fct\u00fc SDP alt\u0131nda \u00f6rg\u00fctleniyordu. Nitekim aralar\u0131nda Necdet K\u0131l\u0131\u00e7\u2019\u0131n da oldu\u011fu SDP\u2019liler tutukland\u0131lar. Cemaate dokunan pek \u00e7ok ki\u015finin ba\u015f\u0131na geldi\u011fi gibi Avc\u0131 da bu soru\u015fturma nedeniyle ifadeye \u00e7a\u011fr\u0131ld\u0131.<\/p>\n<p style=\"text-align: justify;\">Ancak bu noktada ilgin\u00e7 bir ayr\u0131nt\u0131 var\u2026<\/p>\n<p style=\"text-align: justify;\">Devrimci Karargah soru\u015fturmas\u0131 hakk\u0131nda gizlilik karar\u0131 var. Bu nedenle soru\u015fturma hakk\u0131nda san\u0131k avukatlar\u0131na dahi s\u0131n\u0131rlama var.<\/p>\n<p style=\"text-align: justify;\">Oysa yanda\u015f medyaya bu s\u00fcre\u00e7te de soru\u015fturman\u0131n i\u00e7eri\u011fi ilgili bir \u00e7ok belge s\u0131zd\u0131. Ergenekon soru\u015fturmas\u0131ndan beri kamuoyu bunlara al\u0131\u015ft\u0131. Ancak bu soru\u015fturmada ilgin\u00e7 bir olay daha ya\u015fand\u0131.<\/p>\n<p style=\"text-align: justify;\"><strong>Cemaate Verilen Video <\/strong><\/p>\n<p style=\"text-align: justify;\">Gizli y\u00fcr\u00fct\u00fclen soru\u015fturma s\u0131ras\u0131nda \u0130stanbul Emniyet M\u00fcd\u00fcrl\u00fc\u011f\u00fc bir video haz\u0131rlad\u0131. 6 dakika 22 saniyelik videoda \u00f6nce Devrimci Karargah \u00d6rg\u00fct\u00fc\u2019n\u00fcn eylemlerinden g\u00f6r\u00fcnt\u00fcler vard\u0131. Ard\u0131ndan san\u0131klar\u0131n NATO ve IMF protestolar\u0131ndan al\u0131nm\u0131\u015f g\u00f6r\u00fcnt\u00fcleri ve aramalar s\u0131ras\u0131nda \u00e7ekilmi\u015f g\u00f6r\u00fcnt\u00fcler yer al\u0131yordu.<\/p>\n<p style=\"text-align: justify;\"><strong>Bu videoyu emniyet ne yapt\u0131 dersiniz? <\/strong><\/p>\n<p style=\"text-align: justify;\">Video 24 Eyl\u00fcl tarihinde Emniyet Genel M\u00fcd\u00fcrl\u00fc\u011f\u00fc amblemiyle Samanyolu Haber\u2019de yay\u0131nland\u0131. Anadolu Ajans\u0131, g\u00f6r\u00fcnt\u00fcleri bas\u0131na da\u011f\u0131tt\u0131 ancak g\u00f6r\u00fcnt\u00fcler yaln\u0131zca Samanyolu Haber&#8217;de yay\u0131nland\u0131.<\/p>\n<p style=\"text-align: justify;\">\u0130lgili haber i\u00e7in <span style=\"background-color: #ffcc00;\"><a href=\"http:\/\/videogaleri.samanyoluhaber.com\/ShowVideo.aspx?ID=14283&amp;AspxAutoDetectCookieSupport=1\" target=\"_blank\">TIKLAYINIZ <\/a><\/span>K\u0131sacas\u0131 gizli\u011fi olan soru\u015fturmada Emniyet\u2019in bizzat kendisi ihlal yaparak, soru\u015fturmaya konu olan g\u00f6r\u00fcnt\u00fcleri bas\u0131na servis etti. \u00dcstelik g\u00f6r\u00fcnt\u00fcler cemaatin kanal\u0131nda yay\u0131nlanarak bu konuda da Avc\u0131\u2019y\u0131 do\u011frulayacak kadar se\u00e7ici davran\u0131ld\u0131. <span style=\"text-decoration: underline;\">Bakal\u0131m gazetecilere bu konuda dava a\u00e7an savc\u0131l\u0131k Emniyet Te\u015fkilat\u0131\u2019na dava a\u00e7acak m\u0131?<\/span><\/p>\n<p style=\"text-align: justify;\"><span style=\"color: #888888;\">Kaynak : <a href=\"http:\/\/www.odatv.com\/n.php?n=emniyetten-cemaate-video-servisi-2709101200\" target=\"_blank\">Odatv.com<\/a><\/span><\/p>\n","protected":false},"excerpt":{"rendered":"<p style=\"text-align: center;\">\n<p style=\"text-align: justify;\">Hanefi Avc\u0131, Hali\u00e7\u2019te Ya\u015fayan Simonlar Kitab\u0131\u2019n\u0131 yazmas\u0131n\u0131n ard\u0131ndan ilgin\u00e7 geli\u015fmeler ya\u015fanmaya devam ediyor. Avc\u0131, kitab\u0131nda cemaatin emniyette \u00f6rg\u00fctlenmesini anlatm\u0131\u015f, \u0130stanbul Emniyeti\u2019ni pek \u00e7ok yasad\u0131\u015f\u0131 dinlemenin merkezi ilan etmi\u015fti. <\/p>\n","protected":false},"author":1,"featured_media":0,"comment_status":"open","ping_status":"closed","sticky":false,"template":"","format":"standard","meta":{"footnotes":""},"categories":[105],"tags":[],"class_list":["post-25924","post","type-post","status-publish","format-standard","hentry","category-gundem","odd"],"_links":{"self":[{"href":"http:\/\/www.korhanyilmaz.com\/index.php?rest_route=\/wp\/v2\/posts\/25924","targetHints":{"allow":["GET"]}}],"collection":[{"href":"http:\/\/www.korhanyilmaz.com\/index.php?rest_route=\/wp\/v2\/posts"}],"about":[{"href":"http:\/\/www.korhanyilmaz.com\/index.php?rest_route=\/wp\/v2\/types\/post"}],"author":[{"embeddable":true,"href":"http:\/\/www.korhanyilmaz.com\/index.php?rest_route=\/wp\/v2\/users\/1"}],"replies":[{"embeddable":true,"href":"http:\/\/www.korhanyilmaz.com\/index.php?rest_route=%2Fwp%2Fv2%2Fcomments&post=25924"}],"version-history":[{"count":0,"href":"http:\/\/www.korhanyilmaz.com\/index.php?rest_route=\/wp\/v2\/posts\/25924\/revisions"}],"wp:attachment":[{"href":"http:\/\/www.korhanyilmaz.com\/index.php?rest_route=%2Fwp%2Fv2%2Fmedia&parent=25924"}],"wp:term":[{"taxonomy":"category","embeddable":true,"href":"http:\/\/www.korhanyilmaz.com\/index.php?rest_route=%2Fwp%2Fv2%2Fcategories&post=25924"},{"taxonomy":"post_tag","embeddable":true,"href":"http:\/\/www.korhanyilmaz.com\/index.php?rest_route=%2Fwp%2Fv2%2Ftags&post=25924"}],"curies":[{"name":"wp","href":"https:\/\/api.w.org\/{rel}","templated":true}]}}