{"id":25919,"date":"2010-09-27T07:51:58","date_gmt":"2010-09-27T04:51:58","guid":{"rendered":"http:\/\/www.korhanyilmaz.com\/?p=25919"},"modified":"2010-09-27T07:51:58","modified_gmt":"2010-09-27T04:51:58","slug":"gobek-attiran-acilim-unutuldu","status":"publish","type":"post","link":"http:\/\/www.korhanyilmaz.com\/?p=25919","title":{"rendered":"G\u00f6bek att\u0131ran &#8216;a\u00e7\u0131l\u0131m&#8217; unutuldu"},"content":{"rendered":"<p style=\"text-align: justify;\"><a href=\"http:\/\/www.korhanyilmaz.com\/wp-content\/uploads\/2010\/09\/209.jpeg\"  class=\"lightview\"><img loading=\"lazy\" decoding=\"async\" class=\"aligncenter size-full wp-image-25920\" src=\"http:\/\/www.korhanyilmaz.com\/wp-content\/uploads\/2010\/09\/209.jpeg\" alt=\"\" width=\"360\" height=\"271\" \/><\/a><\/p>\n<p style=\"text-align: justify;\">Selendi&#8217;de lin\u00e7 giri\u015fimiyle kar\u015f\u0131la\u015f\u0131p Salihli&#8217;ye s\u00fcr\u00fclen 21 Roman aile parampar\u00e7a&#8230; Kira yard\u0131m\u0131 kesildi. Babalara i\u015f, \u00e7ocuklara okul s\u00f6z\u00fc unutuldu. \u00c7ocuklar k\u0131\u015fa \u00e7ad\u0131rda giriyor. S\u00fcrg\u00fcn sonras\u0131 Selendi&#8217;deki dostlar\u0131na Radikal arac\u0131l\u0131\u011f\u0131yla selam yollayan S\u00fcleyman Koca \u00fcz\u00fcnt\u00fcden fel\u00e7 oldu .<!--more--><\/p>\n<p style=\"text-align: justify;\">\u0130STANBUL &#8211; \u201cOkullar a\u00e7\u0131ld\u0131 m\u0131? A\u00e7\u0131ld\u0131\u011f\u0131n\u0131 senden \u00f6\u011frendim. \u0130ki k\u0131z\u0131m\u0131 da g\u00f6nderemeyece\u011fim. Antalya\u2019ya sera i\u015fine gidiyorum. \u2018Serac\u0131l\u0131kta i\u015f var\u2019 dediler. \u00dc\u00e7 \u00e7ocu\u011fum ve e\u015fimle gidece\u011fim, nerede kal\u0131r\u0131m, nerede ya\u015far\u0131m bilmiyorum. Gidip g\u00f6rece\u011fiz. Burada kal\u0131p ne yapal\u0131m?\u201d Bir zamanlar Manisa Selendi\u2019de huzur i\u00e7inde ya\u015fayan Roman vatanda\u015flardan Ya\u015far Koca, s\u00fcrg\u00fcn sonras\u0131 geldikleri durumu bu c\u00fcmlelerle \u00f6zetliyor. S\u00fcr\u00fcld\u00fckleri Salihli\u2019de devlet kira yard\u0131m\u0131n\u0131 b\u0131rak\u0131nca ortada kalakald\u0131lar. Kimi \u00e7ad\u0131ra \u00e7\u0131kt\u0131, kimi bir akrabas\u0131na s\u0131\u011f\u0131nd\u0131. Selendi\u2019den s\u00fcr\u00fclen 21 Roman aile darmada\u011f\u0131n oldu.<\/p>\n<p style=\"text-align: justify;\">Selendi\u2019de bir y\u0131lba\u015f\u0131 gecesi ba\u015flayan ve k\u0131sa s\u00fcre sonra lin\u00e7 giri\u015fimine d\u00f6n\u00fc\u015fen Romanlar\u0131n s\u00fcrg\u00fcn hik\u00e2yesi, dram halini ald\u0131. S\u00fcr\u00fclen 21 aile \u00f6nce G\u00f6rdes\u2019e s\u0131\u011f\u0131nd\u0131. Ard\u0131ndan valili\u011fin olaya el atmas\u0131yla Salihli\u2019ye yerle\u015ftirildi. Ailelere yard\u0131m ve prefabrik evler vaat edildi. Ancak \u015fu anda da\u011f\u0131lm\u0131\u015f olan ailelerin \u00e7o\u011fu sokakta kal\u0131yor.<\/p>\n<p style=\"text-align: justify;\">Be\u015f ki\u015filik bir ailenin reisi Burhan U\u00e7kun, olaylar\u0131n merkezindeydi. Selendi\u2019deki ilk tart\u0131\u015fma Burhan ile kahvehanedekiler aras\u0131nda ba\u015flam\u0131\u015ft\u0131. Burhan, kendisine Roman oldu\u011fu i\u00e7in \u00e7ay verilmedi\u011fini iddia ediyor, kahvehane i\u015fletmecisi ise yasak olmas\u0131na ra\u011fmen Burhan\u2019\u0131n sigara i\u00e7ti\u011fini s\u00f6yl\u00fcyordu. Bu olay, lin\u00e7 giri\u015fimine kadar uzanm\u0131\u015ft\u0131.<\/p>\n<p style=\"text-align: justify;\">U\u00e7kun, Salihli\u2019deki bu \u00e7ad\u0131ra uzanan hik\u00e2yesini \u015f\u00f6yle anlat\u0131yor: \u201cBir y\u0131l kira s\u00f6z\u00fc verdiler, alt\u0131 ayda verilmez oldu. Kira 200 TL. Param\u0131z olsa \u00e7\u0131kmazd\u0131k. Kula\u2019da asfalt\u0131n yan taraf\u0131na \u00e7ad\u0131r kurduk. Nevresim tak\u0131mlar\u0131ndan \u00e7ad\u0131r yapt\u0131k. \u00dc\u00e7 k\u00fc\u00e7\u00fck \u00e7ocu\u011fum var. \u00dc\u015f\u00fcyoruz ama ba\u015fka \u00e7are yok. Hurda i\u015fi yap\u0131yorum. Kilosunu 30 kuru\u015ftan veriyorum.\u201d<\/p>\n<p style=\"text-align: justify;\"><strong>\u2018T\u00fct\u00fcn k\u0131rd\u0131k, \u00fcz\u00fcm kestik&#8230;\u2019<\/strong><\/p>\n<p style=\"text-align: justify;\">Tuncay Koca ise Salihli\u2019deki evini 14 Temmuz\u2019da bo\u015faltmak zorunda kalm\u0131\u015f: \u201cEv sahibi \u2018Oturmak isterseniz kiran\u0131z\u0131 kendiniz \u00f6deyeceksiniz\u2019 dedi. Topluca valili\u011fe ve kaymakaml\u0131\u011fa dilek\u00e7e verdik. Kabul etmediler. Salihli\u2019ye gitti\u011fimizde prefabrik ev yap\u0131laca\u011f\u0131n\u0131 s\u00f6ylemi\u015flerdi. Sonra kiral\u0131k ev buldular. \u2018Bir y\u0131l kiralar \u00f6denecek, elektrik, su paralar\u0131 verilecek\u2019 denilmi\u015fti. \u0130ki -\u00fc\u00e7 aileyi bir eve koydular. TOK\u0130\u2019den ev yapacaklar\u0131n\u0131 da s\u00f6ylemi\u015flerdi. Manisa\u2019n\u0131n Selim\u015fahlar kasabas\u0131nda yap\u0131laca\u011f\u0131n\u0131 s\u00f6ylediler. \u2018Oraya gitmek ister misiniz?\u2019 diye sorup bir de k\u00e2\u011f\u0131t imzalatt\u0131lar. Ondan da ses \u00e7\u0131kmad\u0131.\u201d<\/p>\n<p style=\"text-align: justify;\">Kiralar\u0131n\u0131n 300 TL oldu\u011funu belirten Koca, \u201cBunu \u00f6deyemezdik. 11 ki\u015fi bir evde ya\u015f\u0131yorduk. \u00dc\u00e7 aile hep birlikte U\u015fak E\u015fme\u2019de t\u00fct\u00fcn k\u0131rd\u0131k. G\u00fcnl\u00fc\u011f\u00fcne 15 TL verdiler. \u00c7ad\u0131r kurduk. T\u00fct\u00fcnden sonra Ala\u015fehir\u2019e \u00fcz\u00fcm kesmeye gittik. Babam fel\u00e7 olunca geldik. Nevresimlerden yapt\u0131\u011f\u0131m\u0131z \u00e7ad\u0131rda ya\u015f\u0131yoruz. Naylon \u00f6rt\u00fcyoruz ama yine de su ge\u00e7iriyor. Her \u00e7ad\u0131rda d\u00f6rt-be\u015f ki\u015fi var\u201d diyor.<\/p>\n<p style=\"text-align: justify;\">Tuncay Koca\u2019n\u0131n babas\u0131 S\u00fcleyman Koca, Selendi\u2019ye yerle\u015fen en eski Romanlardand\u0131. 35 y\u0131l Selendililerle bar\u0131\u015f i\u00e7inde ya\u015fam\u0131\u015ft\u0131. Radikal\u2019in daha \u00f6nce duyurdu\u011fu haberlerde, Selendi\u2019deki arkada\u015f\u0131 Tamirci Kemal\u2019e selam g\u00f6nderen S\u00fcleyman Koca\u2019n\u0131n durumu ayr\u0131 bir dram. S\u00fcrg\u00fcnden sonra geldikleri Salihli\u2019de \u00fcz\u00fcm kesmeye gidememi\u015fti. \u00c7\u00fcnk\u00fc \u00fcz\u00fcm i\u015fine g\u00f6t\u00fcren k\u00e2hyalar ya\u015fl\u0131 oldu\u011fundan se\u00e7miyordu. Eskiden Selendi\u2019de minib\u00fcs\u00fcnde z\u00fccaciye i\u015fi yap\u0131yordu. Olaylar s\u0131ras\u0131nda minib\u00fcs\u00fc yak\u0131lm\u0131\u015ft\u0131. Art\u0131k \u00e7al\u0131\u015famad\u0131\u011f\u0131 i\u00e7in \u00e7ok \u00fcz\u00fcl\u00fcyordu. Ramazan Bayram\u0131\u2019nda fel\u00e7 ge\u00e7irdi. Bir baca\u011f\u0131 ve bir kolu tutmuyor.<\/p>\n<p style=\"text-align: justify;\"><strong>Nevrig\u00fcl arkada\u015flar\u0131n\u0131 \u00f6zl\u00fcyor<\/strong><\/p>\n<p style=\"text-align: justify;\">\u00c7ad\u0131r ahalisinden Nevrig\u00fcl\u2019\u00fcn akl\u0131 ise Selendi\u2019de b\u0131rakt\u0131\u011f\u0131 okulunda: \u201cKarnemin hepsi be\u015f. Gizem, Asya, Sinem, Beyza vard\u0131. Hepsini \u00e7ok \u00f6zl\u00fcyorum. \u00d6\u011fretmenim \u2018Senin gibi \u00fc\u00e7 \u00f6\u011frencim olsa yeter\u2019 diyordu. Okula gitmek istiyorum. \u201d<\/p>\n<p style=\"text-align: justify;\">Ya\u015far Koca\u2019n\u0131n en k\u00fc\u00e7\u00fck o\u011flu Hakan. Selendi\u2019den ilk G\u00f6rdes\u2019e s\u00fcr\u00fcld\u00fcklerinde Hakan geride kalan g\u00fcvercinini \u00f6zledi\u011fini s\u00f6ylemi\u015fti. Hakan \u015fimdi okul \u00e7a\u011f\u0131na geldi ancak onun da okul hayali \u015fimdilik sadece hayal.<\/p>\n<p style=\"text-align: justify;\">Sepet\u00e7i ailesi i\u00e7in kiralanan ev ise Salihli\u2019de meydana gelen selden etkilenmi\u015fti. Sepet\u00e7i ailesinin kira s\u00fcresi \u00fc\u00e7 ay uzat\u0131ld\u0131. Ancak verilen s\u00fcre de 10 g\u00fcn sonra dolacak. Seyfettin Sepet\u00e7i kara kara d\u00fc\u015f\u00fcn\u00fcyor:<\/p>\n<p style=\"text-align: justify;\">\u201cYaz\u0131n mevsimlik i\u015f\u00e7i olarak iyi k\u00f6t\u00fc \u00e7al\u0131\u015ft\u0131k. Karn\u0131m\u0131z\u0131 doyurduk. Gidecek yerimiz yok. Param\u0131z yok. Evden \u00e7\u0131k dediler.\u201d<\/p>\n<p style=\"text-align: justify;\"><strong>G\u00f6bek att\u0131ran a\u00e7\u0131l\u0131m unutuldu<\/strong><\/p>\n<p style=\"text-align: justify;\">Selendi\u2019deki olaylar\u0131n ard\u0131ndan s\u00fcr\u00fclen 21 aileye \u00e7ok s\u00f6zler verilmi\u015fti. Manisa Valisi Celalettin G\u00fcven\u00e7, \u201cRomanlara 20 adet prefabrik ev kurulacak. Kendilerine i\u015f, \u00e7ocuklar\u0131na okul imk\u00e2n\u0131 sa\u011flanacak. K\u0131z\u0131lay Romanlar i\u00e7in 12\u2019\u015fer metrekarelik PVC evlerden kuracak. \u0130\u00e7lerinde portatif masa, sandalyelerle \u00e7atal, b\u0131\u00e7ak, yatak, battaniye olacak\u201d demi\u015fti.<\/p>\n<p style=\"text-align: justify;\">\u00c7al\u0131\u015fma ve Sosyal G\u00fcvenlik Bakan\u0131 \u00d6mer Din\u00e7er, ge\u00e7en y\u0131l Manisa\u2019ya g\u00f6nderilen 10 milyon TL\u2019lik \u00f6dene\u011fin bu y\u0131l biraz artt\u0131r\u0131laca\u011f\u0131n\u0131 s\u00f6ylemi\u015fti:\u201cH\u00fck\u00fcmet olarak insanlar\u0131m\u0131z\u0131 ma\u011fdur etmeyece\u011fimizi defalarca s\u00f6yledik. Sosyal huzuru korumak i\u00e7in elimizden geleni yap\u0131yoruz. Romanlar\u2019la ilgili sorunlar\u0131n da diyalog i\u00e7inde \u00e7\u00f6z\u00fcld\u00fc\u011f\u00fcn\u00fc biliyorum. \u0130\u015fse i\u015f, a\u015fsa a\u015f vermeye haz\u0131r\u0131z.\u201c<\/p>\n<p style=\"text-align: justify;\">Ba\u015fbakan Recep Tayip Erdo\u011fan da \u0130stanbul\u2019da Romanlar\u0131n g\u00f6bek att\u0131\u011f\u0131 sevin\u00e7 g\u00f6sterileri aras\u0131nda ger\u00e7ekle\u015ftirilen Roman A\u00e7\u0131l\u0131m\u0131\u2019nda TOK\u0130\u2019den toplu konut projesi s\u00f6z\u00fc vermi\u015fti: \u201cBen art\u0131k Roman karde\u015fimi \u00e7ad\u0131rlarda, derme \u00e7atma binalarda g\u00f6rmek istemiyorum. Konutlar\u0131 ayda 100 lira taksitle 20 y\u0131l vadeyle verece\u011fiz.\u201d<\/p>\n<p style=\"text-align: justify;\"><span style=\"color: #888888;\">Kaynak : Serkan OCAK &#8211; <a href=\"http:\/\/www.radikal.com.tr\/Radikal.aspx?aType=RadikalDetay&amp;ArticleID=1020951&amp;Date=27.09.2010&amp;CategoryID=77\" target=\"_blank\">Radikal<\/a><\/span><\/p>\n","protected":false},"excerpt":{"rendered":"<p style=\"text-align: justify;\">\n<p style=\"text-align: justify;\">Selendi&#8217;de lin\u00e7 giri\u015fimiyle kar\u015f\u0131la\u015f\u0131p Salihli&#8217;ye s\u00fcr\u00fclen 21 Roman aile parampar\u00e7a&#8230; Kira yard\u0131m\u0131 kesildi. Babalara i\u015f, \u00e7ocuklara okul s\u00f6z\u00fc unutuldu. \u00c7ocuklar k\u0131\u015fa \u00e7ad\u0131rda giriyor. S\u00fcrg\u00fcn sonras\u0131 Selendi&#8217;deki dostlar\u0131na Radikal arac\u0131l\u0131\u011f\u0131yla selam yollayan S\u00fcleyman Koca \u00fcz\u00fcnt\u00fcden fel\u00e7 oldu .<\/p>\n","protected":false},"author":1,"featured_media":0,"comment_status":"open","ping_status":"closed","sticky":false,"template":"","format":"standard","meta":{"footnotes":""},"categories":[105],"tags":[],"class_list":["post-25919","post","type-post","status-publish","format-standard","hentry","category-gundem","odd"],"_links":{"self":[{"href":"http:\/\/www.korhanyilmaz.com\/index.php?rest_route=\/wp\/v2\/posts\/25919","targetHints":{"allow":["GET"]}}],"collection":[{"href":"http:\/\/www.korhanyilmaz.com\/index.php?rest_route=\/wp\/v2\/posts"}],"about":[{"href":"http:\/\/www.korhanyilmaz.com\/index.php?rest_route=\/wp\/v2\/types\/post"}],"author":[{"embeddable":true,"href":"http:\/\/www.korhanyilmaz.com\/index.php?rest_route=\/wp\/v2\/users\/1"}],"replies":[{"embeddable":true,"href":"http:\/\/www.korhanyilmaz.com\/index.php?rest_route=%2Fwp%2Fv2%2Fcomments&post=25919"}],"version-history":[{"count":0,"href":"http:\/\/www.korhanyilmaz.com\/index.php?rest_route=\/wp\/v2\/posts\/25919\/revisions"}],"wp:attachment":[{"href":"http:\/\/www.korhanyilmaz.com\/index.php?rest_route=%2Fwp%2Fv2%2Fmedia&parent=25919"}],"wp:term":[{"taxonomy":"category","embeddable":true,"href":"http:\/\/www.korhanyilmaz.com\/index.php?rest_route=%2Fwp%2Fv2%2Fcategories&post=25919"},{"taxonomy":"post_tag","embeddable":true,"href":"http:\/\/www.korhanyilmaz.com\/index.php?rest_route=%2Fwp%2Fv2%2Ftags&post=25919"}],"curies":[{"name":"wp","href":"https:\/\/api.w.org\/{rel}","templated":true}]}}