{"id":25913,"date":"2010-09-27T13:49:07","date_gmt":"2010-09-27T10:49:07","guid":{"rendered":"http:\/\/www.korhanyilmaz.com\/?p=25913"},"modified":"2010-09-27T13:49:07","modified_gmt":"2010-09-27T10:49:07","slug":"tugluk-imralida","status":"publish","type":"post","link":"http:\/\/www.korhanyilmaz.com\/?p=25913","title":{"rendered":"Tu\u011fluk \u0130mral\u0131&#8217;da"},"content":{"rendered":"<p style=\"text-align: center;\"><a href=\"http:\/\/www.korhanyilmaz.com\/wp-content\/uploads\/2010\/09\/2071.jpg\"  class=\"lightview\"><img loading=\"lazy\" decoding=\"async\" class=\"aligncenter size-full wp-image-25914\" src=\"http:\/\/www.korhanyilmaz.com\/wp-content\/uploads\/2010\/09\/2071.jpg\" alt=\"\" width=\"410\" height=\"217\" \/><\/a><\/p>\n<p>Ter\u00f6r \u00f6rg\u00fct\u00fc PKK&#8217;n\u0131n eleba\u015f\u0131 Abdullah \u00d6calan&#8217;\u0131n avukatlar\u0131 Aysel Tu\u011fluk, \u0130mral\u0131 Adas\u0131&#8217;na gitmek i\u00e7in Bursa&#8217;n\u0131n Gemlik il\u00e7esine geldi.<\/p>\n<p>GEML\u0130K &#8211; Gemlik Jandarma Komutanl\u0131\u011f\u0131na sabah saatlerinde gelen avukatlar Aysel Tu\u011fluk, Do\u011fan Erba\u015f ve Ayd\u0131n Oru\u00e7, bir s\u00fcre otomobilde bekledi. <!--more--><a href=\"http:\/\/www.korhanyilmaz.com\/wp-content\/uploads\/2010\/09\/2081.jpg\"  class=\"lightview\"><img loading=\"lazy\" decoding=\"async\" class=\"aligncenter size-full wp-image-25915\" src=\"http:\/\/www.korhanyilmaz.com\/wp-content\/uploads\/2010\/09\/2081.jpg\" alt=\"\" width=\"449\" height=\"231\" \/><\/a><\/p>\n<p style=\"text-align: justify;\">Avukatlardan eski DTP Milletvekili Aysel Tu\u011fluk, gazetecilerin sorular\u0131 \u00fczerine, \u0130mral\u0131 Adas\u0131&#8217;ndan d\u00f6n\u00fc\u015fte uygun olursa a\u00e7\u0131klama yapmay\u0131 d\u00fc\u015f\u00fcnd\u00fcklerini s\u00f6yledi.<\/p>\n<p style=\"text-align: justify;\">Tu\u011fluk, g\u00f6r\u00fc\u015fmenin i\u00e7eri\u011fiyle ilgili soruya, &#8221;\u015eu a\u015famada a\u00e7\u0131klama yapmak istemiyorum. Umuyorum \u00fclkemiz i\u00e7in, halklar\u0131m\u0131z i\u00e7in hay\u0131rl\u0131 bir g\u00f6r\u00fc\u015fme olur&#8221; yan\u0131t\u0131n\u0131 verdi.<\/p>\n<p style=\"text-align: justify;\">A\u00e7\u0131klaman\u0131n ard\u0131ndan, i\u015flemlerin yap\u0131lmas\u0131 i\u00e7in \u0130l\u00e7e Jandarma Komutanl\u0131\u011f\u0131na giren avukatlar, daha sonra kendilerini \u0130mral\u0131 Adas\u0131&#8217;na g\u00f6t\u00fcrecek tekneye binmek \u00fczere limana hareket etti.<\/p>\n<p style=\"text-align: justify;\"><span style=\"color: #888888;\">Kaynak : <a href=\"http:\/\/www.gazeteport.com.tr\/SIYASET\/NEWS\/GP_770570\" target=\"_blank\">GAZETEPORT<\/a><\/span><\/p>\n","protected":false},"excerpt":{"rendered":"<p style=\"text-align: center;\">\n<p>Ter\u00f6r \u00f6rg\u00fct\u00fc PKK&#8217;n\u0131n eleba\u015f\u0131 Abdullah \u00d6calan&#8217;\u0131n avukatlar\u0131 Aysel Tu\u011fluk, \u0130mral\u0131 Adas\u0131&#8217;na gitmek i\u00e7in Bursa&#8217;n\u0131n Gemlik il\u00e7esine geldi.<\/p>\n<p>GEML\u0130K &#8211; Gemlik Jandarma Komutanl\u0131\u011f\u0131na sabah saatlerinde gelen avukatlar Aysel Tu\u011fluk, Do\u011fan Erba\u015f ve Ayd\u0131n Oru\u00e7, bir s\u00fcre otomobilde bekledi. <\/p>\n","protected":false},"author":1,"featured_media":0,"comment_status":"open","ping_status":"closed","sticky":false,"template":"","format":"standard","meta":{"footnotes":""},"categories":[105],"tags":[],"class_list":["post-25913","post","type-post","status-publish","format-standard","hentry","category-gundem","odd"],"_links":{"self":[{"href":"http:\/\/www.korhanyilmaz.com\/index.php?rest_route=\/wp\/v2\/posts\/25913","targetHints":{"allow":["GET"]}}],"collection":[{"href":"http:\/\/www.korhanyilmaz.com\/index.php?rest_route=\/wp\/v2\/posts"}],"about":[{"href":"http:\/\/www.korhanyilmaz.com\/index.php?rest_route=\/wp\/v2\/types\/post"}],"author":[{"embeddable":true,"href":"http:\/\/www.korhanyilmaz.com\/index.php?rest_route=\/wp\/v2\/users\/1"}],"replies":[{"embeddable":true,"href":"http:\/\/www.korhanyilmaz.com\/index.php?rest_route=%2Fwp%2Fv2%2Fcomments&post=25913"}],"version-history":[{"count":0,"href":"http:\/\/www.korhanyilmaz.com\/index.php?rest_route=\/wp\/v2\/posts\/25913\/revisions"}],"wp:attachment":[{"href":"http:\/\/www.korhanyilmaz.com\/index.php?rest_route=%2Fwp%2Fv2%2Fmedia&parent=25913"}],"wp:term":[{"taxonomy":"category","embeddable":true,"href":"http:\/\/www.korhanyilmaz.com\/index.php?rest_route=%2Fwp%2Fv2%2Fcategories&post=25913"},{"taxonomy":"post_tag","embeddable":true,"href":"http:\/\/www.korhanyilmaz.com\/index.php?rest_route=%2Fwp%2Fv2%2Ftags&post=25913"}],"curies":[{"name":"wp","href":"https:\/\/api.w.org\/{rel}","templated":true}]}}